{"id":8084,"date":"2021-10-22T02:02:06","date_gmt":"2021-10-22T00:02:06","guid":{"rendered":"https:\/\/collectif-accad.fr\/site\/?p=8084"},"modified":"2021-10-21T15:02:59","modified_gmt":"2021-10-21T13:02:59","slug":"larrete-anti-coupures-denergie-du-maire-nest-pas-respecte","status":"publish","type":"post","link":"https:\/\/collectif-accad.fr\/site\/larrete-anti-coupures-denergie-du-maire-nest-pas-respecte\/","title":{"rendered":"L\u2019arr\u00eat\u00e9 anti coupures d&rsquo;\u00e9nergie du maire n\u2019est pas respect\u00e9"},"content":{"rendered":"<h4 style=\"text-align: left;\"><strong>Cela se passe \u00e0 Avion, dans le Pas-de-Calais<\/strong><\/h4>\n<p><!--more--><\/p>\n<p style=\"text-align: justify;\">D\u00e9but octobre, le maire communiste d\u2019Avion a pris un arr\u00eat\u00e9 municipal interdisant aux fournisseurs de gaz et d&rsquo;\u00e9lectricit\u00e9 de proc\u00e9der \u00e0 des coupures<\/p>\n<ul style=\"text-align: justify;\">\n<li>Le 8 octobre dernier, le maire communiste d\u2019Avion, dans le Pas-de-Calais, a pris un arr\u00eat\u00e9 municipal qui a interdit tout simplement aux fournisseurs d\u2019\u00e9nergie de proc\u00e9der \u00e0 des coupures de gaz ou d\u2019\u00e9lectricit\u00e9 chez les habitants de la commune.<\/li>\n<li>Dans cette ville du Bassin minier, la population est loin de rouler sur l\u2019or et les fins de mois sont souvent difficiles.<\/li>\n<li>Par le pass\u00e9, d\u2019autres maires, souvent communistes, avaient eu plus ou moins de chance en prenant des initiatives comparables.<\/li>\n<\/ul>\n<p style=\"text-align: justify;\">Nul n\u2019est cens\u00e9 ignorer la loi. Le 8 octobre dernier, le maire communiste d\u2019Avion, dans le <a href=\"https:\/\/www.20minutes.fr\/dossier\/pas-de-calais\">Pas-de-Calais<\/a>, a pris un arr\u00eat\u00e9 municipal qui a interdit tout simplement aux <a href=\"https:\/\/www.20minutes.fr\/economie\/2855447-20200907-electricite-et-gaz-la-concurrence-fait-baisser-la-facture\">fournisseurs d\u2019\u00e9nergie<\/a> de proc\u00e9der \u00e0 des coupures de <a href=\"https:\/\/www.20minutes.fr\/dossier\/energie\">gaz ou d\u2019\u00e9lectricit\u00e9<\/a> chez les habitants de la commune. Pour autant, l\u2019arr\u00eat\u00e9, qui n\u2019a pas \u00e9t\u00e9 contest\u00e9 en justice ni annul\u00e9 par le pr\u00e9fet, a d\u00e9j\u00e0 \u00e9t\u00e9 bafou\u00e9 une dizaine de fois.<\/p>\n<p style=\"text-align: justify;\">\u00ab\u00a0Je me doutais bien que les fournisseurs d\u2019\u00e9nergie allaient se presser d\u2019effectuer des coupures avant l\u2019entr\u00e9e en vigueur de la tr\u00eave hivernale\u00a0\u00bb, d\u00e9plore Jean-Marc Tellier, le maire (PCF) d\u2019Avion, pour expliquer l\u2019origine de son arr\u00eat\u00e9 municipal. Dans cette ville du Bassin minier, la population est loin de rouler sur l\u2019or et les fins de mois sont souvent difficiles. \u00ab\u00a0Plus de 70\u00a0% des habitants ne payent pas d\u2019imp\u00f4t\u00a0\u00bb, assure-t-on \u00e0 <em>20 Minutes<\/em>. Alors parfois, les factures d\u2019\u00e9nergie ne sont pas honor\u00e9es en temps et en heure\u00a0:\u00a0\u00ab\u00a0La flamb\u00e9e des prix de l\u2019\u00e9nergie aggrave encore des situations d\u00e9j\u00e0 tr\u00e8s difficiles\u00a0\u00bb, poursuit l\u2019\u00e9lu.<\/p>\n<p style=\"text-align: justify;\"><strong>L\u2019arr\u00eat\u00e9 \u00ab\u00a0est en cours d\u2019\u00e9tude \u00e0 la sous-pr\u00e9fecture\u00a0\u00bb<\/strong><\/p>\n<p style=\"text-align: justify;\">Pour \u00e9viter que ses administr\u00e9s les plus pr\u00e9caires ne se retrouvent dans le noir, le maire a donc d\u00e9cid\u00e9 d\u2019interdire cette possibilit\u00e9. Par le pass\u00e9, d\u2019autres maires, souvent communistes, avaient eu plus ou moins de chance en prenant des initiatives comparables. En 2007, le maire de\u00a0Champigny-sur-Marne avait vu son arr\u00eat\u00e9 anti coupures d\u2019\u00e9lectricit\u00e9, d\u2019eau et de gaz <a href=\"https:\/\/www.lemonde.fr\/societe\/article\/2007\/06\/08\/la-justice-valide-un-arrete-interdisant-les-coupures-d-eau-de-gaz-et-d-electricite_920663_3224.html\">valid\u00e9 par le tribunal de Meulin<\/a>. Pour Avion, faute de d\u00e9cision contraire, le texte est toujours en vigueur. La pr\u00e9fecture du Pas-de-Calais a assur\u00e9 \u00e0 <em>20 Minutes<\/em> que l\u2019arr\u00eat\u00e9 \u00ab\u00a0est en cours d\u2019\u00e9tude \u00e0 la sous-pr\u00e9fecture de Lens\u00a0\u00bb. Nous avons aussi eu confirmation qu\u2019Enedis \u00ab\u00a0n\u2019entend pas d\u00e9poser de recours contre la d\u00e9cision.\u00a0\u00bb<\/p>\n<p style=\"text-align: justify;\">\u00ab\u00a0Cela n\u2019emp\u00eache pas les coupures de se multiplier depuis. On en a encore eu une ce mardi. C\u2019est tellement facile avec le <a href=\"https:\/\/www.20minutes.fr\/economie\/compteur-linky\/\">compteur Linky<\/a>, ils n\u2019ont m\u00eame plus besoin de se d\u00e9placer\u00a0\u00bb, fulmine Jean-Marc Tellier. Il en d\u00e9nombre une dizaine apr\u00e8s l\u2019entr\u00e9e en vigueur de l\u2019arr\u00eat\u00e9. Enedis reconna\u00eet \u00eatre intervenu \u00ab\u00a0\u00e0 la demande de deux\u00a0de ses clients fournisseurs d\u2019\u00e9lectricit\u00e9\u00a0\u00bb, sans les nommer. Il y en a trois en r\u00e9alit\u00e9\u00a0:\u00a0Engie, Eni et Iberdrola France. Pour le premier, l\u2019affaire s\u2019est r\u00e9gl\u00e9e en quelques heures gr\u00e2ce \u00e0 l\u2019intervention du maire. \u00ab\u00a0Avec les fournisseurs historiques, c\u2019est plus facile de discuter parce que l\u2019on a des interlocuteurs. Avec les plateformes, c\u2019est impossible\u00a0\u00bb, affirme l\u2019\u00e9lu communiste.<\/p>\n<p style=\"text-align: justify;\"><strong>\u00ab\u00a0On nous balade de service en service\u00a0\u00bb<\/strong><\/p>\n<p style=\"text-align: justify;\">Ces \u00ab\u00a0plateformes\u00a0\u00bb, ce sont les fournisseurs d\u2019\u00e9nergie exclusivement en ligne. Et parmi eux, le maire en a un particuli\u00e8rement dans le collimateur. \u00ab\u00a0Eni a fait couper le courant \u00e0 au moins cinq\u00a0foyers, sans compter ceux qui ne se d\u00e9clarent pas\u00a0\u00bb, assure Jean-Marc Tellier. La derni\u00e8re en date concerne une personne\u00a0\u00e2g\u00e9e et handicap\u00e9e pour une facture de 50 euros pourtant acquitt\u00e9e\u00a0par ch\u00e8que. \u00ab\u00a0On nous balade de service en service, personne n\u2019est au courant et personne ne peut rien faire\u00a0\u00bb, poursuit-il. Ce fournisseur d\u2019\u00e9nergie est loin de faire l\u2019unanimit\u00e9. Le m\u00e9diateur national de l\u2019\u00e9nergie a confirm\u00e9 \u00e0 <em>20 Minutes<\/em> qu\u2019Eni cumulait le plus grand nombre de litiges en France en 2020\u00a0:\u00a04.156, sur les 27.203 recens\u00e9s, tous op\u00e9rateurs confondus. Contact\u00e9 par <em>20 Minutes<\/em>, Eni n\u2019a pas encore donn\u00e9 suite.<\/p>\n<p style=\"text-align: justify;\">Sur la dizaine de coupures survenues depuis le 8\u00a0octobre, seuls quatre foyers ont pu \u00eatre r\u00e9tablis. Pour appuyer son arr\u00eat\u00e9 et \u00e9viter qu\u2019il ne soit jug\u00e9 ill\u00e9gal par le pr\u00e9fet, Jean-Marc Tellier a lanc\u00e9 une p\u00e9tition de soutien sur Internet. Il a aussi la solution pour qu\u2019un tel texte ne soit plus n\u00e9cessaire\u00a0:\u00a0\u00ab\u00a0r\u00e9duire de 30\u00a0% les taxes sur les \u00e9nergies et renationaliser\u00a0le gaz et l\u2019\u00e9lectricit\u00e9\u00a0\u00bb.<\/p>\n<p style=\"text-align: justify;\"><strong>20 minutes<\/strong><\/p>\n<p style=\"text-align: justify;\">\n","protected":false},"excerpt":{"rendered":"<p>Cela se passe \u00e0 Avion, dans le Pas-de-Calais<\/p>\n","protected":false},"author":4,"featured_media":0,"comment_status":"closed","ping_status":"open","sticky":false,"template":"","format":"standard","meta":{"footnotes":""},"categories":[1],"tags":[],"class_list":["post-8084","post","type-post","status-publish","format-standard","hentry","category-non-classe"],"_links":{"self":[{"href":"https:\/\/collectif-accad.fr\/site\/wp-json\/wp\/v2\/posts\/8084","targetHints":{"allow":["GET"]}}],"collection":[{"href":"https:\/\/collectif-accad.fr\/site\/wp-json\/wp\/v2\/posts"}],"about":[{"href":"https:\/\/collectif-accad.fr\/site\/wp-json\/wp\/v2\/types\/post"}],"author":[{"embeddable":true,"href":"https:\/\/collectif-accad.fr\/site\/wp-json\/wp\/v2\/users\/4"}],"replies":[{"embeddable":true,"href":"https:\/\/collectif-accad.fr\/site\/wp-json\/wp\/v2\/comments?post=8084"}],"version-history":[{"count":2,"href":"https:\/\/collectif-accad.fr\/site\/wp-json\/wp\/v2\/posts\/8084\/revisions"}],"predecessor-version":[{"id":8086,"href":"https:\/\/collectif-accad.fr\/site\/wp-json\/wp\/v2\/posts\/8084\/revisions\/8086"}],"wp:attachment":[{"href":"https:\/\/collectif-accad.fr\/site\/wp-json\/wp\/v2\/media?parent=8084"}],"wp:term":[{"taxonomy":"category","embeddable":true,"href":"https:\/\/collectif-accad.fr\/site\/wp-json\/wp\/v2\/categories?post=8084"},{"taxonomy":"post_tag","embeddable":true,"href":"https:\/\/collectif-accad.fr\/site\/wp-json\/wp\/v2\/tags?post=8084"}],"curies":[{"name":"wp","href":"https:\/\/api.w.org\/{rel}","templated":true}]}}