{"id":8081,"date":"2021-10-21T02:14:17","date_gmt":"2021-10-21T00:14:17","guid":{"rendered":"https:\/\/collectif-accad.fr\/site\/?p=8081"},"modified":"2021-10-20T09:16:47","modified_gmt":"2021-10-20T07:16:47","slug":"loi-drone-2","status":"publish","type":"post","link":"https:\/\/collectif-accad.fr\/site\/loi-drone-2\/","title":{"rendered":"Loi \u00ab\u00a0drone 2\u00a0\u00bb"},"content":{"rendered":"<h4 style=\"text-align: left;\"><strong>49 organisations contre cette loi<\/strong><\/h4>\n<p><!--more--><\/p>\n<p style=\"text-align: justify;\"><strong>Avec 49 organisations, nous publions cette lettre ouverte contre la loi \u00ab\u00a0drone 2\u00a0\u00bb, actuellement <a href=\"http:\/\/www.senat.fr\/espace_presse\/actualites\/202110\/responsabilite_penale_et_securite_interieure.html\">d\u00e9battue<\/a> par les s\u00e9nateurs. Relire notre analyse\u00a0: <\/strong><\/p>\n<p style=\"text-align: justify;\"><strong><a href=\"https:\/\/www.laquadrature.net\/2021\/09\/23\/la-loi-drones-2-est-docilement-adoptee-par-lassemblee\/\">https:\/\/www.laquadrature.net\/2021\/09\/23\/la-lo<\/a> <\/strong><\/p>\n<p style=\"text-align: justify;\"><strong>Nous invitons vos organisations \u00e0 signer notre lettre en nous \u00e9crivant \u00e0<\/strong><\/p>\n<p style=\"text-align: justify;\"><strong> <a href=\"mailto:contact@laquadrature.net\">contact@laquadrature.net<\/a> \u00a0(objet : \u00ab\u00a0signature lettre ouverte drone 2\u00a0\u00bb) <\/strong><\/p>\n<p style=\"text-align: justify;\"><strong>et en diffusant cette lettre sur vos sites et r\u00e9seaux. Merci beaucoup\u00a0!<\/strong><\/p>\n<p style=\"text-align: justify;\">\n<p style=\"text-align: justify;\"><strong>Lettre ouverte contre la loi \u00ab\u00a0Drone 2\u00a0\u00bb<\/strong><\/p>\n<p style=\"text-align: justify;\">Le gouvernement est de retour pour autoriser les syst\u00e8mes de surveillance qui, d\u2019abord pr\u00e9vus dans la loi S\u00e9curit\u00e9 globale, avaient \u00e9t\u00e9 censur\u00e9s par le Conseil constitutionnel en mai 2021. Cette nouvelle loi \u00ab\u00a0relative \u00e0 la responsabilit\u00e9 p\u00e9nale et \u00e0 la s\u00e9curit\u00e9 int\u00e9rieure\u00a0\u00bb, a d\u00e9j\u00e0 \u00e9t\u00e9 adopt\u00e9e par l\u2019Assembl\u00e9e nationale le 23 septembre dernier. Le S\u00e9nat l\u2019examinera <strong>le 18 octobre<\/strong>. Il doit la rejeter\u00a0: contrairement \u00e0 ce que pr\u00e9tend le gouvernement, ces syst\u00e8mes de surveillance nuiront tant \u00e0 notre libert\u00e9 qu\u2019\u00e0 notre s\u00e9curit\u00e9, d\u00e8s lors qu\u2019ils organisent <strong>l\u2019escalade technologique des violences polici\u00e8res<\/strong>.<\/p>\n<p style=\"text-align: justify;\">Les articles 8 et 9 autoriseront la <strong>surveillance par drone<\/strong>, h\u00e9licopt\u00e8re et voiture. Depuis plus d\u2019un an, la police d\u00e9ploie ill\u00e9galement des drones pour nous surveiller, malgr\u00e9 deux interdictions du Conseil d\u2019\u00c9tat, une sanction de la CNIL et une censure du Conseil constitutionnel. Les drones sont inutiles aux actions de m\u00e9diation, d\u2019apaisement et de dialogue avec la population. Ce sont des outils d\u00e9multipliant les capacit\u00e9s de surveillance et de contr\u00f4le, qui facilitent avant tout les interventions violentes de la police, notamment en manifestation afin de dissuader les militant\u00b7es d\u2019exercer leurs libert\u00e9s de r\u00e9union et d\u2019expression politique.<\/p>\n<p style=\"text-align: justify;\">L\u2019article 7 autorisera la <strong>vid\u00e9osurveillance des cellules de garde-\u00e0-vue<\/strong>. Le gouvernement pr\u00e9tend agir pour \u00ab\u00a0diminuer les risques de suicide, d\u2019automutilation, d\u2019agression\u00a0\u00bb, comme s\u2019il se souciait soudainement du bien-\u00eatre des personnes qu\u2019il r\u00e9prime. Plut\u00f4t que de prot\u00e9ger les personnes arr\u00eat\u00e9es, il s\u2019agira de renforcer les pressions et violences psychologiques caus\u00e9es contre elles par l\u2019enfermement et une surveillance de chaque instant sans aucune garantie ni limitation s\u00e9rieuse.<\/p>\n<p style=\"text-align: justify;\">L\u2019article 16 autorisera la police \u00e0 recourir \u00e0 la <strong>violence physique pour obtenir les empreintes digitales et la photographie<\/strong> des personnes suspect\u00e9es d\u2019avoir commis une infraction punissable d\u2019au moins trois ans de prison. Cette violence pourra s\u2019exercer <strong>contre des enfants de 13 ans<\/strong>, pour peu que la police les suspecte d\u2019avoir commis une infraction punissable de cinq ans de prison. Les empreintes et photos ainsi obtenues pourront \u00eatre recoup\u00e9es avec les fichiers de police existants, notamment par reconnaissance faciale.<\/p>\n<p style=\"text-align: justify;\">Cette loi organise un monde o\u00f9 les d\u00e9veloppements technologiques renforcent et justifient les violences que la police peut exercer contre la population. Cette escalade de la violence ne repose sur aucun besoin objectif qui serait soutenu par des \u00e9tudes ou des chiffres concrets. Elle ne semble viser qu\u2019au <strong>d\u00e9veloppement d\u2019un \u00c9tat policier<\/strong> qui, une fois en place, ne s\u2019encombrera pas des limites que le droit aurait tent\u00e9 de lui poser.<\/p>\n<p style=\"text-align: justify;\">Les quatre interdictions rendue l\u2019an dernier n\u2019ont pas emp\u00each\u00e9 la police de d\u00e9ployer des drones\u00a0: \u00a0Le Canard Encha\u00een\u00e9, 11 ao\u00fbt 2021 -Le pr\u00e9fet de police viole l\u2019espace a\u00e9rien, Didier Hassoux\u00a0: <a href=\"https:\/\/www.laquadrature.net\/wp-content\/uploads\/sites\/8\/2021\/10\/Capture-decran-de-2021-10-09-13-25-21.png\">Capture<\/a>.<\/p>\n<p style=\"text-align: justify;\"><strong>Pour ces raisons, l\u2019ensemble de ces mesures doivent \u00eatre rejet\u00e9es.<\/strong><\/p>\n<p style=\"text-align: justify;\">\n<p style=\"text-align: justify;\">Ces dispositifs de surveillance ne sont pas les seuls dans cette loi susceptible de poser bien d\u2019autres probl\u00e8mes, pour aller plus loin\u00a0:<\/p>\n<ul style=\"text-align: justify;\">\n<li><a href=\"https:\/\/www.syndicat-magistrature.fr\/notre-action\/justice-penale\/2472-observations-detaillees-sur-le-projet-de-loi-responsabilite-penale-et-securite-interieure.html\">analyse de l\u2019ensemble de la loi par le Syndicat de la Magistrature<\/a><\/li>\n<li><a href=\"http:\/\/lesaf.org\/wp-content\/uploads\/2021\/09\/SAF-Pj-loi-securite%CC%81-inte%CC%81rieure.pdf\">analyse de diff\u00e9rents dispositifs de la loi par le Syndicat des Avocats de France<\/a><\/li>\n<li><a href=\"https:\/\/laquadrature.net\/loidrone\">tract et affiche propos\u00e9es par La Quadrature du Net<\/a><\/li>\n<\/ul>\n<p style=\"text-align: justify;\"><strong>\u00a0<\/strong><\/p>\n<p style=\"text-align: justify;\"><strong>Liste des signataires<\/strong><\/p>\n<ul style=\"text-align: justify;\">\n<li><a href=\"https:\/\/collectif-accad.fr\">ACCAD<\/a><\/li>\n<li>L\u2019ACCU 71<\/li>\n<li>Action Citoyenne Environnemental (ACE Hendaye)<\/li>\n<li>Altairis<\/li>\n<li><a href=\"https:\/\/www.amisdelaterre.org\/\">Les Amis de la Terre France<\/a><\/li>\n<li><a href=\"https:\/\/antanak.com\/\">Antanak<\/a><\/li>\n<li>Anv-Cop 21 Montpellier<\/li>\n<li><a href=\"https:\/\/www.aquilenet.fr\/\">Aquilanet<\/a><\/li>\n<li>Association R\u00e9sistance 5G Nantes<\/li>\n<li><a href=\"https:\/\/www.marsnet.org\/\">Assodev-Marsnet<\/a><\/li>\n<li><a href=\"https:\/\/france.attac.org\/\">ATTAC<\/a><\/li>\n<li>Cercle nantais pour une social-\u00e9cologie critique<\/li>\n<li>Cliss XXI \u2014 Citoyenne et Libre Informatique Sociale et Solidaire<\/li>\n<li><a href=\"https:\/\/www.clubpresse.org\/\">Le Club de la presse Occitanie<\/a><\/li>\n<li>CNPSE<\/li>\n<li><a href=\"http:\/\/www.cnt-f.org\/cnt09\/\">CNT 09<\/a><\/li>\n<li>COAGUL<\/li>\n<li>Collectif 44 Nantes contre Linky<\/li>\n<li>Collectif anti-cam\u00e9ra de Foix<\/li>\n<li>Collectif Attention<\/li>\n<li>Collectif de r\u00e9flexion citoyenne sur les cam\u00e9ras de Marcillac<\/li>\n<li>Collectif <a href=\"https:\/\/nouspersonne.fr\/\">Nous Personne<\/a><\/li>\n<li>Collectif Nantes1 anti-Linky5G<\/li>\n<li>Collectif Sa\u00f4ne-Beaujolais Stop Linky-5G<\/li>\n<li>Collectif Stoplinky des Olonnes<\/li>\n<li>Collectif stop linky datagaz et 5 G de Bordeaux m\u00e9tropole<\/li>\n<li>Collectif Vallon d\u2019information sur les objets connect\u00e9s<\/li>\n<li><a href=\"https:\/\/www.droitaulogement.org\">DAL- Droit au Logement<\/a><\/li>\n<li>Faucheurs volontaires d\u2019OGM, Bretagne<\/li>\n<li><a href=\"https:\/\/www.faucheurs-volontaires.fr\/\">Les Faucheurs Volontaires d\u2019OGM<\/a><\/li>\n<li><a href=\"https:\/\/www.fdn.fr\/\">FDN<\/a><\/li>\n<li><a href=\"https:\/\/www.fnlp.fr\/\">F\u00e9d\u00e9ration nationale de la Libre Pens\u00e9e<\/a><\/li>\n<li><a href=\"https:\/\/www.hadoly.fr\/\">Hadoly<\/a><\/li>\n<li><a href=\"http:\/\/halteaucontrolenumerique.fr\/index.php\/contact\/\">Halte au contr\u00f4le num\u00e9rique<\/a><\/li>\n<li><a href=\"https:\/\/www.illyse.net\">Illyse<\/a><\/li>\n<li><a href=\"https:\/\/indiehosters.net\/\">IndieHosters<\/a><\/li>\n<li><a href=\"https:\/\/lqdn.fr\">La Quadrature du Net<\/a><\/li>\n<li>Optogram, d\u2019Alsace R\u00e9seau Neutre<\/li>\n<li>Peps pour une \u00e9cologie populaire et sociale<\/li>\n<li>PRIMCODE \u2013 Sarl Marseille<\/li>\n<li><a href=\"https:\/\/cause-commune.fm\/\">Radio Cause Commune<\/a> (Paris 93.1 FM)<\/li>\n<li><a href=\"https:\/\/colibris-wiki.org\/revlibre\/?PagePrincipale\">RevLibre<\/a><\/li>\n<li><a href=\"https:\/\/snj.fr\/\">Syndicat National des Journalistes<\/a><\/li>\n<li><a href=\"https:\/\/snjcgt.fr\/\">SNJ-CGT<\/a><\/li>\n<li><a href=\"https:\/\/solidairesinformatique.org\/\">Solidaires Informatique<\/a><\/li>\n<li>Stop Linky 5G Loire<\/li>\n<li>STOP LINKY COMTAT VENTOUX<\/li>\n<li>StopLinky66<\/li>\n<li><a href=\"https:\/\/www.syndicat-magistrature.fr\/\">Syndicat de la Magistrature<\/a><\/li>\n<li><a href=\"https:\/\/tknpl.fr\">Technopolice<\/a><\/li>\n<li>Touraine Data Network<\/li>\n<li><a href=\"https:\/\/solidaires.org\/\">Union syndicale Solidaires<\/a><\/li>\n<\/ul>\n<p style=\"text-align: justify;\"><a href=\"https:\/\/www.laquadrature.net\/2021\/10\/19\/46-organisations-contre-la-loi-drone-2\/\">https:\/\/www.laquadrature.net\/2021\/10\/19\/46-o<\/a><\/p>\n<p style=\"text-align: justify;\">** **<\/p>\n<p style=\"text-align: left;\"><strong>Non \u00e0 la surveillance de masse et aux drones policiers\u00a0!<\/strong><\/p>\n<p style=\"text-align: justify;\">La \u00ab\u00a0loi relative \u00e0 la responsabilit\u00e9 p\u00e9nale et \u00e0 la s\u00e9curit\u00e9 int\u00e9rieure\u00a0\u00bb &#8211; qui vise notamment \u00e0 l\u00e9galiser les drones policiers &#8211; est actuellement \u00ab\u00a0<em>discut\u00e9e<\/em>\u00a0\u00bb au S\u00e9nat (du 18 au 20\u00a0octobre). Un projet de directive sur l\u2019\u00ab\u00a0<em>intelligence<\/em>\u00a0\u00bb artificielle, qui pourrait servir \u00e0 l\u00e9galiser la reconnaissance faciale automatis\u00e9e et permanente, est en pr\u00e9paration par l\u2019UE. Et d\u2019autres initiatives vont dans le m\u00eame sens.<\/p>\n<p style=\"text-align: justify;\">Nous soutenons, dans la Loire, l\u2019action nationale de La Quadrature du Net par des actions sp\u00e9cifiques\u00a0: participation \u00e0 la manif anti-pass du 16\u00a0octobre \u00e0 Saint-\u00c9tienne avec nos tracts (support d\u2019\u00e9changes avec les visiteurs de la f\u00eate du livre), panneaux (voir photo), co-signature de la <a href=\"https:\/\/www.laquadrature.net\/2021\/10\/19\/46-organisations-contre-la-loi-drone-2\/\">lettre ouverte de La Quadrature<\/a>, et envois de mails en nombre aux s\u00e9nateurs et s\u00e9natrices, aux d\u00e9put\u00e9.e.s.<\/p>\n<p style=\"text-align: justify;\">\u00ab\u00a0<em>Ne doutez jamais qu\u2019un petit groupe de gens r\u00e9fl\u00e9chis et engag\u00e9s puisse changer le monde. En fait, c\u2019est toujours comme cela que \u00e7a s\u2019est pass\u00e9<\/em>\u00a0\u00bb. (Margaret Mead)<\/p>\n<p style=\"text-align: justify;\">\n<p style=\"text-align: justify;\"><strong>Texte du tract distribu\u00e9<\/strong><\/p>\n<p style=\"text-align: justify;\">Profitant de la situation exceptionnelle et de l\u2019\u00e9tat de sid\u00e9ration de la population, le gouvernement nous assomme de textes de loi faisant la part belle \u00e0 de multiples technologies s\u00e9curitaires\u00a0:<\/p>\n<ol style=\"text-align: justify;\">\n<li><strong> La loi nomm\u00e9e \u00ab\u00a0<em>Responsabilit\u00e9 p\u00e9nale et s\u00e9curit\u00e9 int\u00e9rieure<\/em>\u00bb, dite loi drone<\/strong><br \/>\nElle pr\u00e9voit l\u2019autorisation de filmer en continu les personnes gard\u00e9es \u00e0 vue, autorise l\u2019utilisation des drones policiers en manifestation et aux fronti\u00e8res ainsi que le traitement a posteriori des images par recoupement avec des bases de donn\u00e9es (TAJ), donc la reconnaissance faciale.<\/li>\n<li><strong> Le rapport de Jean-Michel Mis sur \u00ab\u00a0<em>un usage responsable et accceptable par la soci\u00e9t\u00e9 des technologies de s\u00e9curit\u00e9<\/em>\u00bb<\/strong><br \/>\nD\u00e9but septembre, Jean-Michel Mis, d\u00e9put\u00e9 LREM de la Loire, a rendu un rapport qui promeut les drones et la reconnaissance faciale en vue des \u00e9v\u00e9nements sportifs de 2023 et 2024.<\/li>\n<li><strong> Un projet de r\u00e8glement sur l\u2019Intelligence artificielle de l\u2019Union europ\u00e9enne<\/strong><br \/>\nCelui-ci a \u00e9t\u00e9 pr\u00e9sent\u00e9 par Margrethe Vestager au printemps. Il met en danger les protections l\u00e9gales offertes par le droit europ\u00e9en (RGPD) et ouvre la porte au d\u00e9ploiement de la reconnaissance faciale dans l\u2019espace public.<\/li>\n<li><strong> Le passe sanitaire et les cartes d\u2019identit\u00e9 avec QR codes<\/strong><br \/>\nLe passe sanitaire d\u00e9s-anonymise les donn\u00e9es de sant\u00e9 et participe \u00e0 la mise en place d\u2019un r\u00e9gime d\u2019auto-surveillance et de discrimination faisant \u00e9cho au cr\u00e9dit social chinois.<br \/>\nSon code 2D est exactement le m\u00eame que celui des nouvelles cartes d\u2019identit\u00e9. Ce code \u00ab\u00a0<em>facilitera le tra\u00e7age constant et \u00e0 une grande \u00e9chelle de toute personne pr\u00e9sentant sa carte d\u2019idendit\u00e9<\/em>\u00bb d\u2019apr\u00e8s la Quadrature du Net.<\/li>\n<li><strong> La reconnaissance faciale d\u00e9j\u00e0 dans notre r\u00e9gion\u00a0!<\/strong><br \/>\nLaurent Wauquiez est en train de mettre en place un syst\u00e8me de reconnaissance faciale dans les TER de la r\u00e9gion Auvergne-Rh\u00f4nes-Alpes. Il ne cache pas son ambition de passer \u00e0 un syst\u00e8me de contr\u00f4le en temps r\u00e9el (reconnaissance faciale \u00e0 la chinoise).<\/li>\n<\/ol>\n<h5 style=\"text-align: justify;\">Ensemble mettons fin \u00e0 l\u2019escalade s\u00e9curitaire\u00a0!<\/h5>\n<p style=\"text-align: justify;\">\n<p style=\"text-align: justify;\">P.-S.<\/p>\n<p style=\"text-align: justify;\">Halte au contr\u00f4le num\u00e9rique<br \/>\nSite du collectif\u00a0: <a href=\"http:\/\/halteaucontrolenumerique.fr\">http:\/\/halteaucontrolenumerique.fr<\/a><br \/>\nMail\u00a0: halteaucontrolenumerique chez protonmail.com<\/p>\n<p style=\"text-align: justify;\">\n<p style=\"text-align: justify;\"><a href=\"https:\/\/lenumerozero.info\/NON-A-LA-SURVEILLANCE-DE-MASSE-ET-AUX-DRONES-POLICIERS-5415\">https:\/\/lenumerozero.info\/NON-A-LA-SURVEILLANCE<\/a><\/p>\n<p style=\"text-align: center;\">** **<\/p>\n<p style=\"text-align: justify;\">Ces deux informations proviennent du collectif Stop Linky 5G Loire<\/p>\n<p style=\"text-align: justify;\">\n","protected":false},"excerpt":{"rendered":"<p>49 organisations contre cette loi<\/p>\n","protected":false},"author":4,"featured_media":0,"comment_status":"closed","ping_status":"open","sticky":false,"template":"","format":"standard","meta":{"footnotes":""},"categories":[1],"tags":[],"class_list":["post-8081","post","type-post","status-publish","format-standard","hentry","category-non-classe"],"_links":{"self":[{"href":"https:\/\/collectif-accad.fr\/site\/wp-json\/wp\/v2\/posts\/8081","targetHints":{"allow":["GET"]}}],"collection":[{"href":"https:\/\/collectif-accad.fr\/site\/wp-json\/wp\/v2\/posts"}],"about":[{"href":"https:\/\/collectif-accad.fr\/site\/wp-json\/wp\/v2\/types\/post"}],"author":[{"embeddable":true,"href":"https:\/\/collectif-accad.fr\/site\/wp-json\/wp\/v2\/users\/4"}],"replies":[{"embeddable":true,"href":"https:\/\/collectif-accad.fr\/site\/wp-json\/wp\/v2\/comments?post=8081"}],"version-history":[{"count":2,"href":"https:\/\/collectif-accad.fr\/site\/wp-json\/wp\/v2\/posts\/8081\/revisions"}],"predecessor-version":[{"id":8083,"href":"https:\/\/collectif-accad.fr\/site\/wp-json\/wp\/v2\/posts\/8081\/revisions\/8083"}],"wp:attachment":[{"href":"https:\/\/collectif-accad.fr\/site\/wp-json\/wp\/v2\/media?parent=8081"}],"wp:term":[{"taxonomy":"category","embeddable":true,"href":"https:\/\/collectif-accad.fr\/site\/wp-json\/wp\/v2\/categories?post=8081"},{"taxonomy":"post_tag","embeddable":true,"href":"https:\/\/collectif-accad.fr\/site\/wp-json\/wp\/v2\/tags?post=8081"}],"curies":[{"name":"wp","href":"https:\/\/api.w.org\/{rel}","templated":true}]}}