{"id":8075,"date":"2021-10-25T02:10:44","date_gmt":"2021-10-25T00:10:44","guid":{"rendered":"https:\/\/collectif-accad.fr\/site\/?p=8075"},"modified":"2021-10-20T09:14:02","modified_gmt":"2021-10-20T07:14:02","slug":"comment-commencer-a-se-sortir-du-numerique","status":"publish","type":"post","link":"https:\/\/collectif-accad.fr\/site\/comment-commencer-a-se-sortir-du-numerique\/","title":{"rendered":"Comment commencer \u00e0 se sortir du num\u00e9rique\u00a0?"},"content":{"rendered":"<p style=\"text-align: justify;\"><strong>Une compilation du collectif Vallon<\/strong><\/p>\n<p><!--more--><\/p>\n<p>&nbsp;<\/p>\n<p style=\"text-align: justify;\"><strong>Num\u00e9rique \u00e9ducatif\u00a0<\/strong><\/p>\n<ul style=\"text-align: justify;\">\n<li>Nous sommes tr\u00e8s heureux de vous donner rendez-vous le jeudi 21 octobre \u00e0 18h30 au Cari\u00f1o, un caf\u00e9-librairie situ\u00e9 21 rue du Chalet dans le 10\u00e8me \u00e0 Paris,\u00a0\u00e0 l\u2019occasion de\u00a0<a href=\"http:\/\/9tqt.mjt.lu\/lnk\/AV0AAA4T8eoAAchnz5wAALFe0QAAAAAc7YoAm8ioAAwqMwBhXXv3Yoho3JsuRl-EiouSCOxVwgAMM_Y\/1\/F9cu9kE5hB-zdI7kqwv5oQ\/aHR0cHM6Ly93d3cuZWRpdGlvbnNwb2ludHMuY29tL291dnJhZ2UvbGUtZGVzYXN0cmUtZGUtbC1lY29sZS1udW1lcmlxdWUtcGhpbGlwcGUtYmlob3VpeC85NzgyNzU3ODg4ODk2\">la r\u00e9\u00e9dition en poche<\/a>\u00a0du livre\u00a0<em>D\u00e9sastre de\u00a0<strong>l\u2019\u00e9cole<\/strong>\u00a0num\u00e9rique<\/em><\/li>\n<li>\u00ab\u00a0Les \u00e9crans privent le cerveau du tout-petit de ses besoins essentiels<\/li>\n<\/ul>\n<p style=\"text-align: justify;\"><a href=\"https:\/\/www.lamaisondesmaternelles.fr\/article\/les-ecrans-privent-le-cerveau-du-tout-petit-de-ses-besoins-essentiels\">La Maison des Maternelles<\/a><\/p>\n<ul style=\"text-align: justify;\">\n<li>Libre \u00e9ducatif: Alexis Kauffmann, fondateur de Framasoft, rejoint la Direction du num\u00e9rique \u00e0 l\u2019Education nationale<\/li>\n<\/ul>\n<p style=\"text-align: justify;\"><a href=\"https:\/\/www.zdnet.fr\/blogs\/l-esprit-libre\/libre-educatif-alexis-kauffmann-fondateur-de-framasoft-rejoint-la-direction-du-numerique-a-l-education-nationale-39928555.htm\">ZDNet<\/a><\/p>\n<ul style=\"text-align: justify;\">\n<li>Pourquoi s\u2019obstiner \u00e0 num\u00e9riser l\u2019\u00e9cole\u00a0? Par Philippe Bihouix<\/li>\n<\/ul>\n<p style=\"text-align: justify;\"><a href=\"https:\/\/reporterre.net\/Mais-pourquoi-s-obstiner-a-numeriser-l-ecole\">Reporterre<\/a><\/p>\n<ul style=\"text-align: justify;\">\n<li>Lecture de\u00a0\u00ab Failure to disrupt \u00bb de\u00a0Justin Reich\u00a0 les technologies num\u00e9riques ne transformeront pas l\u2019\u00e9ducation<\/li>\n<\/ul>\n<p style=\"text-align: justify;\">Louis Derrac<\/p>\n<p style=\"text-align: justify;\"><strong>Sortir de l\u2019addiction num\u00e9rique\u00a0<\/strong><\/p>\n<ul style=\"text-align: justify;\">\n<li>Aur\u00e9lien Guih\u00e9neuf, Vivez mieux avec vos \u00e9crans ! Pour sortir de l\u2019addiction au num\u00e9rique<\/li>\n<\/ul>\n<p style=\"text-align: justify;\"><a href=\"https:\/\/www.levelesyeux.com\/aurelien-guiheneuf-vivez-mieux-avec-vos-ecrans-pour-sortir-de-laddiction-au-numerique\/\">L\u00e8ve Les Yeux<\/a><\/p>\n<ul style=\"text-align: justify;\">\n<li>Screen time: are Harry and Meghan right to limit it to just 20 minutes?<\/li>\n<\/ul>\n<p style=\"text-align: justify;\"><a href=\"https:\/\/www.theguardian.com\/lifeandstyle\/2021\/sep\/27\/screen-time-are-harry-and-meghan-right-to-limit-it-to-just-20-minutes\">The Guardian<\/a><\/p>\n<ul style=\"text-align: justify;\">\n<li>Pourquoi Snapchat reste le roi incontest\u00e9 des r\u00e9seaux pour les moins de 13 ans<\/li>\n<\/ul>\n<p style=\"text-align: justify;\"><a href=\"https:\/\/www.ladn.eu\/media-mutants\/reseaux-sociaux\/snapchat-premier-reseau-social-enfants\">L\u2019ADN<\/a><\/p>\n<ul style=\"text-align: justify;\">\n<li>Ma vie d\u2019influenceur (Podcast<\/li>\n<\/ul>\n<p style=\"text-align: justify;\"><a href=\"https:\/\/www.franceculture.fr\/emissions\/les-pieds-sur-terre\/les-pieds-sur-terre-emission-du-mercredi-15-septembre-2021\">Les Pieds sur Terre<\/a><\/p>\n<p>&nbsp;<\/p>\n<p style=\"text-align: justify;\"><strong>La grosse semaine de Facebook\u00a0<\/strong><\/p>\n<ul style=\"text-align: justify;\">\n<li>Les fameux Facebook Files<\/li>\n<\/ul>\n<p style=\"text-align: justify;\"><a href=\"https:\/\/www.wsj.com\/articles\/facebook-documents-instagram-teens-11632953840?mod=djemalertNEWS\">Washington Post<\/a><\/p>\n<ul style=\"text-align: justify;\">\n<li>L\u2019audition de Frances Haugen devant le S\u00e9nat am\u00e9ricain<\/li>\n<\/ul>\n<p style=\"text-align: justify;\"><a href=\"https:\/\/www.levelesyeux.com\/audition-de-frances-haugen-devant-le-senat-americain\/\">L\u00e8ve Les Yeux<\/a><\/p>\n<ul style=\"text-align: justify;\">\n<li>Facebook :\u00a0Une lanceuse d\u2019alerte accuse Facebook de \u00ab\u00a0choisir le profit plut\u00f4t que la s\u00e9curit\u00e9\u00a0\u00bb de ses utilisateurs<\/li>\n<\/ul>\n<p style=\"text-align: justify;\"><a href=\"https:\/\/www.lemonde.fr\/pixels\/article\/2021\/10\/03\/facebook-se-defend-d-avoir-contribue-a-l-assaut-du-capitole-le-6-janvier_6096981_4408996.html\">Le Monde<\/a><\/p>\n<ul style=\"text-align: justify;\">\n<li>Millions of people rely on Facebook to get online. The outage left them stranded.<\/li>\n<\/ul>\n<p style=\"text-align: justify;\"><a href=\"https:\/\/www.technologyreview.com\/2021\/10\/05\/1036479\/facebook-global-outage\">MIT Tech Review<\/a><\/p>\n<ul style=\"text-align: justify;\">\n<li>Instagram pour les enfants : le patron de Facebook suspend son projet\u2026 pour le moment<\/li>\n<\/ul>\n<p style=\"text-align: justify;\"><a href=\"https:\/\/www.telerama.fr\/enfants\/instagram-pour-les-enfants-le-patron-de-facebook-suspend-son-projet...-pour-le-moment-6980349.php\">T\u00e9l\u00e9rama<\/a><\/p>\n<ul style=\"text-align: justify;\">\n<li>Et pourtant, la fuite en avant continue\u2026 : Is Facebook leading us on a journey to the metaverse?<\/li>\n<\/ul>\n<p style=\"text-align: justify;\"><a href=\"https:\/\/www.theguardian.com\/technology\/2021\/sep\/26\/is-facebook-leading-us-on-a-journey-to-the-metaverse\">The Guardian<\/a><\/p>\n<p>&nbsp;<\/p>\n<p style=\"text-align: justify;\"><strong>Num\u00e9rique et impact \u00e9cologique\u00a0<\/strong><\/p>\n<ul style=\"text-align: justify;\">\n<li>Recycled plastic won\u2019t solve tech waste\u2019s problem<\/li>\n<\/ul>\n<p style=\"text-align: justify;\"><a href=\"https:\/\/www.theverge.com\/2021\/10\/6\/22712435\/recycling-e-waste-tech-plastic-pollution?utm_campaign=daily-global-08-10-2021&amp;utm_source=email&amp;utm_medium=Daily%20Global%20Edition%20Users&amp;utm_content=Final&amp;utm_term=Daily%20Global%20Edition%20Users\">The Verge<\/a><\/p>\n<ul style=\"text-align: justify;\">\n<li>Une conf\u00e9rence passionnante d\u2019Aurore St\u00e9phan sur<\/li>\n<\/ul>\n<p style=\"text-align: justify;\"><a href=\"https:\/\/www.youtube.com\/watch?v=QW9udH0vwlE\">Under the hood of sustainable IT<\/a><\/p>\n<p style=\"text-align: justify;\">\u00a0Au rythme actuel, nous aurions besoin d\u2019extraire autant de m\u00e9taux dans les 35 prochaines ann\u00e9es que depuis l\u2019Antiquit\u00e9<\/p>\n<ul style=\"text-align: justify;\">\n<li>The big tech quest to find the metals needed for the energy overhaul (<a href=\"https:\/\/www.technologyreview.com\/2021\/08\/11\/1031539\/the-big-tech-quest-to-find-the-metals-needed-for-the-energy-overhaul\/?truid=&amp;utm_source=the_download&amp;utm_medium=email&amp;utm_campaign=the_download.unpaid.engagement&amp;utm_term=&amp;utm_content=10-08-2021&amp;mc_cid=7d8eef32ea\">MIT Tech Review<\/a>)<\/li>\n<li>A l\u2019oppos\u00e9 de tout ce qu\u2019il faudrait faire : Plus addictif, plus rapide, plus efficace, le chinois Shein r\u00e9invente les r\u00e8gles du e-commerce<\/li>\n<\/ul>\n<p style=\"text-align: justify;\"><a href=\"https:\/\/www.ladn.eu\/tech-a-suivre\/appli-addictive-temps-reel-shein-geant-chinois-e-commerce\">L\u2019ADN<\/a><\/p>\n<p>&nbsp;<\/p>\n<p style=\"text-align: justify;\"><strong>Num\u00e9rique et surveillance<\/strong><\/p>\n<ul style=\"text-align: justify;\">\n<li>Le nouveau robot d\u2019Amazon, pour nous surveiller tous<\/li>\n<\/ul>\n<p style=\"text-align: justify;\"><a href=\"https:\/\/www.vice.com\/en\/article\/93ypp8\/leaked-documents-amazon-astro-surveillance-robot-tracking\">Vice<\/a><\/p>\n<ul style=\"text-align: justify;\">\n<li>There\u2019s a Multibillion-Dollar Market for Your Phone\u2019s Location\u00a0Data<\/li>\n<\/ul>\n<p style=\"text-align: justify;\"><a href=\"https:\/\/themarkup.org\/privacy\/2021\/09\/30\/theres-a-multibillion-dollar-market-for-your-phones-location-data?mc_cid=0bf08ee5b7\">The Markup<\/a><\/p>\n<p>&nbsp;<\/p>\n<p style=\"text-align: justify;\"><strong>Num\u00e9rique et monopoles\u00a0<\/strong><\/p>\n<ul style=\"text-align: justify;\">\n<li>The World\u2019s Tech Giants, Compared to the Size of Economies<\/li>\n<\/ul>\n<p style=\"text-align: justify;\"><a href=\"https:\/\/www.visualcapitalist.com\/the-tech-giants-worth-compared-economies-countries\/\">Visual Capitalist<\/a><\/p>\n<ul style=\"text-align: justify;\">\n<li>Monopoles :\u00a0A cheat sheet to all of the antitrust cases against Big Tech in 2021<\/li>\n<\/ul>\n<p style=\"text-align: justify;\"><a href=\"https:\/\/qz.com\/2066217\/a-cheat-sheet-to-all-the-antitrust-cases-against-big-tech-in-2021\">Quartz<\/a><\/p>\n<p>&nbsp;<\/p>\n<p style=\"text-align: justify;\"><strong>Comprendre les h\u00e9ros de la Silicon Valley<\/strong><\/p>\n<ul style=\"text-align: justify;\">\n<li>Peter Thiel\u2019s Origin Story :\u00a0His ideology dominates Silicon Valley. It began to form when he was an angry\u00a0young man.<\/li>\n<\/ul>\n<p style=\"text-align: justify;\"><a href=\"https:\/\/nymag.com\/intelligencer\/article\/peter-thiel-silicon-valley-contrarian-max-chafkin.html\">NYMag<\/a><\/p>\n<ul style=\"text-align: justify;\">\n<li>Max Chafkin on the Inexorable Rise of Peter Thiel<\/li>\n<\/ul>\n<p style=\"text-align: justify;\"><a href=\"https:\/\/podcasts.apple.com\/us\/podcast\/max-chafkin-on-the-inexorable-rise-of-peter-thiel\/id1498270180?i=1000536561904\">Podcast Strictly VC<\/a><\/p>\n<ul style=\"text-align: justify;\">\n<li>Apr\u00e8s \u00ab\u00a0Qui a la plus grande fus\u00e9e ? \u00bb,\u00a0le concours d\u2019ego continue : \u2018You can\u2019t sue your way to the moon\u2019: Elon Musk intensifies Bezos space feud<\/li>\n<\/ul>\n<p style=\"text-align: justify;\"><a href=\"https:\/\/www.theguardian.com\/technology\/2021\/sep\/30\/elon-musk-jeff-bezos-space-feud?mc_cid=0bf08ee5b7&amp;mc_eid=a9ea02bd3a\">The Guardian<\/a><\/p>\n<p style=\"text-align: justify;\"><strong>Work work work : ali\u00e9n\u00e9s au travail\u00a0<\/strong><\/p>\n<ul style=\"text-align: justify;\">\n<li>Workers are putting on pants to return to the office only to be on Zoom all day<\/li>\n<\/ul>\n<p style=\"text-align: justify;\"><a href=\"https:\/\/www.washingtonpost.com\/technology\/2021\/09\/27\/return-to-work-in-person-hybrid\/\">Washington Post<\/a><\/p>\n<ul style=\"text-align: justify;\">\n<li>\u2018Email is a zombie that keeps rising from the dead\u2019: the endless pursuit of Inbox Zero<\/li>\n<\/ul>\n<p style=\"text-align: justify;\"><a href=\"https:\/\/www.theguardian.com\/technology\/2021\/oct\/04\/email-is-a-zombie-that-keeps-rising-from-the-dead-the-endless-pursuit-of-inbox-zero\">The Guardian<\/a><\/p>\n<p>&nbsp;<\/p>\n<p style=\"text-align: justify;\"><strong>Graines de r\u00e9sistances\u00a0<\/strong><\/p>\n<ul style=\"text-align: justify;\">\n<li>Les m\u00e9decins am\u00e9ricains exasp\u00e9r\u00e9s\u00a0: \u00ab\u2009Arr\u00eatez d\u2019aller voir sur Facebook\u2009\u00bb<\/li>\n<\/ul>\n<p style=\"text-align: justify;\"><a href=\"https:\/\/www.lapresse.ca\/international\/2021-10-04\/desinformation-sur-la-covid-19\/les-medecins-americains-exasperes-arretez-d-aller-voir-sur-facebook.php\">La Presse.ca<\/a><\/p>\n<ul style=\"text-align: justify;\">\n<li>Les scientifiques appel\u00e9s \u00e0 battre Facebook \u00e0 son propre jeu<\/li>\n<\/ul>\n<p style=\"text-align: justify;\"><a href=\"https:\/\/www.lapresse.ca\/actualites\/sciences\/2021-09-30\/desinformation\/les-scientifiques-appeles-a-battre-facebook-a-son-propre-jeu.php\">La Presse.ca<\/a><\/p>\n<ul style=\"text-align: justify;\">\n<li>Une nouvelle fronde se l\u00e8ve contre Google \u00e0 l\u2019universit\u00e9<\/li>\n<\/ul>\n<p style=\"text-align: justify;\"><a href=\"https:\/\/www.mediapart.fr\/journal\/france\/031021\/une-nouvelle-fronde-se-leve-contre-google-l-universite?\">Mediapart<\/a><\/p>\n<p style=\"text-align: justify;\">Quoique ce\u00a0<a href=\"https:\/\/twitter.com\/JnSaintrapt\/status\/1441290161967419402\">tweet<\/a>\u2026<\/p>\n<ul style=\"text-align: justify;\">\n<li>Facebook Banned Me for Life Because I Help People Use It Less<\/li>\n<\/ul>\n<p style=\"text-align: justify;\"><a href=\"https:\/\/slate.com\/technology\/2021\/10\/facebook-unfollow-everything-cease-desist.html\">Slate<\/a><\/p>\n<ul style=\"text-align: justify;\">\n<li>Penser le num\u00e9rique, par Hubert Guillaud<\/li>\n<\/ul>\n<p style=\"text-align: justify;\"><a href=\"https:\/\/actu.ionis-group.com\/hubert-guillaud-penser-le-numerique\/\">Ionis Mag<\/a><\/p>\n<ul style=\"text-align: justify;\">\n<li>Critique du quotidien num\u00e9rique, Patrick Cingolani<\/li>\n<\/ul>\n<p style=\"text-align: justify;\"><a href=\"https:\/\/aoc.media\/analyse\/2021\/10\/06\/critique-du-quotidien-numerique\/\">AOC<\/a>, payant.<\/p>\n<p style=\"text-align: justify;\">Sur la collectivisation des plateformes<\/p>\n<p><strong> Autres<\/strong><\/p>\n<ul style=\"text-align: justify;\">\n<li>Du code-barres au QR Code<\/li>\n<\/ul>\n<p style=\"text-align: justify;\"><a href=\"https:\/\/lundi.am\/Du-code-barres-au-QR-Code\">Lundi.am<\/a><\/p>\n<ul style=\"text-align: justify;\">\n<li>Sans transition\u00a0: de nos vies avec et dans les machines du quotidien<\/li>\n<\/ul>\n<p style=\"text-align: justify;\"><a href=\"https:\/\/www.internetactu.net\/2021\/10\/04\/sans-transition-de-nos-vies-avec-et-dans-les-machines-du-quotidien\/\">Internet Actu<\/a><\/p>\n<ul style=\"text-align: justify;\">\n<li>Laureen Ortiz, auteur de \u00abPorn Valley\u00bb : \u00abLe porno ne permet plus de gagner sa vie\u00bb<\/li>\n<\/ul>\n<p style=\"text-align: justify;\"><a href=\"https:\/\/www.leparisien.fr\/laparisienne\/actualites\/laureen-ortiz-auteur-de-porn-valley-consommer-du-porno-ce-n-est-pas-anodin-28-03-2018-7633866.php\">Le Parisien<\/a><\/p>\n<p style=\"text-align: justify;\"><a href=\"mailto:antoinemestrallet@gmail.com\"><em>antoinemestrallet@gmail.com<\/em><\/a><em> ou\u00a0 \u00a0<\/em><a href=\"mailto:yves@levelesyeux.com\"><em>yves@levelesyeux.com<\/em><\/a><\/p>\n","protected":false},"excerpt":{"rendered":"<p>Une compilation du collectif Vallon<\/p>\n","protected":false},"author":4,"featured_media":0,"comment_status":"closed","ping_status":"open","sticky":false,"template":"","format":"standard","meta":{"footnotes":""},"categories":[1],"tags":[],"class_list":["post-8075","post","type-post","status-publish","format-standard","hentry","category-non-classe"],"_links":{"self":[{"href":"https:\/\/collectif-accad.fr\/site\/wp-json\/wp\/v2\/posts\/8075","targetHints":{"allow":["GET"]}}],"collection":[{"href":"https:\/\/collectif-accad.fr\/site\/wp-json\/wp\/v2\/posts"}],"about":[{"href":"https:\/\/collectif-accad.fr\/site\/wp-json\/wp\/v2\/types\/post"}],"author":[{"embeddable":true,"href":"https:\/\/collectif-accad.fr\/site\/wp-json\/wp\/v2\/users\/4"}],"replies":[{"embeddable":true,"href":"https:\/\/collectif-accad.fr\/site\/wp-json\/wp\/v2\/comments?post=8075"}],"version-history":[{"count":2,"href":"https:\/\/collectif-accad.fr\/site\/wp-json\/wp\/v2\/posts\/8075\/revisions"}],"predecessor-version":[{"id":8080,"href":"https:\/\/collectif-accad.fr\/site\/wp-json\/wp\/v2\/posts\/8075\/revisions\/8080"}],"wp:attachment":[{"href":"https:\/\/collectif-accad.fr\/site\/wp-json\/wp\/v2\/media?parent=8075"}],"wp:term":[{"taxonomy":"category","embeddable":true,"href":"https:\/\/collectif-accad.fr\/site\/wp-json\/wp\/v2\/categories?post=8075"},{"taxonomy":"post_tag","embeddable":true,"href":"https:\/\/collectif-accad.fr\/site\/wp-json\/wp\/v2\/tags?post=8075"}],"curies":[{"name":"wp","href":"https:\/\/api.w.org\/{rel}","templated":true}]}}