{"id":8071,"date":"2021-10-23T02:07:21","date_gmt":"2021-10-23T00:07:21","guid":{"rendered":"https:\/\/collectif-accad.fr\/site\/?p=8071"},"modified":"2021-10-20T09:13:28","modified_gmt":"2021-10-20T07:13:28","slug":"32-000-antennes-5g-connectees-en-france","status":"publish","type":"post","link":"https:\/\/collectif-accad.fr\/site\/32-000-antennes-5g-connectees-en-france\/","title":{"rendered":"32 000 antennes 5G connect\u00e9es en France"},"content":{"rendered":"<h4 style=\"text-align: left;\"><strong>Nous exigeons un moratoire ! <\/strong><\/h4>\n<p><!--more--><\/p>\n<p style=\"text-align: justify;\"><strong>Il est aussi possible de se battre pour emp\u00eacher l\u2019installation de ces antennes<\/strong><\/p>\n<p style=\"text-align: center;\">** **<\/p>\n<p style=\"text-align: justify;\">Sans d\u00e9bat ni \u00e9valuation s\u00e9rieuse, la 5G se d\u00e9ploie extr\u00eamement rapidement. Tous les jours, ce sont environ 200 antennes 5G qui sont connect\u00e9es au r\u00e9seau.<\/p>\n<p style=\"text-align: justify;\">Or, selon un rapport du Haut Conseil pour le Climat, la 5G aurait un impact catastrophique sur les \u00e9missions de gaz \u00e0 effet de serre du secteur du num\u00e9rique.<\/p>\n<p style=\"text-align: justify;\"><em>Selon l\u2019intensit\u00e9 du d\u00e9ploiement de la 5G, l\u2019empreinte carbone pourrait cro\u00eetre de 20 \u00e0 55% entre 2020 et 2030.<\/em> Une couverture compl\u00e8te du territoire en 5G d\u2019ici 2030 augmenterait nos \u00e9missions de CO2 de 6,7 millions de tonnes, soit dix fois plus que les \u00e9missions de l\u2019ensemble de l\u2019\u00e9clairage public. Cette cinqui\u00e8me g\u00e9n\u00e9ration de t\u00e9l\u00e9phonie mobile aurait \u00e9galement pour effet d\u2019augmenter notre consommation \u00e9lectrique de 16 \u00e0 40 TWh repr\u00e9sentant entre 3 et 8% de la consommation hexagonale.<\/p>\n<p style=\"text-align: justify;\">Selon l\u2019Agence nationale des fr\u00e9quences, l\u2019arriv\u00e9e de la 5G se traduira par un triplement du nombre d\u2019antennes relais et par une augmentation de pr\u00e8s de 30% du niveau de champs \u00e9lectromagn\u00e9tiques. Le nombre de points atypiques au sein desquels l\u2019exposition est consid\u00e9r\u00e9e comme forte, voire tr\u00e8s forte, pourraient cro\u00eetre de 50%.<\/p>\n<p style=\"text-align: justify;\">Pire, avec la 5G, l\u2019addiction au num\u00e9rique va vraisemblablement s\u2019amplifier. Alors m\u00eame qu\u2019un ado \u00e2g\u00e9 de 13 \u00e0 18 ans passe d\u00e9j\u00e0 6h40 par jour devant un \u00e9cran, il y a fort \u00e0 craindre que l\u2019arriv\u00e9e de la 5G va finir d\u2019entra\u00eener cette g\u00e9n\u00e9ration dans le gouffre num\u00e9rique et ces multiples bulles cognitives.<\/p>\n<p style=\"text-align: justify;\">En moins de 6 mois, ce sont plus de 32 000 antennes relais qui ont \u00e9t\u00e9 d\u00e9ploy\u00e9es sans d\u00e9bat ni \u00e9valuation ! Les maires doivent adopter des moratoires locaux afin d\u2019emp\u00eacher la g\u00e9n\u00e9ralisation de la 5G et de son e-monde<\/p>\n<p style=\"text-align: justify;\"><strong>Message d\u2019Agipourlenvironnement\u00a0 et de Priartem<\/strong><\/p>\n<p style=\"text-align: center;\"><strong>** **<\/strong><\/p>\n<p style=\"text-align: center;\"><strong>Contre les antennes-relais \u00e0 Talence (Gironde)<\/strong><\/p>\n<p style=\"text-align: justify;\">Les repr\u00e9sentants de domofrance et de free mobile n\u2019ont pas convaincu les occupants oppos\u00e9s \u00e0 l\u2019implantation de six antennes-relais sur le toit de l\u2019un des b\u00e2timents.<\/p>\n<p style=\"text-align: justify;\">Chacun a camp\u00e9 sur ses positions, \u00e0 Talence. Une vingtaine de locataires de la r\u00e9sidence Bois d\u2019Arcy, oppos\u00e9s \u00e0 l\u2019implantation de six antennes-relais (dont 3 pour la 3G, 4G et 5G) sur l\u2019un des b\u00e2timents, ont particip\u00e9 \u00e0 une r\u00e9union en pr\u00e9sence d\u2019\u00e9lus, de repr\u00e9sentants de domofrance et de freee mobile.<\/p>\n<p style=\"text-align: justify;\">Ces riverains, en effet, refusent le projet de la soci\u00e9t\u00e9 de t\u00e9l\u00e9phonie free mobile. Ils n\u2019ont toujours pas accept\u00e9 d\u2019avoir appris la nouvelle pendant l\u2019\u00e9t\u00e9 par un simple panneau d\u2019affichage. Ils disent craindre les cons\u00e9quences des champs \u00e9lectromagn\u00e9tiques sur leur sant\u00e9 et esp\u00e8rent que le projet sera abandonn\u00e9.<br \/>\nIls d\u00e9noncent \u00e9galement\u00a0 \u00ab\u00a0une prolif\u00e9ration exponentielles de ces antennes-relais, un manque de mutualisation des op\u00e9rateurs\u00a0\u00bb et souhaitent obtenir de la part de domofrance, via l\u2019agence r\u00e9gionale des fr\u00e9quences (ANFR), une mesure du taux d\u2019exposition actuel au niveau de leur r\u00e9sidence.<\/p>\n<p style=\"text-align: justify;\"><strong>Etat des connaissances<\/strong><\/p>\n<p style=\"text-align: justify;\">L\u2019un des tecniciens mandat\u00e9 par le bailleur a tent\u00e9 de les rassurer\u00a0: \u00ab\u00a0toutes les \u00e9tudes prouvent qu\u2019il n\u2019y a pas de danger r\u00e9el sur la sant\u00e9, en l\u2019\u00e9tat actuel des connaissances\u00a0\u00bb. Il a soulign\u00e9 \u00e9galement que ces antennes \u00e9taient n\u00e9cessaires au fonctionnement des t\u00e9l\u00e9phones mobiles, eux aussi de plus en plus\u00a0 nombreux.<br \/>\nDu c\u00f4t\u00e9 de la mairie qui a autoris\u00e9 ces travaux, Guillaume Hanotin, conseiller municipal en charge de l\u2019urbanisme, a indiqu\u00e9 que ce type de dossier ferait l\u2019objet d\u2019une\u2019 publication en ligne sur le site internet de la ville. \u00ab\u00a0Nous n\u2019avons pas les moyens de nous opposer \u00e0 ce projet d\u2019un point de vue administratif sauf \u00e0 \u00e9voquer des raisons d\u2019urbanisme, plus pr\u00e9cis\u00e9ment d\u2019esth\u00e9tique qui, en l\u2019occurrence, ne se justifie pas puisqu\u2019il est pr\u00e9vu que les antennes soient cach\u00e9es dans de fausses chemin\u00e9es\u00a0\u00bb, a assur\u00e9 l\u2019\u00e9lu.<\/p>\n<p style=\"text-align: justify;\">A noter que le maire a re\u00e7u de la part des opposants au projet une p\u00e9tition comprenant une bonne centaine de signatures.<\/p>\n<p style=\"text-align: justify;\"><strong>\u00a0<\/strong><strong>sudouest.fr<\/strong><\/p>\n","protected":false},"excerpt":{"rendered":"<p>Nous exigeons un moratoire !<\/p>\n","protected":false},"author":4,"featured_media":0,"comment_status":"closed","ping_status":"open","sticky":false,"template":"","format":"standard","meta":{"footnotes":""},"categories":[1],"tags":[],"class_list":["post-8071","post","type-post","status-publish","format-standard","hentry","category-non-classe"],"_links":{"self":[{"href":"https:\/\/collectif-accad.fr\/site\/wp-json\/wp\/v2\/posts\/8071","targetHints":{"allow":["GET"]}}],"collection":[{"href":"https:\/\/collectif-accad.fr\/site\/wp-json\/wp\/v2\/posts"}],"about":[{"href":"https:\/\/collectif-accad.fr\/site\/wp-json\/wp\/v2\/types\/post"}],"author":[{"embeddable":true,"href":"https:\/\/collectif-accad.fr\/site\/wp-json\/wp\/v2\/users\/4"}],"replies":[{"embeddable":true,"href":"https:\/\/collectif-accad.fr\/site\/wp-json\/wp\/v2\/comments?post=8071"}],"version-history":[{"count":1,"href":"https:\/\/collectif-accad.fr\/site\/wp-json\/wp\/v2\/posts\/8071\/revisions"}],"predecessor-version":[{"id":8072,"href":"https:\/\/collectif-accad.fr\/site\/wp-json\/wp\/v2\/posts\/8071\/revisions\/8072"}],"wp:attachment":[{"href":"https:\/\/collectif-accad.fr\/site\/wp-json\/wp\/v2\/media?parent=8071"}],"wp:term":[{"taxonomy":"category","embeddable":true,"href":"https:\/\/collectif-accad.fr\/site\/wp-json\/wp\/v2\/categories?post=8071"},{"taxonomy":"post_tag","embeddable":true,"href":"https:\/\/collectif-accad.fr\/site\/wp-json\/wp\/v2\/tags?post=8071"}],"curies":[{"name":"wp","href":"https:\/\/api.w.org\/{rel}","templated":true}]}}