{"id":8069,"date":"2021-10-26T02:06:18","date_gmt":"2021-10-26T00:06:18","guid":{"rendered":"https:\/\/collectif-accad.fr\/site\/?p=8069"},"modified":"2021-10-21T14:59:13","modified_gmt":"2021-10-21T12:59:13","slug":"compteurs-linky-et-risque-dincendies","status":"publish","type":"post","link":"https:\/\/collectif-accad.fr\/site\/compteurs-linky-et-risque-dincendies\/","title":{"rendered":"Compteurs Linky et risque d&rsquo;incendies"},"content":{"rendered":"<h4 style=\"text-align: left;\"><strong>Le t\u00e9moignage d&rsquo;un technicien d&rsquo;Enedis<\/strong><\/h4>\n<p><!--more--><\/p>\n<p style=\"text-align: justify;\">Les compteurs \u00e9lectriques Linky provoquent-ils des incendies\u00a0? Partout en France, des d\u00e9parts de feu se produisent. Rien \u00e0 voir avec le Linky, r\u00e9pond Enedis. Ce n\u2019est pas l\u2019avis de Philippe Delangle, technicien de l\u2019entreprise depuis 30 ans. Depuis 2019, il alerte sa hi\u00e9rarchie sur ces risques. Faute de r\u00e9sultats, il a fini par porter plainte contre son entreprise. Pour le m\u00e9dia Grand-Format, il a accept\u00e9 de t\u00e9moigner publiquement.<\/p>\n<p style=\"text-align: justify;\"><a href=\"https:\/\/www.youtube.com\/watch?v=Nfkv1rkG3_w\"><strong>https:\/\/www.youtube.com\/watch?v=Nfkv1rkG3_w<\/strong><\/a><\/p>\n<p style=\"text-align: justify;\">\n","protected":false},"excerpt":{"rendered":"<p>Le t\u00e9moignage d&rsquo;un technicien d&rsquo;Enedis<\/p>\n","protected":false},"author":4,"featured_media":0,"comment_status":"closed","ping_status":"open","sticky":false,"template":"","format":"standard","meta":{"footnotes":""},"categories":[1],"tags":[],"class_list":["post-8069","post","type-post","status-publish","format-standard","hentry","category-non-classe"],"_links":{"self":[{"href":"https:\/\/collectif-accad.fr\/site\/wp-json\/wp\/v2\/posts\/8069","targetHints":{"allow":["GET"]}}],"collection":[{"href":"https:\/\/collectif-accad.fr\/site\/wp-json\/wp\/v2\/posts"}],"about":[{"href":"https:\/\/collectif-accad.fr\/site\/wp-json\/wp\/v2\/types\/post"}],"author":[{"embeddable":true,"href":"https:\/\/collectif-accad.fr\/site\/wp-json\/wp\/v2\/users\/4"}],"replies":[{"embeddable":true,"href":"https:\/\/collectif-accad.fr\/site\/wp-json\/wp\/v2\/comments?post=8069"}],"version-history":[{"count":1,"href":"https:\/\/collectif-accad.fr\/site\/wp-json\/wp\/v2\/posts\/8069\/revisions"}],"predecessor-version":[{"id":8070,"href":"https:\/\/collectif-accad.fr\/site\/wp-json\/wp\/v2\/posts\/8069\/revisions\/8070"}],"wp:attachment":[{"href":"https:\/\/collectif-accad.fr\/site\/wp-json\/wp\/v2\/media?parent=8069"}],"wp:term":[{"taxonomy":"category","embeddable":true,"href":"https:\/\/collectif-accad.fr\/site\/wp-json\/wp\/v2\/categories?post=8069"},{"taxonomy":"post_tag","embeddable":true,"href":"https:\/\/collectif-accad.fr\/site\/wp-json\/wp\/v2\/tags?post=8069"}],"curies":[{"name":"wp","href":"https:\/\/api.w.org\/{rel}","templated":true}]}}