{"id":8067,"date":"2021-10-20T02:04:17","date_gmt":"2021-10-20T00:04:17","guid":{"rendered":"https:\/\/collectif-accad.fr\/site\/?p=8067"},"modified":"2021-10-16T07:06:15","modified_gmt":"2021-10-16T05:06:15","slug":"des-senateurs-veulent-la-securite","status":"publish","type":"post","link":"https:\/\/collectif-accad.fr\/site\/des-senateurs-veulent-la-securite\/","title":{"rendered":"Des s\u00e9nateurs veulent la s\u00e9curit\u00e9"},"content":{"rendered":"<h4 style=\"text-align: left;\"><strong>Bien entendu, leur combat se fait au nom de la libert\u00e9\u00a0!<\/strong><\/h4>\n<p><!--more--><\/p>\n<p style=\"text-align: justify;\">\u00a0<strong>RAPPORT D\u2019INFORMATION <\/strong>FAIT <em>au nom de la d\u00e9l\u00e9gation s\u00e9natoriale \u00e0 la prospective\u00a0 sur les <\/em><strong>crises sanitaires <\/strong><em>et <\/em><strong>outils num\u00e9riques <\/strong><em>: <\/em><strong>r\u00e9pondre <\/strong><em>avec <\/em><strong>efficacit\u00e9 <\/strong><em>pour <\/em><strong>retrouver <\/strong><em>nos <\/em><strong>libert\u00e9s<\/strong><em>, <\/em><\/p>\n<p style=\"text-align: justify;\">par Mmes V\u00e9ronique GUILLOTIN (mouvement radical), Christine LAVARDE (LR) et M. Ren\u00e9-Paul SAVARY (LR).<\/p>\n<p style=\"text-align: center;\">** **<\/p>\n<p style=\"text-align: justify;\"><strong>Extraits<\/strong> de \u00ab\u00a0SENAT SESSION ORDINAIRE DE 202062021 \u2013 N\u00b0 673\u00a0; enregistr\u00e9 \u00e0 la Pr\u00e9sidence du S\u00e9nat le 3 juin 2021\u00a0\u00bb<\/p>\n<p style=\"text-align: justify;\">On le voit\u00a0: <strong>les perspectives ouvertes par le recours aux technologiques num\u00e9riques sont immenses, et la crise du Covid-19 n\u2019a donn\u00e9 qu\u2019un avant-go\u00fbt des multiples cas d\u2019usage possibles, \u00e0 court, moyen et long terme.<\/strong><\/p>\n<p style=\"text-align: justify;\">Alors que la pand\u00e9mie de Covid-19 n\u2019est pas termin\u00e9e et qu\u2019il est probable que celle-ci ne soit la derni\u00e8re ni la plus forte, <strong>il serait irresponsable de ne pas saisir de telles possibilit\u00e9s. <\/strong>Les restrictions g\u00e9n\u00e9ralis\u00e9es impos\u00e9es aux libert\u00e9s \u00ab\u00a0physiques\u00a0\u00bb ces derniers mois sont de moins en moins supportables. Elles ne sont ni durables, ni m\u00eame tr\u00e8s efficaces, en comparaison de ce que permettrait un usage plus syst\u00e9matique du num\u00e9rique.<\/p>\n<p style=\"text-align: justify;\"><strong>Le recours au num\u00e9rique permettrait de contr\u00f4ler pr\u00e9cis\u00e9ment le respect des mesures sanitaires, \u00e0 un niveau individuel et en tempe r\u00e9el\u00a0; en contrepartie, les restrictions pourraient \u00eatre cibl\u00e9es sur un faible nombre de personnes, et \u00eatre plus limit\u00e9es dans le temps, tout en ayant une efficacit\u00e9 maximale. Peut-\u00eatre pourrons-nous demain, gr\u00e2ce au num\u00e9rique, retrouver nos libert\u00e9s \u00ab\u00a0physiques\u00a0\u00bb plus vite, ou m\u00eame ne jamais les abandonner, et avoir des pand\u00e9mies sans confinement<\/strong>.<\/p>\n<p style=\"text-align: justify;\">\u2026<\/p>\n<p style=\"text-align: justify;\">Les outils envisageables sont multiples mais, \u00e0 court et moyen terme du moins, les cas d\u2019usage les plus \u00e9vidents concernant <strong>le contr\u00f4le du respect des r\u00e8gles visant \u00e0 limiter la transmission du virus<\/strong> (pass sanitaire, couvre-feu, confinements, quarantaines, etc \u2026), <strong>qui implique de croiser trois types de donn\u00e9es\u00a0; donn\u00e9es d\u2019identification, donn\u00e9es m\u00e9dicales et donn\u00e9es de localisation<\/strong> (des plus intrusives avec le <em>tracking<\/em> GPS, aux plus l\u00e9g\u00e8res et occasionnelles, avec l\u2019acc\u00e8s conditionnel \u00e0 certains lieux, en passant par les donn\u00e9es de localisation relative avec le <em>contact tracking<\/em>).<\/p>\n<p style=\"text-align: justify;\">\u2026<\/p>\n<p style=\"text-align: justify;\">Par exemple, dans le cas d\u2019une \u00e9pid\u00e9mie qui se r\u00e9pand rapidement ou dont la mortalit\u00e9 est tr\u00e8s \u00e9lev\u00e9e, des \u00e9quipes m\u00e9dicales pourraient ainsi <strong>se rendre imm\u00e9diatement au domicile des personnes vuln\u00e9rables (ou dans tout lieu o\u00f9 elles se trouvent<\/strong>), pour les vacciner, les soigner ou encore les mettre en s\u00e9curit\u00e9. Il ne s\u2019agit pas ici d\u2019intervenir aupr\u00e8s de \u00ab\u00a0tous les plus de 65 ans\u00a0\u00bb ou \u00ab\u00a0tous les habitants de telle commune\u00a0\u00bb\u00a0: les croisements de donn\u00e9es et le recours \u00e0 l\u2019intelligence artificielles <strong>rendent en effet possible un ciblage extr\u00eamement fin.<\/strong><\/p>\n<p style=\"text-align: justify;\">Par exemple\u00a0:<\/p>\n<ul style=\"text-align: justify;\">\n<li>En exploitant des <strong>donn\u00e9es g\u00e9n\u00e9tiques<\/strong>, il pourrait \u00eatre possible d\u2019identifier imm\u00e9diatement les personnes r\u00e9ceptives \u00e0 u variant tr\u00e8s rare d\u2019un virus, ou \u00e0 un vaccin ou traitement particulier, et de mobiliser ainsi les ressources m\u00e9dicales de fa\u00e7on beaucoup plus efficiente.<\/li>\n<\/ul>\n<p style=\"text-align: justify;\">Sans aller jusque-l\u00e0, la simple <strong>exploitation automatis\u00e9e du dossier m\u00e9dical<\/strong> de chaque individu d\u2019une population cible pourrait permettre de faire beaucoup\u00a0;<\/p>\n<ul style=\"text-align: justify;\">\n<li>En exploitant les <strong>donn\u00e9es des objets connect\u00e9s<\/strong>, qui pourraient elles aussi \u00eatre accessibles depuis l\u2019espace num\u00e9rique de sant\u00e9, il pourrait \u00eatre possible d\u2019intervenir en amont de l\u2019apparition ou de la d\u00e9gradation des sympt\u00f4mes fi\u00e9vreux, etc \u2026<\/li>\n<li>En exploitant des <strong>donn\u00e9es de mobilit\u00e9<\/strong>, il pourrait \u00eatre possible de positionner les \u00e9quipes (d\u2019information, de test, de vaccination, etc \u2026) <strong>aux bons endroits et aux bons moments<\/strong> pour intervenir aupr\u00e8s d\u2019un maximum de personnes (un <em>hub<\/em> de transport, un rassemblement public, etc \u2026), celles-ci ayant le cas \u00e9ch\u00e9ant \u00e9t\u00e9 pr\u00e9venues en avance.<\/li>\n<\/ul>\n<p style=\"text-align: justify;\">\u2026<\/p>\n<p style=\"text-align: justify;\">Enfin, dans les situations de crise les plus extr\u00eames, les outils num\u00e9riques pourraient permettre d\u2019exercer un contr\u00f4le effectif, exhaustif et en temps r\u00e9el du respect des restrictions pas la population, assorti le cas \u00e9ch\u00e9ant de sanctions dissuasives, et fond\u00e9 sur une exploitation des donn\u00e9es personnelles encore plus d\u00e9rogatoire.<\/p>\n<p style=\"text-align: justify;\"><strong>Ces outils sont les plus efficaces, mais aussi les plus attentatoires aux libert\u00e9s<\/strong> \u2013mais une fois de plus, il serait irresponsable de ne pas au moins les envisager, ne serait-ce que pour se convaincre de tout faire en amont pour le pas en arriver l\u00e0. De nombreux cas d\u2019usages sont possibles, et notamment\u00a0:<\/p>\n<ul style=\"text-align: justify;\">\n<li><strong>Les contr\u00f4les des d\u00e9placements<\/strong>: bracelet \u00e9lectronique pour contr\u00f4ler le respect de la quarantaine, d\u00e9sactivation du pas pour les transports en commun, d\u00e9tection automatique de la plaque d\u2019immatriculation par les radars, portiques de contr\u00f4le dans les magasins, cam\u00e9ras thermiques dans les restaurants, etc \u2026<\/li>\n<li><strong>Les contr\u00f4les de l\u2019\u00e9tat de sant\u00e9, via des objets connect\u00e9s <\/strong>dont l\u2019utilisation serait cette fois-ci obligatoire, et dont les donn\u00e9es seraient exploit\u00e9es \u00e0 des fins de contr\u00f4le\u00a0;<\/li>\n<li><strong>Le contr\u00f4le des fr\u00e9quentations,<\/strong> par exemple aller voir un membre vuln\u00e9rable de sa famille alors que l\u2019on est contagieux\u00a0;<\/li>\n<li><strong>Le contr\u00f4le des transactions, <\/strong>permettant par exemple d\u2019imposer une <strong>amende automatique<\/strong>, de d\u00e9tecter <strong>un achat \u00e0 caract\u00e8re m\u00e9dical (<\/strong>pouvant sugg\u00e9rer soit une contamination, soit un acte de contrebande en p\u00e9riode de p\u00e9nurie), ou <strong>encore la poursuite ill\u00e9gale d\u2019une activit\u00e9 professionnelle <\/strong>(commerce, etc \u2026) en d\u00e9pit des restrictions.<\/li>\n<\/ul>\n<p style=\"text-align: justify;\">\u2026<\/p>\n<p style=\"text-align: justify;\"><strong>Plus la menace sera grande, plu les soci\u00e9t\u00e9s seront pr\u00eates \u00e0 accepter des technologies intrusives, et des restrictions plis fortes \u00e0 leurs libert\u00e9s individuelles \u2013et c\u2019est logique<\/strong>.<\/p>\n<p style=\"text-align: justify;\">Le rapport complet\u00a0:<\/p>\n<p style=\"text-align: justify;\"><a href=\"http:\/\/www.senat.fr\/rap\/r20-673\/r20-6731.pdf\">www.senat.fr\/rap\/r20-673\/r20-6731.pdf<\/a><\/p>\n","protected":false},"excerpt":{"rendered":"<p>Bien entendu, leur combat se fait au nom de la libert\u00e9\u00a0!<\/p>\n","protected":false},"author":4,"featured_media":0,"comment_status":"closed","ping_status":"open","sticky":false,"template":"","format":"standard","meta":{"footnotes":""},"categories":[1],"tags":[],"class_list":["post-8067","post","type-post","status-publish","format-standard","hentry","category-non-classe"],"_links":{"self":[{"href":"https:\/\/collectif-accad.fr\/site\/wp-json\/wp\/v2\/posts\/8067","targetHints":{"allow":["GET"]}}],"collection":[{"href":"https:\/\/collectif-accad.fr\/site\/wp-json\/wp\/v2\/posts"}],"about":[{"href":"https:\/\/collectif-accad.fr\/site\/wp-json\/wp\/v2\/types\/post"}],"author":[{"embeddable":true,"href":"https:\/\/collectif-accad.fr\/site\/wp-json\/wp\/v2\/users\/4"}],"replies":[{"embeddable":true,"href":"https:\/\/collectif-accad.fr\/site\/wp-json\/wp\/v2\/comments?post=8067"}],"version-history":[{"count":1,"href":"https:\/\/collectif-accad.fr\/site\/wp-json\/wp\/v2\/posts\/8067\/revisions"}],"predecessor-version":[{"id":8068,"href":"https:\/\/collectif-accad.fr\/site\/wp-json\/wp\/v2\/posts\/8067\/revisions\/8068"}],"wp:attachment":[{"href":"https:\/\/collectif-accad.fr\/site\/wp-json\/wp\/v2\/media?parent=8067"}],"wp:term":[{"taxonomy":"category","embeddable":true,"href":"https:\/\/collectif-accad.fr\/site\/wp-json\/wp\/v2\/categories?post=8067"},{"taxonomy":"post_tag","embeddable":true,"href":"https:\/\/collectif-accad.fr\/site\/wp-json\/wp\/v2\/tags?post=8067"}],"curies":[{"name":"wp","href":"https:\/\/api.w.org\/{rel}","templated":true}]}}