{"id":8065,"date":"2021-10-19T02:02:01","date_gmt":"2021-10-19T00:02:01","guid":{"rendered":"https:\/\/collectif-accad.fr\/site\/?p=8065"},"modified":"2021-10-16T07:04:13","modified_gmt":"2021-10-16T05:04:13","slug":"robin-des-toits-informe","status":"publish","type":"post","link":"https:\/\/collectif-accad.fr\/site\/robin-des-toits-informe\/","title":{"rendered":"Robin Des Toits informe\u00a0"},"content":{"rendered":"<h4 style=\"text-align: left;\"><strong>Sur la surconsommation, mais aussi sur le CPL, les EHS, la t\u00e9l\u00e9phonie mobile <\/strong><\/h4>\n<p><!--more--><\/p>\n<p style=\"text-align: justify;\">Une info compl\u00e9mentaire sur l\u2019augmentation des tarifs<\/p>\n<p style=\"text-align: center;\"><strong>*<\/strong>* **<\/p>\n<p style=\"text-align: left;\"><strong>Fiche Infos Linky 16 &#8211; Surconsommation, &#8230; (mise \u00e0 jour)<\/strong><\/p>\n<p style=\"text-align: justify;\">Plusieurs raisons expliquent la surconsommation et la surfacturation d&rsquo;\u00e9nergie provoqu\u00e9es par l&rsquo;utilisation du compteur-capteur connect\u00e9 Linky :<br \/>\n<strong>Les principales causes de surfacturation<\/strong><br \/>\n<strong>1.<\/strong> Le compteur peut avoir une d\u00e9faillance du syst\u00e8me de comptage, ph\u00e9nom\u00e8ne de\u0301ja\u0300 constate\u0301.<br \/>\nENEDIS aurait rappel\u00e9 un lot de compteurs SAGEM en raison du\u00a0 manque de fiabilit\u00e9 de leur syst\u00e8me de comptage. Un t\u00e9moignage a \u00e9t\u00e9 rapport\u00e9 concernant un compteur Linky Sagem dont le syst\u00e8me de comptage \u00e9tait d\u00e9faillant (mis en \u00e9vidence par un technicien d\u2019Enedis qui est venu l\u2019\u00e9talonner et l\u2019a finalement remplac\u00e9 par un autre compteur Linky).<br \/>\nVoir en <em>Annexe 1<\/em> le risque conceptuel li\u00e9 \u00e0 l\u2019utilisation d\u2019une bobine Rogowski pour le comptage dans les compteurs communicants, alors que les compteurs classiques comptent selon le principe de l\u2019effet Hall.<br \/>\n<em>(Les photos d\u2019int\u00e9rieur de Linky vues sur le net montrent seulement un shunt en s\u00e9rie sur le fil de phase, \u00e9talonn\u00e9 par abrasion laser.<\/em><br \/>\nLes ampoules LED, basse consommation, et certains appareils ayant une \u00e9lectronique sophistiqu\u00e9e, g\u00e9n\u00e8rent du bruit \u00e9lectrique (harmoniques) et une consommation d\u2019\u00e9nergie r\u00e9active qui pourraient faire <em>bugger<\/em> le syst\u00e8me de comptage des Linky.<br \/>\n<em>Action \u00e0 entreprendre<\/em> <em>: mettre en demeure Enedis de venir v\u00e9rifier et \u00e9talonner le compteur (gratuitement) et, s<\/em>\u2019<em>il est d\u00e9faillant, en exiger le remplacement.<\/em><br \/>\n<strong>La suite\u00a0:<\/strong><\/p>\n<p style=\"text-align: justify;\"><a href=\"https:\/\/www.robindestoits.org\/LES-FICHES-INFO-LINKY-16-Surconsommation-surfacturation-contrats_a3063.html\">https:\/\/www.robindestoits.org\/LES-FICHES-INFO-L<\/a><\/p>\n<p style=\"text-align: center;\">**\u00a0 **<\/p>\n<p style=\"text-align: center;\"><strong>Fiche Infos Linky 15 &#8211; Les filtres du CPL (mise \u00e0 jour)<\/strong><\/p>\n<p style=\"text-align: justify;\">La pose d&rsquo;un filtre doit s&rsquo;envisager dans une situation d&rsquo;urgence et non pr\u00e9ventive.<br \/>\nIl ne s\u2019agit pas d\u2019encourager les gens \u00e0 s\u2019\u00e9quiper de filtres avant d\u2019avoir tent\u00e9 d\u2019\u00e9viter l\u2019\u00e9vitable\u00a0: la pose d\u2019un compteur Linky.<br \/>\nCette situation d\u2019urgence tient par exemple \u00e0 la pr\u00e9sence de Linky dans le voisinage, alors qu\u2019on l\u2019a soi-m\u00eame refus\u00e9, ou \u00e0 un compteur pos\u00e9 abusivement, ou \u00e0 des sympt\u00f4mes physiques ressentis.<br \/>\n<strong>Comment fonctionne un filtre<\/strong> <strong>? <\/strong><br \/>\nSelon le type de filtre, on y trouve ces composants\u00a0:<\/p>\n<ul style=\"text-align: justify;\">\n<li>Un tore en ferrite sur lequel est bobin\u00e9 un fil en cuivre pour constituer une self.<\/li>\n<li>La self a la propri\u00e9t\u00e9 de freiner le passage \u00e0 travers elle des courants \u00e0 fr\u00e9quence \u00e9lev\u00e9e, ceux des pollutions haute fr\u00e9quence circulant sur le r\u00e9seau \u00e9lectrique 230V.<\/li>\n<li>Un condensateur (capacit\u00e9) qui a la propri\u00e9t\u00e9 de \u00ab\u00a0pi\u00e9ger\u00a0\u00bb les courants \u00e0 fr\u00e9quence \u00e9lev\u00e9e de la pollution circulant sur le r\u00e9seau \u00e9lectrique 230V.<\/li>\n<li>Une r\u00e9sistance, composant secondaire permettant de stabiliser ou s\u00e9curiser le fonctionnement du filtre.<\/li>\n<li>Un filtre secteur \u00e9quipant un domicile doit bloquer la circulation de fr\u00e9quences parasites \u00e9lev\u00e9es provenant du r\u00e9seau public pour prot\u00e9ger les fils \u00e9lectriques dans le logement.<\/li>\n<\/ul>\n<p style=\"text-align: justify;\">Le CPL, \u00e0 des fr\u00e9quences entre 35 et 90 kHz, fait partie des signaux tr\u00e8s polluants actuellement identifi\u00e9s.<\/p>\n<p style=\"text-align: justify;\"><strong>La suite\u00a0:<\/strong><\/p>\n<p style=\"text-align: justify;\"><a href=\"https:\/\/www.robindestoits.org\/LES-FICHES-INFOS-LINKY-15-GENERALITES-SUR-LES-FILTRES-DU-CPL-MaJ-10-09-2021_a2983.html\">https:\/\/www.robindestoits.org\/LES-FICHES-INFOS-L<\/a><\/p>\n<p style=\"text-align: center;\">** **<\/p>\n<p style=\"text-align: center;\"><strong>Le P.A.P.E : Plan national d&rsquo;Assistance aux personnes EHS<\/strong><\/p>\n<p style=\"text-align: justify;\">Le plan national d\u2019assistance aux personnes atteintes d\u2019\u00e9lectro-hyper-sensibilit\u00e9 (P.A.P.E) concerne potentiellement 3,5 millions de personnes, selon les derni\u00e8res estimations r\u00e9alis\u00e9es par l\u2019ANSES en 2018.<br \/>\nLa population pr\u00e9sentant les sympt\u00f4mes de l\u2019EHS est diverse : elle regroupe des personnes pr\u00e9sentant une simple sensibilit\u00e9 aux champs \u00e9lectro-magn\u00e9tiques comme des personnes plus gravement atteintes, qui souffrent d\u2019intol\u00e9rance et qui endurent de ce fait une v\u00e9ritable torture quotidienne dans l\u2019anonymat et l\u2019isolement. La diversit\u00e9 des profils de malades doit donc conduire \u00e0 une prise en charge diff\u00e9renci\u00e9e, qui va de la pr\u00e9vention \u00e0 la prise en charge des personnes les plus atteintes.<br \/>\nLa mise en place d\u2019un dispositif national de prise en charge de ces malades environnementaux d\u2019un type nouveau repose sur deux principes : la n\u00e9cessit\u00e9 de leur porter secours et de les prot\u00e9ger compte tenu de l\u2019urgence de la situation et le besoin de les soigner et de veiller \u00e0 leur insertion sanitaire et sociale.<br \/>\nPour respecter ces deux principes, le P.A.P.E s\u2019appuie sur cinq axes, d\u00e9taill\u00e9s en quinze mesures.<\/p>\n<p><strong><em>Tout le d\u00e9tail figure dans la pi\u00e8ce jointe ci-dessous (document pdf) :<\/em> <\/strong><\/p>\n<p style=\"text-align: justify;\"><a href=\"https:\/\/www.robindestoits.org\/attachment\/2200126\/\">https:\/\/www.robindestoits.org\/attachme<\/a><\/p>\n<p style=\"text-align: center;\">** **<\/p>\n<p style=\"text-align: justify;\"><strong>La Federal<\/strong><strong> Communications Commission (FCC) <\/strong><strong>am\u00e9ricaine somm\u00e9e<\/strong><strong> par la cour d\u2019Appel f\u00e9d\u00e9rale du district de Columbia de fournir une explication motiv\u00e9e quant aux normes cens\u00e9es prot\u00e9ger la sant\u00e9 des utilisateurs.<\/strong><\/p>\n<p style=\"text-align: justify;\">ll s&rsquo;agit l\u00e0 d&rsquo;une premi\u00e8re victoire de l&rsquo;association Environmental Health Trust (EHT) et d&rsquo;autres plaignants contre le r\u00e9gulateur des t\u00e9l\u00e9coms am\u00e9ricains, la Federal Communications Commission (FCC).<br \/>\nA quand, en France, un jugement du type de celui de la cour d\u2019Appel f\u00e9d\u00e9rale du district de Columbia ?<\/p>\n<p style=\"text-align: justify;\">Par ce <a href=\"https:\/\/www.cadc.uscourts.gov\/internet\/opinions.nsf\/FB976465BF00F8BD85258730004EFDF7\/$file\/20-1025-1910111.pdf\">jugement<\/a> il a \u00e9t\u00e9 ordonn\u00e9<em> \u00ab\u00a0qu\u2019il soit fait droit en partie aux demandes de r\u00e9examen et que l\u2019affaire soit renvoy\u00e9e \u00e0 la Commission pour qu\u2019elle fournisse une explication motiv\u00e9e de sa d\u00e9cision selon laquelle les lignes directrices prot\u00e8gent ad\u00e9quatement contre les effets nocifs de l\u2019exposition aux rayonnements de radiofr\u00e9quences non li\u00e9s au cancer\u00a0\u00bb.<\/em><br \/>\nDans son <a href=\"https:\/\/www.phonegatealert.org\/communique-justice-americaine-ordonne-fcc-de-sexpliquer-concernant-les-normes-censees-proteger-la-sante-des-utilisateurs-de-telephonie-mobile\">communiqu\u00e9<\/a>, <strong>Alerte Phonegate<\/strong>, dont on connait le r\u00f4le dans l&rsquo;affaire des tromperies concernant le DAS (d\u00e9bit d&rsquo;absorption sp\u00e9cifique) et les relations avec <strong>Environmental Health Trust<\/strong>, cite certaines des motivations du tribunal ainsi que les r\u00e9actions de la pr\u00e9sidente d&rsquo;EHT, Devra Davis :<\/p>\n<p style=\"text-align: justify;\"><em>\u00a0\u00bb Les motivations du tribunal sont encore plus claires qui imposent \u00e0 la FCC de :<\/em><br \/>\n<em>\u00ab\u00a0(i) fournir une explication motiv\u00e9e de sa d\u00e9cision de conserver ses proc\u00e9dures de test pour d\u00e9terminer si les t\u00e9l\u00e9phones cellulaires et autres appareils \u00e9lectroniques portables sont conformes \u00e0 ses lignes directrices,<\/em><\/p>\n<p style=\"text-align: justify;\"><em>(ii) traiter les impacts des rayonnements RF sur les enfants, les cons\u00e9quences pour la sant\u00e9 d\u2019une exposition \u00e0 long terme aux rayonnements RF, l\u2019omnipr\u00e9sence des appareils sans fil et d\u2019autres d\u00e9veloppements technologiques qui ont eu lieu depuis la derni\u00e8re mise \u00e0 jour des lignes directrices de la Commission, et<\/em><br \/>\n<em>(iii) traiter les impacts des rayonnements RF sur l\u2019environnement\u00a0\u00bb.<\/em><br \/>\n<em>De son c\u00f4t\u00e9, la pr\u00e9sidente et fondatrice d\u2019EHT, Devra Davis consid\u00e8re cette d\u00e9cision comme historique ! Voici ce qu\u2019elle \u00e9crit dans son communiqu\u00e9 :<\/em><\/p>\n<p style=\"text-align: justify;\"><em>\u00ab\u00a0Si les t\u00e9l\u00e9phones portables \u00e9taient une drogue, ils auraient \u00e9t\u00e9 interdits il y a des ann\u00e9es. La 5G n\u2019aurait jamais \u00e9t\u00e9 autoris\u00e9e \u00e0 \u00eatre commercialis\u00e9e. Un nombre sans cesse croissant d\u2019\u00e9tudes publi\u00e9es \u2013 ignor\u00e9es par la FCC \u2013 indique clairement que l\u2019exposition aux rayonnements sans fil peut entra\u00eener de nombreux effets sur la sant\u00e9, en particulier chez les enfants. La recherche indique que le rayonnement sans fil augmente le risque de cancer, endommage la m\u00e9moire, alt\u00e8re le d\u00e9veloppement du cerveau, a un impact sur la sant\u00e9 reproductive, et bien plus encore. En outre, la fa\u00e7on dont la FCC mesure notre exposition quotidienne aux rayonnements des t\u00e9l\u00e9phones cellulaires et des tours de t\u00e9l\u00e9phonie cellulaire est fatalement erron\u00e9e et donne un faux sentiment de s\u00e9curit\u00e9.\u00a0\u00bb\u00a0\u00bb<\/em><\/p>\n<p style=\"text-align: justify;\"><em>On peut, sans aucun doute, appliquer les paroles de Devra Davis \u00e0 nos agences, notamment l&rsquo;ANSES (Agence Nationale de S\u00e9curit\u00e9 Sanitaire) qui a par trop tendance \u00e0 se pr\u00e9valoir d&rsquo;une science d\u00e9tourn\u00e9e pour d\u00e9nier les effets non thermiques, ignorant aujourd&rsquo;hui volontairement de tr\u00e8s nombreuses recherches, notamment dans ce qui a pu en \u00eatre lu de la mise en consultation publique de son dernier rapport sur la 5G. On peut \u00e9galement les appliquer aux positions et aux scandaleuses m\u00e9thodes de mesure de l&rsquo;ANFR (Agence nationale des fr\u00e9quences) qui n&rsquo;ont d&rsquo;autre but que d&rsquo;affirmer la faiblesse des niveaux d&rsquo;exposition, comme \u00e9tant largement en dessous des normes. L&rsquo;ANFR se dit par contre agence ind\u00e9pendante, comme le montre par exemple le fait que la directrice adjointe du contr\u00f4le du spectre officiait chez Free comme <\/em>Directrice aux Affaires R\u00e9glementaires et Institutionnelles et aux Relations avec les Collectivit\u00e9s<em>,<\/em>\u00a0 <em>en dernier poste avant cette prise de fonction. Les passerelles sont solides.<\/em><\/p>\n<p style=\"text-align: justify;\"><strong>La suite\u00a0:<\/strong><\/p>\n<p style=\"text-align: justify;\"><a href=\"https:\/\/www.robindestoits.org\/Telephonie-mobile-une-victoire-la-Federal-Communications-Commission-FCC-americaine-sommee-par-la-cour-d-Appel-federale_a3075.html\">https:\/\/www.robindestoits.org\/Telephonie-<\/a><\/p>\n<p style=\"text-align: center;\">** **<\/p>\n<p style=\"text-align: center;\"><strong>Sur l\u2019augmentation des tarifs<\/strong><\/p>\n<p style=\"text-align: justify;\">C&rsquo;est cousu de fil blanc depuis longtemps. La lib\u00e9ralisation de l&rsquo;\u00e9nergie va faire exploser les prix. Les Nord-Am\u00e9ricains le savent tr\u00e8s bien. 85% des Californiens demandent une reprise de l&rsquo;\u00c9tat (californien et f\u00e9d\u00e9ral) sur l&rsquo;\u00e9nergie. Ils n&rsquo;en peuvent plus (ils ont trinqu\u00e9 avec le scandale Iron et la Californie est en train de devenir un d\u00e9sert, en tout cas un grand br\u00fblot en plus des nombreux black-out que nous n&rsquo;avons pas connus, mais qui vont in\u00e9vitablement venir). Beaucoup ont abandonn\u00e9 leur communicant \u00e9lectrique pourtant beaucoup moins intrusif que le n\u00f4tre, bon pour nous et les Chinois. Il faudra que nous revenions sur ce point d&rsquo;ailleurs.<\/p>\n<p style=\"text-align: justify;\">Vu la boursouflure inqui\u00e9tante du monde \u00e9lectronum\u00e9rique &#8211; catastrophe sociale, \u00e9cologique et environnementale &#8211; <strong>l&rsquo;\u00e9nergie doit rester <em>un bien commun<\/em><\/strong><em>. <\/em>Et nous prenons le chemin inverse. Le d\u00e9mant\u00e8lement d&rsquo;EDF est sur ce point inqui\u00e9tant, EDF qui n&rsquo;est pourtant pas sp\u00e9cialement notre amie, mais si on projette sur un horizon imm\u00e9diat, il faudrait le lui signifier, ce qui fut fait avec la p\u00e9tition contre le projet Hercule. La F\u00e9d\u00e9ration Nationale Mines \u00c9nergie est inqui\u00e8te et n&rsquo;est &#8211; depuis le d\u00e9but &#8211; pas si enthousiasm\u00e9e que \u00e7a par le projet Linky. Il faudra appuyer sur ce point-l\u00e0 qui fait mal \u00e0 tous.<\/p>\n<p style=\"text-align: justify;\"><u>Par ailleurs, commence\u00a0 une campagne \u00e9lectorale de petits chevaux de diverses casaques, et il faudra donc interpeller tous les petits chevaux sur cette question cruciale : <\/u><strong>l&rsquo;\u00e9nergie doit rester <em>un bien commun. <\/em>Donc, contre les privatisations du secteur, n&rsquo;en d\u00e9plaise \u00e0 la technocratie bruxelloise et \u00e0 M. Thierry Breton.<\/strong><\/p>\n<p style=\"text-align: justify;\">\n<p style=\"text-align: justify;\">\n<p style=\"text-align: justify;\">\n","protected":false},"excerpt":{"rendered":"<p>Sur la surconsommation, mais aussi sur le CPL, les EHS, la t\u00e9l\u00e9phonie mobile<\/p>\n","protected":false},"author":4,"featured_media":0,"comment_status":"closed","ping_status":"open","sticky":false,"template":"","format":"standard","meta":{"footnotes":""},"categories":[1],"tags":[],"class_list":["post-8065","post","type-post","status-publish","format-standard","hentry","category-non-classe"],"_links":{"self":[{"href":"https:\/\/collectif-accad.fr\/site\/wp-json\/wp\/v2\/posts\/8065","targetHints":{"allow":["GET"]}}],"collection":[{"href":"https:\/\/collectif-accad.fr\/site\/wp-json\/wp\/v2\/posts"}],"about":[{"href":"https:\/\/collectif-accad.fr\/site\/wp-json\/wp\/v2\/types\/post"}],"author":[{"embeddable":true,"href":"https:\/\/collectif-accad.fr\/site\/wp-json\/wp\/v2\/users\/4"}],"replies":[{"embeddable":true,"href":"https:\/\/collectif-accad.fr\/site\/wp-json\/wp\/v2\/comments?post=8065"}],"version-history":[{"count":1,"href":"https:\/\/collectif-accad.fr\/site\/wp-json\/wp\/v2\/posts\/8065\/revisions"}],"predecessor-version":[{"id":8066,"href":"https:\/\/collectif-accad.fr\/site\/wp-json\/wp\/v2\/posts\/8065\/revisions\/8066"}],"wp:attachment":[{"href":"https:\/\/collectif-accad.fr\/site\/wp-json\/wp\/v2\/media?parent=8065"}],"wp:term":[{"taxonomy":"category","embeddable":true,"href":"https:\/\/collectif-accad.fr\/site\/wp-json\/wp\/v2\/categories?post=8065"},{"taxonomy":"post_tag","embeddable":true,"href":"https:\/\/collectif-accad.fr\/site\/wp-json\/wp\/v2\/tags?post=8065"}],"curies":[{"name":"wp","href":"https:\/\/api.w.org\/{rel}","templated":true}]}}