{"id":8050,"date":"2021-10-17T02:28:37","date_gmt":"2021-10-17T00:28:37","guid":{"rendered":"https:\/\/collectif-accad.fr\/site\/?p=8050"},"modified":"2021-10-13T06:29:50","modified_gmt":"2021-10-13T04:29:50","slug":"antennes-relais-que-faire","status":"publish","type":"post","link":"https:\/\/collectif-accad.fr\/site\/antennes-relais-que-faire\/","title":{"rendered":"Antennes-relais, que faire ?"},"content":{"rendered":"<h4 style=\"text-align: left;\"><strong>Un article dans <em>Femme Actuelle Senior<\/em>\u00a0; num\u00e9ro d\u2019octobre 2021 <\/strong><\/h4>\n<p><!--more--><\/p>\n<p style=\"text-align: justify;\">A la suite de l&rsquo;interview de Patrice Goyaud, secr\u00e9taire de Robin des Toits, le mensuel Femme Actuelle Senior a publi\u00e9 cet article qu&rsquo;il a autoris\u00e9 \u00e0 diffuser.<br \/>\nIl faut saluer le professionnalisme de la journaliste Caroline Racap\u00e9 dont l&rsquo;article est fid\u00e8le aux propos de l\u2018interview\u00e9.<\/p>\n<p style=\"text-align: justify;\"><a href=\"https:\/\/www.robindestoits.org\/attachment\/2215137\/\">https:\/\/www.robindestoits.org\/attachme<\/a><\/p>\n<p style=\"text-align: center;\">** **<\/p>\n<p style=\"text-align: justify;\"><strong><em>\u00ab\u00a0Il y a un projet d&rsquo;antenne-relais pr\u00e8s de chez moi, que faire ?\u00a0\u00bb<\/em><\/strong><br \/>\nL\u2019installation de l\u2019\u00e9quipement s\u2019annonce dans le quartier et cela ne vous plait. Freiner l\u2019entreprise est compliqu\u00e9 mais pas impossible. Comment faire\u00a0?<\/p>\n<p style=\"text-align: justify;\"><strong>Regroupez-vous <\/strong><\/p>\n<p style=\"text-align: justify;\">D\u00e8s les premi\u00e8res rumeurs, essayez de convaincre les voisins de monter une association, faites signer des p\u00e9titions et demandez un rendez-vous en mairie pour en savoir plus. Et pourquoi pas, contactez la presse locale.<\/p>\n<p style=\"text-align: justify;\"><strong>Contestez la d\u00e9claration de travaux<\/strong><\/p>\n<p style=\"text-align: justify;\">A l\u2019instar de toute construction, l\u2019implantation d\u2019une antenne-relais n\u00e9cessite une autorisation d\u2019urbanisme sous la forme d\u2019une d\u00e9claration pr\u00e9alable de travaux, comme pour un abri de jardin, que l\u2019op\u00e9rateur est tenu d\u2019afficher en fa\u00e7ade. Les riverains proches subissant un pr\u00e9judice direct \u2013et eux seuls- ont deux mois pour effectuer un recours gracieux aupr\u00e8s de la mairie. Les travaux ont commenc\u00e9\u00a0? Intentez une action \u00ab\u00a0en r\u00e9f\u00e9r\u00e9\u00a0\u00bb pour demander au juge leur interruption en urgence, en attendant son avis sur le fond.<\/p>\n<p style=\"text-align: justify;\"><strong>Ne vous limitez pas aux arguments li\u00e9s \u00e0 la sant\u00e9<\/strong><\/p>\n<p style=\"text-align: justify;\">La justice les rejette souvent, consid\u00e9rant que le risque est insuffisamment av\u00e9r\u00e9. Etayez votre dossier. Les r\u00e8gles du Plan Local d\u2019Urbanisme sont-elles respect\u00e9es en terme de hauteur, de limite d\u2019implantation ou de pourcentage d\u2019espaces verts\u00a0? Parfois on peut invoquer le p\u00e9rim\u00e8tre des monuments historiques ou celui des sites patrimoniaux remarquables, la loi littoral ou l\u2019atteinte port\u00e9e \u00e0 un paysage pr\u00e9serv\u00e9. Le mieux reste de se faire \u00e9pauler par un avocat ou une association (Consommation, Logement et Cadre de Vie ou Robin des toits) car les contentieux en mati-\u00e8re d\u2019urbanisme regorgent de pi\u00e8ge de proc\u00e9dure\u00a0!<\/p>\n<p style=\"text-align: justify;\">\n<p style=\"text-align: justify;\"><strong>Les conseils de l\u2019expert<\/strong><\/p>\n<p style=\"text-align: justify;\">\u00ab\u00a0<em>Si les recours sont \u00e9puis\u00e9s et l\u2019antenne install\u00e9e, demandez r\u00e9paration devant le tribunal judiciaire. Outre l\u2019argument des ondes nocives, soulignez les nuisances visuelle et sonore, et la d\u00e9valorisation de votre bien pour plaider le \u00ab\u00a0trouble anormal de voisinage\u00a0\u00bb. Un couple a ainsi obtenu\u00a0 30\u00a0490 \u20ac du fait de la d\u00e9valorisation de sa maison, 8\u00a0000 \u20ac au titre du trouble de jouissance et 2\u00a0500 \u20ac pour ses frais de justice (cour d\u2019appel de Bordeaux, 20\/09\/2005, 5\u00e8 chambre, 04\/01348\u00a0\u00bb<br \/>\n<\/em><br \/>\n<strong>Patrice Goyaud, secr\u00e9taire de l\u2019association \u00ab\u00a0<em>Robin des Toits \u00bb<\/em><\/strong><\/p>\n","protected":false},"excerpt":{"rendered":"<p>Un article dans Femme Actuelle Senior\u00a0; num\u00e9ro d\u2019octobre 2021<\/p>\n","protected":false},"author":4,"featured_media":0,"comment_status":"closed","ping_status":"open","sticky":false,"template":"","format":"standard","meta":{"footnotes":""},"categories":[1],"tags":[],"class_list":["post-8050","post","type-post","status-publish","format-standard","hentry","category-non-classe"],"_links":{"self":[{"href":"https:\/\/collectif-accad.fr\/site\/wp-json\/wp\/v2\/posts\/8050","targetHints":{"allow":["GET"]}}],"collection":[{"href":"https:\/\/collectif-accad.fr\/site\/wp-json\/wp\/v2\/posts"}],"about":[{"href":"https:\/\/collectif-accad.fr\/site\/wp-json\/wp\/v2\/types\/post"}],"author":[{"embeddable":true,"href":"https:\/\/collectif-accad.fr\/site\/wp-json\/wp\/v2\/users\/4"}],"replies":[{"embeddable":true,"href":"https:\/\/collectif-accad.fr\/site\/wp-json\/wp\/v2\/comments?post=8050"}],"version-history":[{"count":1,"href":"https:\/\/collectif-accad.fr\/site\/wp-json\/wp\/v2\/posts\/8050\/revisions"}],"predecessor-version":[{"id":8051,"href":"https:\/\/collectif-accad.fr\/site\/wp-json\/wp\/v2\/posts\/8050\/revisions\/8051"}],"wp:attachment":[{"href":"https:\/\/collectif-accad.fr\/site\/wp-json\/wp\/v2\/media?parent=8050"}],"wp:term":[{"taxonomy":"category","embeddable":true,"href":"https:\/\/collectif-accad.fr\/site\/wp-json\/wp\/v2\/categories?post=8050"},{"taxonomy":"post_tag","embeddable":true,"href":"https:\/\/collectif-accad.fr\/site\/wp-json\/wp\/v2\/tags?post=8050"}],"curies":[{"name":"wp","href":"https:\/\/api.w.org\/{rel}","templated":true}]}}