{"id":8048,"date":"2021-10-10T06:00:44","date_gmt":"2021-10-10T04:00:44","guid":{"rendered":"https:\/\/collectif-accad.fr\/site\/?p=8048"},"modified":"2021-10-10T06:05:13","modified_gmt":"2021-10-10T04:05:13","slug":"une-antenne-5g-a-arques","status":"publish","type":"post","link":"https:\/\/collectif-accad.fr\/site\/une-antenne-5g-a-arques\/","title":{"rendered":"Une antenne 5G \u00e0 Arques"},"content":{"rendered":"<h4 style=\"text-align: left;\"><strong>\u00a0<\/strong>Cette antenne relais aura la marque Free mobile.<\/h4>\n<p><!--more--><\/p>\n<p style=\"text-align: justify;\">Cette antenne de 26 m se situe bien \u00e9videmment dans une zone commerciale : cela va rapporter \u00e0 ce \u00ab\u00a0commerce\u00a0\u00bb.<br \/>\nElle se situe \u00e0 120 m d&rsquo;une \u00e9cole.<\/p>\n<p style=\"text-align: justify;\">Le probl\u00e8me est que le maire de la commune n\u2019en veut pas. La ville a voulu mettre des b\u00e2tons dans les roues de cet op\u00e9rateur.<\/p>\n<p style=\"text-align: justify;\">Tout le monde sait que, depuis l\u2019\u00e9poque Hollande, les op\u00e9rateurs ont plus de facilit\u00e9 pour installer leur antennes n\u00e9fastes\u00a0: ils n\u2019ont plus besoin de l\u2019accord de la commune et n\u2019ont qua s\u2019entendre essentiellement avec le propri\u00e9taire. Ils ne se g\u00eanent \u00e9videmment pas. D\u2019autant que Macron a encore plus facilit\u00e9 ces installations avec son ordonnance du 26 mars 2020 \u2013en plein confinement. Quelle aubaine pour les op\u00e9rateurs qui ne se sont pas prier\u00a0!<\/p>\n<p style=\"text-align: justify;\">Toujours est-il que, devant l\u2019obstination du maire d\u2019Arques, Benoit Roussel, l\u2019op\u00e9rateur a assign\u00e9 la ville en justice.<br \/>\nCe n\u2019est \u00e9videmment pas gagn\u00e9 pour la commune\u00a0; Mais il se pourrait que des habitants soutiennent \u00e0 fond la position du maire et emp\u00eache l\u2019installation de cette nouvelle antenne dans le paysage arquois.<\/p>\n<p style=\"text-align: justify;\">Soutenez le maire et les habitants de la commune\u00a0: la bataille est importante.<\/p>\n<p style=\"text-align: justify;\">\n","protected":false},"excerpt":{"rendered":"<p>\u00a0Cette antenne relais aura la marque Free mobile.<\/p>\n","protected":false},"author":4,"featured_media":0,"comment_status":"closed","ping_status":"open","sticky":false,"template":"","format":"standard","meta":{"footnotes":""},"categories":[1],"tags":[],"class_list":["post-8048","post","type-post","status-publish","format-standard","hentry","category-non-classe"],"_links":{"self":[{"href":"https:\/\/collectif-accad.fr\/site\/wp-json\/wp\/v2\/posts\/8048","targetHints":{"allow":["GET"]}}],"collection":[{"href":"https:\/\/collectif-accad.fr\/site\/wp-json\/wp\/v2\/posts"}],"about":[{"href":"https:\/\/collectif-accad.fr\/site\/wp-json\/wp\/v2\/types\/post"}],"author":[{"embeddable":true,"href":"https:\/\/collectif-accad.fr\/site\/wp-json\/wp\/v2\/users\/4"}],"replies":[{"embeddable":true,"href":"https:\/\/collectif-accad.fr\/site\/wp-json\/wp\/v2\/comments?post=8048"}],"version-history":[{"count":1,"href":"https:\/\/collectif-accad.fr\/site\/wp-json\/wp\/v2\/posts\/8048\/revisions"}],"predecessor-version":[{"id":8049,"href":"https:\/\/collectif-accad.fr\/site\/wp-json\/wp\/v2\/posts\/8048\/revisions\/8049"}],"wp:attachment":[{"href":"https:\/\/collectif-accad.fr\/site\/wp-json\/wp\/v2\/media?parent=8048"}],"wp:term":[{"taxonomy":"category","embeddable":true,"href":"https:\/\/collectif-accad.fr\/site\/wp-json\/wp\/v2\/categories?post=8048"},{"taxonomy":"post_tag","embeddable":true,"href":"https:\/\/collectif-accad.fr\/site\/wp-json\/wp\/v2\/tags?post=8048"}],"curies":[{"name":"wp","href":"https:\/\/api.w.org\/{rel}","templated":true}]}}