{"id":8044,"date":"2021-10-14T02:54:07","date_gmt":"2021-10-14T00:54:07","guid":{"rendered":"https:\/\/collectif-accad.fr\/site\/?p=8044"},"modified":"2021-10-09T06:56:39","modified_gmt":"2021-10-09T04:56:39","slug":"linky-et-quelques-deboires","status":"publish","type":"post","link":"https:\/\/collectif-accad.fr\/site\/linky-et-quelques-deboires\/","title":{"rendered":"Linky et quelques d\u00e9boires"},"content":{"rendered":"<h4 style=\"text-align: left;\"><strong>Un probl\u00e8me avec la foudre ; un autre avec les fils -pluriel de fil !<\/strong><\/h4>\n<p><!--more--><\/p>\n<p style=\"text-align: left;\"><strong>Apr\u00e8s les fourmis, la foudre aussi se r\u00e9v\u00e8le \u00eatre un probl\u00e8me<\/strong><\/p>\n<p style=\"text-align: justify;\">Le compteur Linky n&rsquo;est peut-\u00eatre pas l&rsquo;appareil le plus solide de tous les temps. Il y a peu on apprenait que les fourmis pouvaient le rendre d\u00e9faillant. La foudre, elle, peut aussi le faire exploser.<\/p>\n<p style=\"text-align: justify;\"><strong>Le compteur Linky, semble-t-il, compte son lot d\u2019ennemis. <\/strong>Certains sont connus et militent de longue date contre le bo\u00eetier intelligent. <a href=\"https:\/\/www.planet.fr\/conso-vol-de-compteur-linky-cest-un-delit-de-solidarite-dit-un-militant.2290616.1404.html\">C\u2019est le cas, notamment, de St\u00e9phane Lhomme, d\u00e9sormais accus\u00e9 du vol de l\u2019un des appareils et qui s\u2019en expliquait dans nos colonnes<\/a>. D\u2019autres, en revanche, ne sont pas humains ! En t\u00e9moigne, en effet, la m\u00e9saventure de cette correspondante de presse habitant \u00e0 Lamarche-sur-Sa\u00f4ne, en C\u00f4te-d\u2019Or. Comme l\u2019explique le titre de presse local <a href=\"https:\/\/www.bienpublic.com\/environnement\/2021\/09\/26\/ses-boitiers-linky-et-telephoniques-explosent-a-cause-de-la-foudre\"><em>Le Bien Public<\/em><\/a>, le dispositif dont elle a \u00e9t\u00e9 \u00e9quip\u00e9 a \u00e9t\u00e9 victime de la foudre. Rappelons cependant que le d\u00e9partement avait \u00e9t\u00e9 plac\u00e9 en vigilance jaune pour orages, le samedi 25 septembre 2021.<\/p>\n<p style=\"text-align: justify;\">Dans la nuit du samedi au dimanche, les \u00e9clairs ont effectivement d\u00e9chir\u00e9 les cieux jusqu\u2019\u00e0 frapper \u2013 entre autres cibles \u2013 la r\u00e9sidence de cette femme. Ils ont provoqu\u00e9 des d\u00e9g\u00e2ts cons\u00e9quents, puisque le bo\u00eetier France T\u00e9l\u00e9com comme le compteur <a href=\"https:\/\/www.planet.fr\/conso-compteur-linky-modalite-de-refus-deploiement-risques-tout-savoir.1951857.1404.html#linky-cest-quoi\">Linky <\/a>ont simplement\u2026 explos\u00e9 sur le coup. Des morceaux des deux appareils ont \u00e9t\u00e9 retrouv\u00e9s de l\u2019autre c\u00f4t\u00e9 de la rue. En outre, l\u2019orage a aussi malmen\u00e9 son adoucisseur d&rsquo;eau, causant des d\u00e9g\u00e2ts importants dans son sous-sol. Difficile, d\u00e8s lors, de faire le proc\u00e8s du dispositif d\u2019Enedis ; d\u2019autant plus que d\u2019autres r\u00e9sidents ont \u00e9t\u00e9 confront\u00e9s \u00e0 des probl\u00e8mes similaires.<\/p>\n<p style=\"text-align: justify;\"><strong>Quand le compteur Linky \u00e9choue face \u00e0 des fourmis<\/strong><\/p>\n<p style=\"text-align: justify;\">Par le pass\u00e9, cependant, le compteur Linky a \u00e9t\u00e9 mis en \u00e9chec par des \u00e9v\u00e9nements autrement moins impressionnants. En effet, ainsi que le rappelle <a href=\"https:\/\/www.capital.fr\/economie-politique\/linky-les-fourmis-responsables-de-pannes-1404377\"><em>Capital<\/em><\/a>, le petit bo\u00eetier anis est connu &#8211; entre autres raisons &#8211; parce qu\u2019il attire les fourmis. Ces derni\u00e8res, s&rsquo;agr\u00e9geant en nombre \u00e0 l\u2019int\u00e9rieur, peuvent provoquer des surtensions voire des coupures pures et simples. C\u2019est notamment d\u00fb \u00e0 l&rsquo;amidon qui recouvre ses circuits.<\/p>\n<p style=\"text-align: justify;\"><a href=\"https:\/\/www.planet.fr\/conso-compteur-linky-apres-les-fourmis-la-foudre-aussi-se-revele-etre-un-probleme.2316009.1404.html\">https:\/\/www.planet.fr\/conso-compteur-linky-<\/a><\/p>\n<p style=\"text-align: center;\">** **<\/p>\n<p style=\"text-align: left;\"><strong>Quand les compteurs \u00e9lectriques s\u2019emm\u00ealent les fils <\/strong><\/p>\n<p style=\"text-align: justify;\">Deux maisons, deux compteurs \u00e9lectriques et une adresse similaire. Il n\u2019en fallait pas plus pour cr\u00e9er un imbroglio dans la facturation de deux r\u00e9sidences de la commune. Et depuis six mois, aucune avanc\u00e9e n\u2019a \u00e9t\u00e9 enregistr\u00e9e dans un dossier en tension.<\/p>\n<p style=\"text-align: justify;\">L\u2019histoire n\u2019est pas banale. Elle est surtout difficilement compr\u00e9hensible pour ses protagonistes. Tout d\u00e9bute en mars\u00a02020 quand le propri\u00e9taire d\u2019une maison profite du d\u00e9part de son locataire pour r\u00e9aliser quelques travaux. Pour ne pas se retrouver dans le noir, il reprend l\u2019abonnement \u00e0 son nom. Les am\u00e9liorations achev\u00e9es, il remet la maison \u00e0 la location et installe une nouvelle personne en juillet\u00a02020 qui, \u00e0 son tour reprend l\u2019abonnement \u00e9lectrique \u00e0 son nom.<\/p>\n<p style=\"text-align: justify;\">Jusqu\u2019ici, rien de probl\u00e9matique, sauf un d\u00e9tail\u00a0: \u00e0 partir de cette installation, pour une raison inexpliqu\u00e9e, le propri\u00e9taire ne re\u00e7oit plus de factures EDF dans sa r\u00e9sidence personnelle.<\/p>\n<p style=\"text-align: justify;\">\u2026<\/p>\n<p style=\"text-align: justify;\"><a href=\"https:\/\/www.leprogres.fr\/societe\/2021\/09\/28\/quand-les-compteurs-electriques-s-emmelent-les-fils\">https:\/\/www.leprogres.fr\/societe\/2021\/09\/28\/qu<\/a><\/p>\n<p style=\"text-align: justify;\">\n","protected":false},"excerpt":{"rendered":"<p>Un probl\u00e8me avec la foudre ; un autre avec les fils -pluriel de fil !<\/p>\n","protected":false},"author":4,"featured_media":0,"comment_status":"closed","ping_status":"open","sticky":false,"template":"","format":"standard","meta":{"footnotes":""},"categories":[1],"tags":[],"class_list":["post-8044","post","type-post","status-publish","format-standard","hentry","category-non-classe"],"_links":{"self":[{"href":"https:\/\/collectif-accad.fr\/site\/wp-json\/wp\/v2\/posts\/8044","targetHints":{"allow":["GET"]}}],"collection":[{"href":"https:\/\/collectif-accad.fr\/site\/wp-json\/wp\/v2\/posts"}],"about":[{"href":"https:\/\/collectif-accad.fr\/site\/wp-json\/wp\/v2\/types\/post"}],"author":[{"embeddable":true,"href":"https:\/\/collectif-accad.fr\/site\/wp-json\/wp\/v2\/users\/4"}],"replies":[{"embeddable":true,"href":"https:\/\/collectif-accad.fr\/site\/wp-json\/wp\/v2\/comments?post=8044"}],"version-history":[{"count":3,"href":"https:\/\/collectif-accad.fr\/site\/wp-json\/wp\/v2\/posts\/8044\/revisions"}],"predecessor-version":[{"id":8047,"href":"https:\/\/collectif-accad.fr\/site\/wp-json\/wp\/v2\/posts\/8044\/revisions\/8047"}],"wp:attachment":[{"href":"https:\/\/collectif-accad.fr\/site\/wp-json\/wp\/v2\/media?parent=8044"}],"wp:term":[{"taxonomy":"category","embeddable":true,"href":"https:\/\/collectif-accad.fr\/site\/wp-json\/wp\/v2\/categories?post=8044"},{"taxonomy":"post_tag","embeddable":true,"href":"https:\/\/collectif-accad.fr\/site\/wp-json\/wp\/v2\/tags?post=8044"}],"curies":[{"name":"wp","href":"https:\/\/api.w.org\/{rel}","templated":true}]}}