{"id":8042,"date":"2021-10-16T02:34:51","date_gmt":"2021-10-16T00:34:51","guid":{"rendered":"https:\/\/collectif-accad.fr\/site\/?p=8042"},"modified":"2021-10-08T15:35:48","modified_gmt":"2021-10-08T13:35:48","slug":"action-en-justice-contre-la-5g","status":"publish","type":"post","link":"https:\/\/collectif-accad.fr\/site\/action-en-justice-contre-la-5g\/","title":{"rendered":"Action en justice contre la 5G"},"content":{"rendered":"<h4 style=\"text-align: left;\">\n<strong>Rassurez-vous\u00a0: cela se passe aux USA\u00a0!<\/strong><\/h4>\n<p><!--more--><\/p>\n<p style=\"text-align: justify;\">Dormez tranquille\u00a0: en France, il n\u2019y a pas de probl\u00e8me \u00e0 mettre en place la 5G<\/p>\n<p style=\"text-align: justify;\">Un article sur le sujet a d\u00e9j\u00e0 \u00e9t\u00e9 abord\u00e9 le 14 septembre<\/p>\n<p style=\"text-align: justify;\"><strong>La Cour f\u00e9d\u00e9rale ordonne \u00e0 la FCC d&rsquo;expliquer pourquoi elle a ignor\u00e9 les preuves scientifiques d\u00e9montrant les dommages caus\u00e9s par les rayonnements sans fil<\/strong><\/p>\n<p style=\"text-align: justify;\">La\u00a0d\u00e9cision\u00a0cruciale et historique de la Cour d&rsquo;appel f\u00e9d\u00e9rale des \u00c9tats-Unis devrait avoir d&rsquo;\u00e9normes ramifications mondiales, pour notre cas et pour tous ceux qui cherchent \u00e0 mettre en \u00e9vidence les risques d&rsquo;exposition humaine aux rayonnements de la 5G et de la technologie sans fil\u00a0&#8211;\u00a0o\u00f9 le tribunal a estim\u00e9 que les limites de s\u00e9curit\u00e9 utilis\u00e9es \u00e9taient \u00e0 la fois \u00ab arbitraires et capricieuses \u00bb.<\/p>\n<p style=\"text-align: justify;\">\u00ab Le 13 ao\u00fbt [2021], la Cour d&rsquo;appel des \u00c9tats-Unis pour le circuit DC a jug\u00e9 que la FCC n&rsquo;avait pas fourni d&rsquo;explication motiv\u00e9e pour sa d\u00e9termination selon laquelle ses directives actuelles sur l&rsquo;exposition humaine prot\u00e9geaient ad\u00e9quatement le public contre tous les effets nocifs de l&rsquo;exposition \u00e0 la 5G, tour de t\u00e9l\u00e9phonie cellulaire, t\u00e9l\u00e9phone cellulaire et technologies sans fil.<\/p>\n<p style=\"text-align: justify;\">Bien qu&rsquo;il n&rsquo;y ait pas deux cas identiques dans les faits, les principes sont souvent similaires.<\/p>\n<p style=\"text-align: justify;\">La similitude \u00e9vidente est la mani\u00e8re dont les autorit\u00e9s des deux c\u00f4t\u00e9s de l&rsquo;Atlantique se sont engag\u00e9es dans des processus qui ont ignor\u00e9 les \u00e9tudes sur les risques potentiels pour la sant\u00e9.<\/p>\n<p style=\"text-align: justify;\">Les principaux \u00e9checs dans l&rsquo;affaire des \u00c9tats-Unis \u00e9taient li\u00e9s au processus adopt\u00e9 par la Federal Communications Commission qui r\u00e9v\u00e9lait\u00a0 l&rsquo;absence d&rsquo;un dossier d&rsquo;examen motiv\u00e9 pour les milliers de pages de preuves scientifiques soumises et, plus important encore,\u00a0 l&rsquo;absence d&rsquo;une explication motiv\u00e9e de son affirmation selon laquelle ses directives prot\u00e8gent de mani\u00e8re ad\u00e9quate contre les effets nocifs de l&rsquo;exposition aux rayonnements radio\u00e9lectriques.<\/p>\n<p style=\"text-align: justify;\">Les principaux motifs de notre renouvellement pour une audience de justice font fortement \u00e9cho \u00e0 ces points :<\/p>\n<ul style=\"text-align: justify;\">\n<li>Cette affaire concerne une question importante de s\u00e9curit\u00e9 publique.\u00a0Il augmente le risque auquel les membres du public, y compris les personnes particuli\u00e8rement vuln\u00e9rables, et les enfants, sont expos\u00e9s sans avoir consenti ou accept\u00e9 de s&rsquo;exposer \u00e0 ce risque\u00a0;\u00a0et sans un examen ad\u00e9quat et appropri\u00e9 entrepris par les autorit\u00e9s de sauvegarde comp\u00e9tentes de la cr\u00e9ation de ces risques pour la sant\u00e9 publique d&rsquo;origine humaine.<\/li>\n<li>D\u00e9faut ou abdication de la responsabilit\u00e9 d&rsquo;examiner les preuves scientifiques et disponibles en tant qu&rsquo;organisme responsable de la s\u00e9curit\u00e9 des citoyens \/ D\u00e9faut de prendre en compte les preuves du risque pos\u00e9 pour la sant\u00e9 humaine par les rayonnements radiofr\u00e9quence, \u00ab\u00a0RFR\u00a0\u00bb et\/ou 5G ;<\/li>\n<li>D\u00e9faut d&rsquo;entreprendre une \u00e9valuation efficace, ind\u00e9pendante et suffisamment inform\u00e9e des risques\u00a0;<\/li>\n<li>D\u00e9faut de mettre en \u0153uvre des garanties efficaces pour prot\u00e9ger le public contre les risques ou les risques potentiels, y compris ceux pos\u00e9s aux enfants fr\u00e9quentant les \u00e9coles et les cr\u00e8ches et\/ou les personnes handicap\u00e9es\u00a0;<\/li>\n<li>Absence de mesures suffisantes pour assurer une protection efficace des enfants contre le risque r\u00e9el de pr\u00e9judice\u00a0;<\/li>\n<li>L&rsquo;adoption de lignes directrices sur l&rsquo;exposition aux RFR portant uniquement sur les effets thermiques, qui ne suffisent pas \u00e0 s&rsquo;acquitter de l&rsquo;obligation de prendre toutes les mesures possibles dans la mesure du possible pour se prot\u00e9ger contre une violation\u00a0;<\/li>\n<li>D\u00e9faut d&rsquo;assurer ou de sauvegarder un environnement s\u00fbr pour la sant\u00e9 humaine.<\/li>\n<\/ul>\n<p style=\"text-align: justify;\">Un p\u00e9titionnaire dans l&rsquo;affaire am\u00e9ricaine a r\u00e9sum\u00e9 avec force le r\u00e9sultat :<br \/>\n\u00ab\u00a0C&rsquo;est une victoire pour nos enfants, notre avenir et notre environnement.\u00a0La d\u00e9cision du tribunal\u00a0\u00a0devrait \u00eatre un signal d&rsquo;alarme dans le monde entier.<\/p>\n<p style=\"text-align: justify;\">Avec votre soutien continu, nous pourrons continuer vers notre objectif de succ\u00e8s au Royaume-Uni.\u00a0Merci de partager cet appel aussi largement que possible pour encourager les autres \u00e0 contribuer.<\/p>\n<p style=\"text-align: justify;\">\n<p style=\"text-align: justify;\">Un article \u00e0 partir d\u2019informations venues du Royaume-Uni.<\/p>\n<p style=\"text-align: justify;\"><strong>\u00a0<\/strong><\/p>\n<p style=\"text-align: justify;\">\n","protected":false},"excerpt":{"rendered":"<p>Rassurez-vous\u00a0: cela se passe aux USA\u00a0!<\/p>\n","protected":false},"author":4,"featured_media":0,"comment_status":"closed","ping_status":"open","sticky":false,"template":"","format":"standard","meta":{"footnotes":""},"categories":[1],"tags":[],"class_list":["post-8042","post","type-post","status-publish","format-standard","hentry","category-non-classe"],"_links":{"self":[{"href":"https:\/\/collectif-accad.fr\/site\/wp-json\/wp\/v2\/posts\/8042","targetHints":{"allow":["GET"]}}],"collection":[{"href":"https:\/\/collectif-accad.fr\/site\/wp-json\/wp\/v2\/posts"}],"about":[{"href":"https:\/\/collectif-accad.fr\/site\/wp-json\/wp\/v2\/types\/post"}],"author":[{"embeddable":true,"href":"https:\/\/collectif-accad.fr\/site\/wp-json\/wp\/v2\/users\/4"}],"replies":[{"embeddable":true,"href":"https:\/\/collectif-accad.fr\/site\/wp-json\/wp\/v2\/comments?post=8042"}],"version-history":[{"count":1,"href":"https:\/\/collectif-accad.fr\/site\/wp-json\/wp\/v2\/posts\/8042\/revisions"}],"predecessor-version":[{"id":8043,"href":"https:\/\/collectif-accad.fr\/site\/wp-json\/wp\/v2\/posts\/8042\/revisions\/8043"}],"wp:attachment":[{"href":"https:\/\/collectif-accad.fr\/site\/wp-json\/wp\/v2\/media?parent=8042"}],"wp:term":[{"taxonomy":"category","embeddable":true,"href":"https:\/\/collectif-accad.fr\/site\/wp-json\/wp\/v2\/categories?post=8042"},{"taxonomy":"post_tag","embeddable":true,"href":"https:\/\/collectif-accad.fr\/site\/wp-json\/wp\/v2\/tags?post=8042"}],"curies":[{"name":"wp","href":"https:\/\/api.w.org\/{rel}","templated":true}]}}