{"id":8038,"date":"2021-10-13T02:31:43","date_gmt":"2021-10-13T00:31:43","guid":{"rendered":"https:\/\/collectif-accad.fr\/site\/?p=8038"},"modified":"2021-10-08T15:32:38","modified_gmt":"2021-10-08T13:32:38","slug":"voitures-electriques-a-vienne-autriche","status":"publish","type":"post","link":"https:\/\/collectif-accad.fr\/site\/voitures-electriques-a-vienne-autriche\/","title":{"rendered":"Voitures \u00e9lectriques \u00e0 Vienne (Autriche)"},"content":{"rendered":"<h4 style=\"text-align: justify;\"><strong>Pourquoi d\u00e9truire des bornes de recharge pour voitures \u00e9lectriques ?<br \/>\n<\/strong><\/h4>\n<p><!--more--><\/p>\n<p style=\"text-align: justify;\">Malheureusement, l\u2019industrie automobile n\u2019est pas en faillite \u00e0 cause de la crise climatique, mais elle exploite cette situation pour une importante campagne de <em>greenwashing<\/em>, dans laquelle la voiture \u00e9lectrique occupe une place centrale. La voiture \u00e9lectrique est pr\u00e9sent\u00e9e comme un moyen de transport \u00e9cologique, sans gaz d\u2019\u00e9chappement. Cependant, la production et le fonctionnement des voitures \u00e9lectriques produisent beaucoup d\u2019\u00e9l\u00e9ments polluants, seulement on les voit moins. L\u2019\u00c9tat soutient ce d\u00e9veloppement par des subventions et l\u2019am\u00e9nagement de l\u2019infrastructure pour la recharge.<\/p>\n<p>La fabrication de voitures \u00e9lectriques produit plus de pollution que celle de voitures traditionnelles, \u00e0 carburant fossile. L\u2019un des \u00e9l\u00e9ments centraux d\u2019une voiture \u00e9lectrique est la batterie au lithium, dont l\u2019extraction entra\u00eene une pollution massive des eaux. Les grands gisements de lithium dans des pays comme le Chili transforment la lutte de l\u2019industrie automobile pour cette mati\u00e8re premi\u00e8re en lutte d\u2019exploitation coloniale autoritaire.<\/p>\n<p style=\"text-align: justify;\">La commercialisation d\u2019\u00e9lectricit\u00e9 en tant que combustible qui r\u00e9duirait la consommation des ressources est une partie du capitalisme vert. L\u2019augmentation rapide de la consommation d\u2019\u00e9nergie et les atteintes \u00e0 l\u2019environnement qui l\u2019accompagnent sont masqu\u00e9es. L\u2019augmentation de la consommation d\u2019\u00e9nergie entra\u00eene in\u00e9vitablement une augmentation de la destruction de l\u2019environnement par les d\u00e9chets nucl\u00e9aires, les barrages des rivi\u00e8res, la d\u00e9forestation, les gaz d\u2019\u00e9chappement, le bruit, etc.<\/p>\n<p style=\"text-align: justify;\">La voiture \u00e9lectrique est un v\u00e9hicule polluant de plus, qui viendra s\u2019ajouter au parc automobile mondial. La voiture \u00e9lectrique n\u2019arr\u00eatera pas la catastrophe environnementale, elle en fait partie.<br \/>\nEn gros, la voiture en tant que solution pour la mobilit\u00e9 des personnes, en tant que <em>status symbol<\/em> patriarcal et symbole d\u2019une libert\u00e9 trompeuse c\u2019est de la merde et en tant que telle elle doit \u00eatre d\u00e9truite!<\/p>\n<p style=\"text-align: justify;\">Pour assurer l\u2019introduction g\u00e9n\u00e9ralis\u00e9e de la mobilit\u00e9 \u00e9lectrique, ils doivent assurer une infrastructure de recharge d\u00e9centralis\u00e9e \u2013 nous avons identifi\u00e9 dans cet aspect un point sensible \u00e0 attaquer.<\/p>\n<p style=\"text-align: justify;\">Pour lutter contre la propagation des voitures \u00e9lectriques, <strong>la destruction des bornes de recharge a commenc\u00e9, \u00e0 divers endroits de Vienne.<\/strong><\/p>\n<p style=\"text-align: justify;\">\n<p style=\"text-align: justify;\">Ce contenu a \u00e9t\u00e9 publi\u00e9 dans <a href=\"https:\/\/attaque.noblogs.org\/post\/category\/antitech\/\">Antitech<\/a><\/p>\n<p style=\"text-align: justify;\">\n","protected":false},"excerpt":{"rendered":"<p>Pourquoi d\u00e9truire des bornes de recharge pour voitures \u00e9lectriques ?<\/p>\n","protected":false},"author":4,"featured_media":0,"comment_status":"closed","ping_status":"open","sticky":false,"template":"","format":"standard","meta":{"footnotes":""},"categories":[1],"tags":[],"class_list":["post-8038","post","type-post","status-publish","format-standard","hentry","category-non-classe"],"_links":{"self":[{"href":"https:\/\/collectif-accad.fr\/site\/wp-json\/wp\/v2\/posts\/8038","targetHints":{"allow":["GET"]}}],"collection":[{"href":"https:\/\/collectif-accad.fr\/site\/wp-json\/wp\/v2\/posts"}],"about":[{"href":"https:\/\/collectif-accad.fr\/site\/wp-json\/wp\/v2\/types\/post"}],"author":[{"embeddable":true,"href":"https:\/\/collectif-accad.fr\/site\/wp-json\/wp\/v2\/users\/4"}],"replies":[{"embeddable":true,"href":"https:\/\/collectif-accad.fr\/site\/wp-json\/wp\/v2\/comments?post=8038"}],"version-history":[{"count":1,"href":"https:\/\/collectif-accad.fr\/site\/wp-json\/wp\/v2\/posts\/8038\/revisions"}],"predecessor-version":[{"id":8039,"href":"https:\/\/collectif-accad.fr\/site\/wp-json\/wp\/v2\/posts\/8038\/revisions\/8039"}],"wp:attachment":[{"href":"https:\/\/collectif-accad.fr\/site\/wp-json\/wp\/v2\/media?parent=8038"}],"wp:term":[{"taxonomy":"category","embeddable":true,"href":"https:\/\/collectif-accad.fr\/site\/wp-json\/wp\/v2\/categories?post=8038"},{"taxonomy":"post_tag","embeddable":true,"href":"https:\/\/collectif-accad.fr\/site\/wp-json\/wp\/v2\/tags?post=8038"}],"curies":[{"name":"wp","href":"https:\/\/api.w.org\/{rel}","templated":true}]}}