{"id":8034,"date":"2021-10-11T02:28:22","date_gmt":"2021-10-11T00:28:22","guid":{"rendered":"https:\/\/collectif-accad.fr\/site\/?p=8034"},"modified":"2021-10-08T15:30:16","modified_gmt":"2021-10-08T13:30:16","slug":"de-la-dictature-numerique","status":"publish","type":"post","link":"https:\/\/collectif-accad.fr\/site\/de-la-dictature-numerique\/","title":{"rendered":"De la dictature num\u00e9rique"},"content":{"rendered":"<p style=\"text-align: justify;\"><strong>\u2026 \u00e0 celle des ondes&#8230;<\/strong><\/p>\n<p><!--more--><\/p>\n<p style=\"text-align: justify;\">\u00ab Dictature num\u00e9rique : (\u2026) nous ent\u00e9rinons plut\u00f4t beno\u00eetement l\u2019invasion galopante du num\u00e9rique et du tra\u00e7age de nos vies intimes, professionnelles, de nos \u00e9changes, de nos choix politiques (\u2026) M. Macron encourage en pr\u00e9cipitant le remplacement des interactions humaines par un maquis de sites administratifs, de robots, de bo\u00eetes vocales, de QR codes, d\u2019applications \u00e0 t\u00e9l\u00e9charger.<\/p>\n<p style=\"text-align: justify;\">\n<p style=\"text-align: justify;\">Dor\u00e9navant, r\u00e9server un billet, acheter en ligne, exige \u00e0 la fois une carte bancaire et la communication de son num\u00e9ro de t\u00e9l\u00e9phone portable, voire de son \u00e9tat civil.<\/p>\n<p style=\"text-align: justify;\">Il fut un temps, qui n\u2019\u00e9tait pas le Moyen \u00c2ge, o\u00f9 l\u2019on pouvait prendre le train en demeurant anonyme, traverser une ville sans \u00eatre film\u00e9, se sentir d\u2019autant plus libre qu\u2019on ne laissait derri\u00e8re soi nulle trace de son passage.<\/p>\n<p style=\"text-align: justify;\">Et pourtant, il y avait d\u00e9j\u00e0 des enl\u00e8vements d\u2019enfants, des attentats terroristes, des \u00e9pid\u00e9mies \u2014 et m\u00eame des guerres.\u00bb<\/p>\n<p style=\"text-align: justify;\">Serge Halimi, r\u00e9dacteur en chef du Monde Diplomatique, ao\u00fbt 2021<\/p>\n<p>&nbsp;<\/p>\n<p style=\"text-align: justify;\"><strong>Stoppons le r\u00e9seau 5G et la num\u00e9risation de nos vies<\/strong><\/p>\n<p style=\"text-align: justify;\">Que la fantaisie humaine prenne le dessus sur la stupidit\u00e9 artificielle<\/p>\n<p>&nbsp;<\/p>\n<p style=\"text-align: justify;\"><strong>LE MYTHE DU PROGR\u00c8S<\/strong><\/p>\n<p style=\"text-align: justify;\">Notre \u00e9poque se fonde sur le mythe du progr\u00e8s, un mythe qui impose d\u2019atteindre toute possibilit\u00e9 offerte par le d\u00e9veloppement technologique, sans prendre en consid\u00e9ration les cons\u00e9quences qui pourraient en d\u00e9couler. La soci\u00e9t\u00e9 industrielle, pour r\u00e9soudre la catastrophe en cours et les cons\u00e9quences irr\u00e9parables du d\u00e9veloppement technologique, nous refourgue comme seules solutions la num\u00e9risation, l\u2019automation, l\u2019intelligence artificielle, des villes et des objets \u00ab smart \u00bb.<\/p>\n<p style=\"text-align: justify;\">\u00a0De la soci\u00e9t\u00e9 technologique ne peuvent que venir d\u2019autres dommages irr\u00e9versibles, le point de d\u00e9part doit donc \u00eatre sa remise en question radicale.<\/p>\n<p style=\"text-align: justify;\">\n<p style=\"text-align: justify;\"><strong>UN \u00c9TAU SUR LA LIBERT\u00c9<\/strong><\/p>\n<p style=\"text-align: justify;\">Il suffit de regarder autour de soi pour se rendre compte que la d\u00e9gradation des conditions de vie avance \u00e0 la m\u00eame vitesse que l\u2019arriv\u00e9e sur le march\u00e9 de nouveaux gadgets technologiques.<\/p>\n<p style=\"text-align: justify;\">On l\u2019a vu avec la diffusion mondiale du Covid-19, quand sont devenues \u00e9videntes les fortes contradictions de ce mod\u00e8le de soci\u00e9t\u00e9. Pendant le confinement, pour de nombreuses personnes, le travail, l\u2019\u00e9cole et la sociabilit\u00e9 ont eu lieu \u00ab \u00e0 distance \u00bb et de fa\u00e7on num\u00e9rique.<\/p>\n<p style=\"text-align: justify;\">Tout cela \u00e0 une vitesse d\u00e9concertante. Nos contacts et nos d\u00e9placements ont \u00e9t\u00e9 trac\u00e9s gr\u00e2ce \u00e0 des applications, des smartphones et des drones. Sous le pr\u00e9texte de la s\u00e9curit\u00e9 sanitaire, l\u2019\u00e9tau sur la libert\u00e9 des individus s\u2019est resserr\u00e9 encore plus.<\/p>\n<p>&nbsp;<\/p>\n<p style=\"text-align: justify;\"><strong>LE R\u00c9SEAU 5G <\/strong><\/p>\n<p style=\"text-align: justify;\">Pendant que les personnes \u00e9taient confin\u00e9es chez elles, dans beaucoup de villes les travaux pr\u00e9paratoires pour le r\u00e9seau 5G ont \u00e9t\u00e9 intensifi\u00e9s. Mais de quoi s\u2019agit-il ? Le r\u00e9seau 5G n\u2019est pas un simple moyen pour surfer plus rapidement sur internet. L\u2019enjeu est beaucoup plus important.<\/p>\n<p style=\"text-align: justify;\">Le r\u00e9seau 5G est l\u2019infrastructure indispensable \u00e0 la r\u00e9alisation de la \u00ab plan\u00e8te smart \u00bb : un monde fait de dispositifs hyper-connect\u00e9s, qui collectent et \u00e9laborent des donn\u00e9es et des informations sur l\u2019environnement et sur les personnes ; un monde fait de machines capables de r\u00e9soudre et de contraindre au cours de parcours pr\u00e9d\u00e9termin\u00e9s tous les r\u00eaves et les besoins des \u00eatres humains.<\/p>\n<p style=\"text-align: justify;\">\u00a0Ce r\u00e9seau transformera de mani\u00e8re irr\u00e9versible notre perception du monde et notre fa\u00e7on d\u2019y vivre. Il envahira chaque aspect de nos vies : du travail \u00e0 l\u2019\u00e9cole, de la vie dans les villes \u00e0 la gestion sanitaire des individus, de la mani\u00e8re de faire la guerre \u00e0 l\u2019exploitation des personnes et de l\u2019environnement dans des pays lointains.<\/p>\n<p style=\"text-align: justify;\">Stoppons le r\u00e9seau 5G et la num\u00e9risation de nos vies | Attaque (<a href=\"https:\/\/l.facebook.com\/l.php?u=https%3A%2F%2Fnoblogs.org%2F%3Ffbclid%3DIwAR35iW3eNjLgspt_OUkJC8drXPNlvOwzPSGyQKBc9q6uEQws0PEPTESVLOo&amp;h=AT0MFbfDnDTXs9WascpLM5KNyywXnfrVu0oUprBQCd1OxAbJQE5OS_7DY9cPTULynADKWjWvbD9v88P1ItBnp5IuXJ1P7vfQGHL5eyi-p0PydjAnmkShd2HpmvN-dWOsc7vO&amp;__tn__=-UK-R&amp;c%5b0%5d=AT1kC4ARjjY_N1Jov3wT6bGCOokuwhcnQwt6-BZMz0nvl_FHIsomp_xSBCA2lbi0d8FGg25bzKA7C1JuolxJYxcDLTsFS7CSCsqeaXUltqiEcJ-DPQdCkNu5MhSfH5BVzoIr5x1A1tzEpeDg3y6wK6mBCHch_bjAy-IGH7M4PiyEprl8kOtWuJPJEmU0br2OyTTeDA\">noblogs.org<\/a>)<\/p>\n<p>&nbsp;<\/p>\n<p style=\"text-align: justify;\">\u00a0<strong>Pour conclure, refusons cette finalit\u00e9<\/strong><\/p>\n<p style=\"text-align: justify;\">Tout seul devant son \u00e9cran l&rsquo;individu n&rsquo;est rien, ou tout juste un curseur, ce qui est proche de rien.\u00a0Il lui faut donc cr\u00e9er une ou plusieurs repr\u00e9sentation(s) de lui-m\u00eame, s&rsquo;inventer une vie qui ne sera que virtuelle, puis ouvrir des pages face book pour s&rsquo;y inscrire, et plus il trouvera de pages qui accepteront de le recevoir, plus il assurera son existence virtuelle.\u00a0\u00a0Clique sur moi ! Je t&rsquo;en prie, je t&rsquo;en supplie, clique sur moi !<\/p>\n<p style=\"text-align: justify;\">\n<p style=\"text-align: justify;\">Partout ce cri r\u00e9sonne. Nous avons une vie derri\u00e8re l&rsquo;\u00e9cran. Un nouveau lieu s&rsquo;offre \u00e0 nous, enti\u00e8rement artificiel, mais bien r\u00e9el. L&rsquo;univers num\u00e9rique, alias l&rsquo;Etherciel, nous accueille, nous enveloppe, nous absorbe, pour des s\u00e9quences de quelques secondes ou plusieurs heures. Cette existence ob\u00e9it \u00e0 des conditions in\u00e9dites, et tout naturellement ces conditions dictent les comportements des autochtones.<\/p>\n<p style=\"text-align: justify;\">\n<p style=\"text-align: justify;\">Le principe vital consiste \u00e0 passer \u00e0 l&rsquo;\u00e9cran, dans le plus d&rsquo;\u00e9crans possibles.<\/p>\n<p style=\"text-align: justify;\">Plong\u00e9 dans cette nouvelle dimension l&rsquo;individu, mi-homme, mi-octet, l&rsquo;humanoctet, n&rsquo;a pas une image, il est une image, plus pr\u00e9cis\u00e9ment une \u00e9mission d&rsquo;image, une image trac\u00e9e au curseur puis projet\u00e9e dans le flux, \u00e0 la recherche d&rsquo;\u00e9crans pour se poser. Les contenus sont un moyen d&rsquo;existence, et c&rsquo;est le clic de l&rsquo;autre qui fait mat\u00e9riellement surgir le sujet dans le monde.<\/p>\n<p style=\"text-align: justify;\">Trouver des admirateurs (\u00ab\u00a0fans\u00a0\u00bb), des suiveurs, des t\u00e9l\u00e9spectateurs, des visiteurs, des abonn\u00e9s, des amis : voil\u00e0 l&rsquo;ardente obligation, le combat de chaque jour, o\u00f9 certains d\u00e9tenant parfois plus d&rsquo;une dizaine de page FB, passent nuit et jour \u00e0 la recherche d&rsquo;hypoth\u00e9tiques abonn\u00e9s, ils sont dans l&rsquo;addiction du net, agissant sur eux comme une drogue..<\/p>\n<p style=\"text-align: justify;\">\n<p style=\"text-align: justify;\"><strong><em>Le Collectif Stop Linky Bassens 33530\u00a0<\/em><\/strong><\/p>\n","protected":false},"excerpt":{"rendered":"<p>\u2026 \u00e0 celle des ondes&#8230;<\/p>\n","protected":false},"author":4,"featured_media":0,"comment_status":"closed","ping_status":"open","sticky":false,"template":"","format":"standard","meta":{"footnotes":""},"categories":[1],"tags":[],"class_list":["post-8034","post","type-post","status-publish","format-standard","hentry","category-non-classe"],"_links":{"self":[{"href":"https:\/\/collectif-accad.fr\/site\/wp-json\/wp\/v2\/posts\/8034","targetHints":{"allow":["GET"]}}],"collection":[{"href":"https:\/\/collectif-accad.fr\/site\/wp-json\/wp\/v2\/posts"}],"about":[{"href":"https:\/\/collectif-accad.fr\/site\/wp-json\/wp\/v2\/types\/post"}],"author":[{"embeddable":true,"href":"https:\/\/collectif-accad.fr\/site\/wp-json\/wp\/v2\/users\/4"}],"replies":[{"embeddable":true,"href":"https:\/\/collectif-accad.fr\/site\/wp-json\/wp\/v2\/comments?post=8034"}],"version-history":[{"count":1,"href":"https:\/\/collectif-accad.fr\/site\/wp-json\/wp\/v2\/posts\/8034\/revisions"}],"predecessor-version":[{"id":8035,"href":"https:\/\/collectif-accad.fr\/site\/wp-json\/wp\/v2\/posts\/8034\/revisions\/8035"}],"wp:attachment":[{"href":"https:\/\/collectif-accad.fr\/site\/wp-json\/wp\/v2\/media?parent=8034"}],"wp:term":[{"taxonomy":"category","embeddable":true,"href":"https:\/\/collectif-accad.fr\/site\/wp-json\/wp\/v2\/categories?post=8034"},{"taxonomy":"post_tag","embeddable":true,"href":"https:\/\/collectif-accad.fr\/site\/wp-json\/wp\/v2\/tags?post=8034"}],"curies":[{"name":"wp","href":"https:\/\/api.w.org\/{rel}","templated":true}]}}