{"id":8023,"date":"2021-10-06T02:55:18","date_gmt":"2021-10-06T00:55:18","guid":{"rendered":"https:\/\/collectif-accad.fr\/site\/?p=8023"},"modified":"2021-10-04T13:49:38","modified_gmt":"2021-10-04T11:49:38","slug":"le-jour-de-la-nuit-9-octobre","status":"publish","type":"post","link":"https:\/\/collectif-accad.fr\/site\/le-jour-de-la-nuit-9-octobre\/","title":{"rendered":"Le jour de la nuit\u00a0: 9 octobre"},"content":{"rendered":"<h4 style=\"text-align: left;\">Urgence contre l\u2019assassinat du ciel \u00e9toil\u00e9 en cours<\/h4>\n<p><img loading=\"lazy\" decoding=\"async\" class=\"alignnone size-full wp-image-8022\" src=\"https:\/\/collectif-accad.fr\/site\/wp-content\/uploads\/2021\/10\/LeJourDeLaNuit.jpg\" alt=\"\" width=\"861\" height=\"450\" srcset=\"https:\/\/collectif-accad.fr\/site\/wp-content\/uploads\/2021\/10\/LeJourDeLaNuit.jpg 861w, https:\/\/collectif-accad.fr\/site\/wp-content\/uploads\/2021\/10\/LeJourDeLaNuit-300x157.jpg 300w, https:\/\/collectif-accad.fr\/site\/wp-content\/uploads\/2021\/10\/LeJourDeLaNuit-768x401.jpg 768w\" sizes=\"auto, (max-width: 861px) 100vw, 861px\" \/><\/p>\n<p><!--more--><\/p>\n<p style=\"text-align: justify;\">Ouvert \u00e0 toutes et tous, le Jour de la Nuit est une grande manifestation nationale de sensibilisation \u00e0 la pollution lumineuse, \u00e0 la protection de la biodiversit\u00e9 nocturne et \u00e0 la beaut\u00e9 du ciel \u00e9toil\u00e9. La 13\u00e8me \u00e9dition aura lieu le 09 octobre 2021 avec au programme\u00a0: balades nocturnes\u00a0; observations des \u00e9toiles\u00a0; sorties nature et extinctions des lumi\u00e8res.<\/p>\n<p style=\"text-align: justify;\">Pour inscrire un \u00e9v\u00e9nement ou consulter les animations et extinctions qui auront lieu pr\u00e8s de chez vous, rendez-vous sur le site<\/p>\n<p style=\"text-align: justify;\"><a href=\"https:\/\/geophoto.agirpourlenvironnement.org\/le-jour-de-la-nuit\/\">www.jourdelanuit.fr<\/a>.<\/p>\n<p style=\"text-align: justify;\">Voir la carte plus d\u00e9taill\u00e9e, la plus compl\u00e8te possible :<\/p>\n<p style=\"text-align: justify;\"><a href=\"https:\/\/geophoto.agirpourlenvironnement.org\/le-jour-de-la-nuit\/\">https:\/\/geophoto.agirpourlenvironnement.org\/le-jour-de-la-nuit\/<\/a><\/p>\n<p style=\"text-align: justify;\">Il y a des actions \u00e0 Noyelles les Seclin, Sainghin en M\u00e9lantois, Raismes, Valenciennes, West-Cappel, Leffrinckoucke, Le Portel, Lassigny<\/p>\n<p style=\"text-align: justify;\"><strong>Objectifs<\/strong><\/p>\n<ul style=\"text-align: justify;\">\n<li>En rejoignant cette grande action festive et participative, les diff\u00e9rents acteurs s\u2019impliquent dans une grande marche vers la pr\u00e9servation de l\u2019environnement, de la nuit et de la biodiversit\u00e9 tout en luttant contre le gaspillage \u00e9nerg\u00e9tique.<\/li>\n<\/ul>\n<p style=\"text-align: justify;\"><strong>Les r\u00e9sultats des ann\u00e9es pr\u00e9c\u00e9dentes<\/strong><\/p>\n<ul style=\"text-align: justify;\">\n<li>En 2019 cet \u00e9v\u00e9nement a rassembl\u00e9 plus de 700 \u00e9v\u00e9nements sur l&rsquo;ensemble du territoire m\u00e9tropolitain.<\/li>\n<li>Depuis sa premi\u00e8re \u00e9dition en 2009, le Jour de la Nuit a pu impulser des r\u00e9flexions locales et voir des cons\u00e9quences positives et durables dans les territoires. Plusieurs communes participantes ont ainsi engag\u00e9 des diagnostics de leur \u00e9clairage public, leur permettant de mettre en place des actions concr\u00e8tes pour r\u00e9aliser des \u00e9conomies d\u2019\u00e9nergie et de communiquer aupr\u00e8s d\u2019un public de plus en plus sensibilis\u00e9.<\/li>\n<\/ul>\n<p style=\"text-align: center;\">** **<\/p>\n<p style=\"text-align: center;\"><strong>Communiqu\u00e9 du collectif ACCAD<\/strong><\/p>\n<p style=\"text-align: justify;\">Les astronomes, les astrophysiciens, les m\u00e9t\u00e9orologues, l&rsquo;aviation civile &#8211; c\u2019est-\u00e0-dire<strong> <u>la science de l&rsquo;espace<\/u> &#8211;<\/strong> lancent un cri d&rsquo;alarme contre le projet de quelques milliardaires de la Silicon Valley nous annon\u00e7ant l\u2019arriv\u00e9e imminente de l\u2019internet ultra haut d\u00e9bit par satellite.<\/p>\n<p style=\"text-align: justify;\">L\u2019observation astronomique par les grands t\u00e9lescopes deviendra vite impossible. Les satellites \u00a0scientifiques et ceux pour la m\u00e9t\u00e9orologie s\u2019en trouvent menac\u00e9s.<\/p>\n<p style=\"text-align: justify;\"><strong>Le seul r\u00e9seau satellitaire Starlink, soutenu par Elon Musk, devrait \u00e0 terme compter plus de 40 000 satellites.<\/strong> Avant ce nouveau <em>FarWeb<\/em>, l\u2019espace comptait d\u00e9j\u00e0 2063 satellites.<\/p>\n<p style=\"text-align: justify;\">Si rien n\u2019est entrepris pour r\u00e9glementer la privatisation sauvage de l\u2019espace,<strong> en plus du risque de carambolage fatal, le ciel deviendra une immense poubelle emplie de d\u00e9bris spatiaux.<\/strong> De surcro\u00eet, personne n\u2019est en mesure d\u2019\u00e9valuer s\u00e9rieusement l\u2019impact de ces mises sur orbite en mati\u00e8re d\u2019exposition aux champs \u00e9lectromagn\u00e9tiques et d&rsquo;\u00e9missions de gaz \u00e0 effet de serre.<\/p>\n<p style=\"text-align: justify;\">Nous pouvons nous attendre \u00e0 une d\u00e9t\u00e9rioration croissante de la couche d&rsquo;ozone de la Terre en raison des gaz d&rsquo;\u00e9chappement toxiques des fus\u00e9es et de la destruction des satellites dans l\u2019atmosph\u00e8re.<\/p>\n<p style=\"text-align: justify;\"><strong>On est en train de faire du ciel une v\u00e9ritable poubelle, une destruction de l&rsquo;\u00e9cosyst\u00e8me c\u00e9leste, comme on l&rsquo;a d\u00e9j\u00e0 fait de ceux des oc\u00e9ans et des for\u00eats.<\/strong><\/p>\n<p style=\"text-align: justify;\">Nous soutenons l\u2019appel international et celui national d\u2019Agir pour l\u2019environnement demandant \u00e0 ce que les villes marquent publiquement leur indignation face \u00e0 cette tr\u00e8s inqui\u00e9tante hubris (d\u00e9mesure, outrance).<\/p>\n<p style=\"text-align: justify;\">Les communes pourraient manifester, symboliquement mais fermement, leur d\u00e9sapprobation par une extinction des lumi\u00e8res, ne serait-ce que d\u2019une courte dur\u00e9e, pendant <strong>la nuit du 9 octobre<\/strong>\u2026 et le faire savoir.<\/p>\n<p>International Astronomic Union\u00a0:<\/p>\n<p><a href=\"https:\/\/www.iau.org\/news\/announcements\/detail\/ann19035\/?lang\">https:\/\/www.iau.org\/news\/announcements\/deta<\/a><\/p>\n<p><a href=\"https:\/\/www.lemonde.fr\/blog\/autourduciel\/2020\/02\/06\/le-projet-starlink-delon-musk-menace-la-recherche-astronomique\/\">https:\/\/www.lemonde.fr\/blog\/autourduciel\/2020<\/a><\/p>\n<p>Epsilon n\u00b03, septembre 2021, <em>Espace, le nouveau Far West<\/em><\/p>\n<p style=\"text-align: justify;\"><strong><em>Ce communiqu\u00e9 est fortement inspir\u00e9 de celui de l\u2019 <\/em><\/strong><strong>Association R\u00e9sistance 5G \u2013 Nantes<\/strong><\/p>\n<p style=\"text-align: center;\">** **<\/p>\n<p style=\"text-align: justify;\">Vu l&rsquo;extr\u00eame gravit\u00e9 de ce qui se passe au-dessus de nos t\u00eates, nous allons, suite \u00e0 l&rsquo;appel d&rsquo;Agir pour l&rsquo;environnement, mais surtout suite \u00e0 l&rsquo;appel des sciences de l&rsquo;espace (astronomes, astrophysiciens, m\u00e9t\u00e9orologues + aviation civile) qui lancent depuis des mois un cri d&rsquo;alarme, demander aux 24 communes de Nantes M\u00e9tropole de faire un geste symbolique d&rsquo;extinction des lumi\u00e8res. On nous objectera qu&rsquo;il peut y avoir des probl\u00e8mes de s\u00e9curit\u00e9, mais ce sera \u00e0 chacune de montrer leur degr\u00e9 de conscience des probl\u00e8mes et d&rsquo;anticiper.<\/p>\n<p style=\"text-align: justify;\">Cela peut \u00eatre demand\u00e9 partout dans le pays. Vu la date, il faut le faire tout de suite.\u00a0 Nos amis belges devraient suivre comme d&rsquo;habitude.<\/p>\n<p style=\"text-align: justify;\">Le message est relay\u00e9 au Team international Stop 5G pour que cette action soit men\u00e9e le plus possible dans le monde.<\/p>\n<p style=\"text-align: justify;\">Pour une fois, cela partira de la France, de l&rsquo;Europe&#8230;<\/p>\n<p style=\"text-align: justify;\">Nantes<\/p>\n<p style=\"text-align: justify;\">\n","protected":false},"excerpt":{"rendered":"<p>Urgence contre l\u2019assassinat du ciel \u00e9toil\u00e9 en cours<\/p>\n","protected":false},"author":4,"featured_media":0,"comment_status":"closed","ping_status":"open","sticky":false,"template":"","format":"standard","meta":{"footnotes":""},"categories":[1],"tags":[],"class_list":["post-8023","post","type-post","status-publish","format-standard","hentry","category-non-classe"],"_links":{"self":[{"href":"https:\/\/collectif-accad.fr\/site\/wp-json\/wp\/v2\/posts\/8023","targetHints":{"allow":["GET"]}}],"collection":[{"href":"https:\/\/collectif-accad.fr\/site\/wp-json\/wp\/v2\/posts"}],"about":[{"href":"https:\/\/collectif-accad.fr\/site\/wp-json\/wp\/v2\/types\/post"}],"author":[{"embeddable":true,"href":"https:\/\/collectif-accad.fr\/site\/wp-json\/wp\/v2\/users\/4"}],"replies":[{"embeddable":true,"href":"https:\/\/collectif-accad.fr\/site\/wp-json\/wp\/v2\/comments?post=8023"}],"version-history":[{"count":4,"href":"https:\/\/collectif-accad.fr\/site\/wp-json\/wp\/v2\/posts\/8023\/revisions"}],"predecessor-version":[{"id":8028,"href":"https:\/\/collectif-accad.fr\/site\/wp-json\/wp\/v2\/posts\/8023\/revisions\/8028"}],"wp:attachment":[{"href":"https:\/\/collectif-accad.fr\/site\/wp-json\/wp\/v2\/media?parent=8023"}],"wp:term":[{"taxonomy":"category","embeddable":true,"href":"https:\/\/collectif-accad.fr\/site\/wp-json\/wp\/v2\/categories?post=8023"},{"taxonomy":"post_tag","embeddable":true,"href":"https:\/\/collectif-accad.fr\/site\/wp-json\/wp\/v2\/tags?post=8023"}],"curies":[{"name":"wp","href":"https:\/\/api.w.org\/{rel}","templated":true}]}}