{"id":8015,"date":"2021-10-05T02:46:00","date_gmt":"2021-10-05T00:46:00","guid":{"rendered":"https:\/\/collectif-accad.fr\/site\/?p=8015"},"modified":"2021-10-01T16:49:05","modified_gmt":"2021-10-01T14:49:05","slug":"resiliation-de-contrat","status":"publish","type":"post","link":"https:\/\/collectif-accad.fr\/site\/resiliation-de-contrat\/","title":{"rendered":"R\u00e9siliation de contrat"},"content":{"rendered":"<h4 style=\"text-align: left;\"><strong>Pour les personnes n\u2019ayant pas le Linky \u2026<\/strong><\/h4>\n<p><!--more--><\/p>\n<p style=\"text-align: justify;\"><strong>Mais aussi sur le tarif \u00ab\u00a0dynamique\u00a0\u00bb pour celles ayant Linky<\/strong><\/p>\n<p style=\"text-align: justify;\"><strong>Derni\u00e8re minute\u00a0: <\/strong>plusieurs nouvelles, de la part de notre \u00ab\u00a0bon\u00a0\u00bb m\u00e9diateur de l&rsquo;\u00e9nergie<\/p>\n<p style=\"text-align: justify;\">&#8211; Leclerc arr\u00eate : ils voulaient d\u00e9sabonner les seuls refuzniks au Linky et faire passer tous les autres \u00e0 une tarification dynamique. Au final ils arr\u00eatent tout ! <a href=\"https:\/\/www.energie-info.fr\/tous-les-clients-de-e-leclerc-energies-doivent-changer-de-fournisseur\/\">https:\/\/www.energie-info.fr\/tous-les-clients-de-e-leclerc-energies-doivent-changer-de-fournisseur\/<\/a><\/p>\n<p style=\"text-align: justify;\"><strong>La tarification dynamique a du plomb dans l&rsquo;aile &#8230; pour le moment.<\/strong><\/p>\n<p style=\"text-align: justify;\">&#8211; augmentation maousse du prix r\u00e9glement\u00e9 du gaz : <a href=\"https:\/\/www.energie-info.fr\/evolution-des-tarifs-reglementes-de-vente-de-gaz-naturel-au-1er-octobre-2021\/\">https:\/\/www.energie-info.fr\/evolution-des-tarifs-reglementes-de-vente-de-gaz-naturel-au-1er-octobre-2021\/<\/a>. Une courbe la met en perspective sur un an &#8230; avec le parrall\u00e8le pour le prix de l&rsquo;\u00e9lectricit\u00e9 (ils veulent qu&rsquo;on y passe tous ?) ! Rappel aussi que le tarif r\u00e9gul\u00e9 pour le gaz sera supprim\u00e9 au 1\/7\/2023 &#8230; et que les contrats \u00e0 prix de march\u00e9 fixe ne sont pas touch\u00e9s, ou comment c\u00e9l\u00e9brer le lib\u00e9ralisme.<\/p>\n<p style=\"text-align: justify;\">&#8211; un ch\u00e8que \u00e9nergie de 100 \u20ac (l&rsquo;\u00e9tat est tr\u00e8s riche en ce moment &#8230; et tr\u00e8s d\u00e9sint\u00e9ress\u00e9) qui sera bouff\u00e9 tr\u00e8s rapidement par les hausses en cours. <a href=\"https:\/\/www.energie-info.fr\/cheque-energie-de-100-e-comment-en-beneficier\/\">https:\/\/www.energie-info.fr\/cheque-energie-de-100-e-comment-en-beneficier\/<\/a><\/p>\n<p style=\"text-align: justify;\"><strong>Nous ne sommes certes pas \u00ab\u00a0Que choisir\u00a0\u00bb et ses protestations calibr\u00e9es qui visent en fait \u00e0 justifier libre march\u00e9 et nouvelles technologies. Mais, alors que l&rsquo;inflation repart et que la hausse des tarifs de l&rsquo;\u00e9nergie touche tr\u00e8s fortement des cat\u00e9gories qui ne vont pas ou tr\u00e8s peu b\u00e9n\u00e9ficier de revalorisations de leurs revenus, ne pourrions-nous pas d\u00e9noncer ces hausses manipul\u00e9es par le pouvoir et les industriels alli\u00e9s ?<\/strong><\/p>\n<p style=\"text-align: justify;\"><strong>Collectif Stop Linky 5G Loire<\/strong><\/p>\n<p style=\"text-align: center;\">** **<\/p>\n<p style=\"text-align: center;\"><strong>Leclerc r\u00e9silie des contrats\u00a0: qu&rsquo;est-ce que cela cache ?<\/strong><\/p>\n<p style=\"text-align: justify;\">Le sujet a d\u00e9j\u00e0 \u00e9t\u00e9 \u00e9voqu\u00e9 sur ce site. Leclerc ne veut plus d\u2019abonn\u00e9s qui n\u2019ont pas Linky\u00a0!<\/p>\n<p style=\"text-align: justify;\">L\u2019analyse de <em>Robin des toits<\/em>\u00a0:<\/p>\n<p style=\"text-align: justify;\"><a href=\"https:\/\/www.robindestoits.org\/Leclerc-et-Linky-qu-est-ce-que-cela-cache-11-09-2021_a3074.html\">https:\/\/www.robindestoits.org\/Leclerc-et-Link<\/a><\/p>\n<p style=\"text-align: justify;\"><strong>Commentaire venu de Nantes <\/strong><\/p>\n<p style=\"text-align: justify;\">Pour autant que je sache, la raison autorisant Leclerc \u00e0 effectuer cette d\u00e9marche est le pr\u00e9texte capitaliste \u00ab\u00a0d\u00e9sormais seule sera valable la tarification au plus pr\u00e8s des cours mondiaux\u00a0\u00bb, fluctuante, et n\u00e9cessitant effectivement un capteur versatile pour tenir compte de cette suite logique des tarifs libres de certains prestataires. C&rsquo;\u00e9tait le pi\u00e8ge auquel depuis longtemps il convenait de se pr\u00e9munir en restant dans le contrat &lsquo;bleu\u00a0\u00bb. A l&rsquo;\u00e9poque nous avions jet\u00e9 l&rsquo;alarme envers le pi\u00e8ge de ces contrats non brid\u00e9s, apparemment int\u00e9ressants au d\u00e9part. Je n&rsquo;ose imaginer ce que vont endurer des m\u00e9nages tr\u00e8s, trop modestes, qui d\u00e9j\u00e0 ont plus que du mal \u00e0 boucler le budget. D\u00e9sol\u00e9 pour ceux qui sont plus nuanc\u00e9s l\u00e0-dessus, mais il fallait d\u00e8s le d\u00e9part se douter d&rsquo;un retour de manivelle funeste. Pour ceux qui accepteront, ce sera l&rsquo;enfer de l&rsquo;impossibilit\u00e9 r\u00e9elle de suivre des cours extr\u00eamement fluctuants, changeant sans doute plusieurs fois par jour. Vraiment impossible \u00e0 suivre, et \u00e0 contrer.<\/p>\n<p style=\"text-align: justify;\">Pour ceux qui ont encore le tarif bleu, conservez-le pr\u00e9cieusement, m\u00eame si parfois il para\u00eet plus cher : dans la dur\u00e9e il restera la meilleure solution, A CONDITION d&rsquo;avoir conserv\u00e9 l&rsquo;ancien compteur, fiable et constant.<\/p>\n<p style=\"text-align: justify;\">Amishti\u00e9s<\/p>\n<p style=\"text-align: center;\">** **<\/p>\n<p style=\"text-align: center;\"><strong>T\u00e9moignage venu de Haute-Garonne<\/strong><\/p>\n<p style=\"text-align: justify;\">Je viens de recevoir un appel d&rsquo;une personne habitant dans le Lot pour m&rsquo;apprendre <strong>qu&rsquo;Engie<\/strong> en tant que fournisseur d&rsquo;\u00e9lectricit\u00e9 venait de lui t\u00e9l\u00e9phoner pour remettre en question son contrat s&rsquo;il n&rsquo;avait pas de Linky.<\/p>\n<p style=\"text-align: justify;\">\u00ab\u00a0Non au Linky\u00a0\u00bb Sav\u00e8s Louge Volvestre en Haute-Garonne<\/p>\n<p style=\"text-align: center;\">** **<\/p>\n<p style=\"text-align: center;\"><strong>Compl\u00e9ment de PG<\/strong><\/p>\n<p style=\"text-align: justify;\">Il faut vraiment\u00a0alerter les usagers afin qu&rsquo;ils ne\u00a0tombent pas dans le pi\u00e8ge de tarifs initialement attractifs mais qui sur le long terme sont totalement pi\u00e9geux.<\/p>\n<p style=\"text-align: justify;\">Ne pas c\u00e9der \u00e0 cette tarification dite dynamique, gr\u00e2ce\u00a0\u00e0 laquelle le fournisseur est s\u00fbr des faire toujours des profits, et qui peut \u00eatre catastrophique pour l&rsquo;usager dans les p\u00e9riodes (comme celle que l&rsquo;on vit actuellement) o\u00f9 le prix de l&rsquo;\u00e9lectricit\u00e9 est sp\u00e9culatif et peut grimper en fl\u00e8che sans pr\u00e9venir, selon le bon vouloir des pr\u00e9dateurs industriels.<\/p>\n<p style=\"text-align: justify;\">D\u00e9j\u00e0, et m\u00eame si EDF est loin d&rsquo;\u00eatre id\u00e9ale, il valait mieux rester chez l&rsquo;op\u00e9rateur historique, plut\u00f4t que de chercher \u00e0 \u00e9conomiser des bouts de chandelle, chez ceux faussement appel\u00e9s \u00ab\u00a0alternatifs\u00a0\u00bb. Alors le tarif r\u00e9glement\u00e9\u00a0aurait des chances de ne pas \u00eatre mis \u00e0 mort, en vertu de la loi du\u00a0nombre.<\/p>\n<p style=\"text-align: center;\">** **<\/p>\n<p style=\"text-align: center;\"><strong>Un autre t\u00e9moignage<\/strong><\/p>\n<p style=\"text-align: justify;\">J\u2019ai eu le droit \u00e0 ce type d\u2019action. Il y a 1mois j\u2019ai re\u00e7u un mail d\u2019EDF me donnant mon solde de tout compte suite \u00e0 ma r\u00e9siliation !<\/p>\n<p style=\"text-align: justify;\">J\u2019ai imm\u00e9diatement t\u00e9l\u00e9phon\u00e9 afin de comprendre et l\u00e0 on m\u2019a dit que j\u2019avais r\u00e9sili\u00e9 mon contrat par l\u2019interm\u00e9diaire d\u2019un autre fournisseur. J\u2019ai r\u00e9pliqu\u00e9 que je n\u2019\u00e9tais pas au courant et que je souhaitais avoir la copie de la r\u00e9siliation que soit disant j\u2019avais faite. Voyant que je ne l\u00e2chais pas le morceau et apr\u00e8s \u00bc h de palabre et discussion mon interlocuteur a admis qu\u2019il s\u2019agissait d\u2019une \u00ab\u00a0ERREUR COMPTABLE\u00a0\u00bb\u00a0: oui oui vous ne r\u00eavez pas !! Et que le service contentieux allait m\u2019appeler.<\/p>\n<p style=\"text-align: justify;\">Apr\u00e8s 24 h sans appel j\u2019ai relanc\u00e9 et exig\u00e9 que l\u2019on r\u00e9tablisse mon contrat annul\u00e9 par erreur \u00e0 l\u2019IDENTIQUE (en pr\u00e9cisant qu\u2019il me couvrait en cas de changement intempestif de compteur,\u00a0 que je ne voulais pas le Linky et que je connaissais mes droits en tant que pr\u00e9sident d\u2019un groupement anti linky), puisqu\u2019il \u00e9tait ant\u00e9rieur \u00e0 f\u00e9vrier 2014 (abonnement datant de 1974)\u00a0; bref, apr\u00e8s 3jours de bataille et 6 heures au t\u00e9l\u00e9phone, nous avons eu gain de cause et notre contrat a \u00e9t\u00e9 r\u00e9tabli sans coupure.<\/p>\n<p style=\"text-align: justify;\">IL faut donc batailler encore et encore pour obtenir ce que l\u2019on souhaite !<\/p>\n<p style=\"text-align: justify;\"><strong>STOP LINKY VAR OUEST\u00a0<\/strong><\/p>\n<p style=\"text-align: center;\">** **<\/p>\n<p style=\"text-align: center;\"><strong>Un message de Pau<\/strong><\/p>\n<p style=\"text-align: justify;\">Pour se faire une id\u00e9e, voici ce qui se pratique d\u00e9j\u00e0 en Espagne\u00a0 ou\u00a0 ils ont d\u00e9j\u00e0 eu de grosses surprises (traduction site officiel\u00a0 espagnol):<\/p>\n<p style=\"text-align: justify;\">\u00ab\u00a0Prix du kWh sur le march\u00e9 r\u00e9glement\u00e9 espagnol<\/p>\n<p style=\"text-align: justify;\">Comme indiqu\u00e9 pr\u00e9c\u00e9demment, le tarif PVPC (Prix Volontaire au Petit Consommateur) fixe ses prix en fonction du march\u00e9 de l\u2019\u00e9lectricit\u00e9.\u00a0La principale caract\u00e9ristique de cette offre, \u00e9galement connue sous le nom de tarif d\u2019\u00e9clairage horaire, est que le co\u00fbt de l\u2019\u00e9lectricit\u00e9 sera diff\u00e9rent selon le moment de la journ\u00e9e de consommation.\u00a0Par cons\u00e9quent, 24 prix horaires sont \u00e9tablis et changeront chaque jour.\u00a0\u00bb<\/p>\n<p style=\"text-align: justify;\">En Espagne le prix moyen quotidien de l\u2019\u00e9lectricit\u00e9 sur le march\u00e9 de gros battra ce lundi un nouveau record historique, atteignant 124,45 euros par m\u00e9gawatt heure (MWh), d\u00e9passant de loin le record pr\u00e9c\u00e9dent de 122,76 euros\/MWh qui a \u00e9t\u00e9 marqu\u00e9 le 26\u00a0ao\u00fbt, selon les donn\u00e9es avanc\u00e9es par l\u2019Op\u00e9rateur du march\u00e9 ib\u00e9rique de l\u2019\u00e9nergie (OMIE).<\/p>\n<p style=\"text-align: justify;\">Un tableau r\u00e9capitulatif sur cette page\u00a0:<\/p>\n<p style=\"text-align: justify;\">\u00a0<a href=\"https:\/\/tarifaluzhora.es\/info\/precio-kwh\">https:\/\/tarifaluzhora.es\/info\/precio-kwh<\/a><\/p>\n<p style=\"text-align: center;\">** **<\/p>\n<p style=\"text-align: center;\"><strong>Un message du<\/strong><strong> collectif pontpean<\/strong><\/p>\n<p style=\"text-align: justify;\">EDF s&rsquo;en fiche des menaces\u00a0! trouver un autre fournisseur ?<\/p>\n<p style=\"text-align: justify;\">Personnellement j&rsquo;en ai test\u00e9 cinq (Engie, Eni, Enercoop, Total Energie, Leclerc) et j&rsquo;ai jet\u00e9 probablement l&rsquo;\u00e9ponge trop vite&#8230; mais, si vous en trouvez un, faites-le savoir !!!<\/p>\n<p style=\"text-align: justify;\">je crains que toutes celles et ceux qui ont abandonn\u00e9 (souvent pour des questions de gains financiers imm\u00e9diats, c&rsquo;est toujours bon de faire quelques \u00e9conomies&#8230;mais et c&rsquo;est l\u00e0 que le bas blesse, ils ont par ignorance bascul\u00e9 dans un autre monde) les anciens contrats n&rsquo;aient plus que les yeux pour pleurer&#8230;<\/p>\n<p style=\"text-align: justify;\">l&rsquo;arr\u00eat des tarifs r\u00e9glement\u00e9s (merci l&rsquo;europe) va \u00ab\u00a0finir\u00a0\u00bb le job malsain\u00a0; si un fournisseur avait la bonne id\u00e9e de produire un contrat sans s&rsquo;appuyer sur le distributeur Enedis, tout en pr\u00e9cisant (c&rsquo;est mieux en l&rsquo;\u00e9crivant), compteur communicant non obligatoire, je pense qu&rsquo;il aura quelques soucis&#8230; la \u00ab\u00a0seule\u00a0\u00bb (?) strat\u00e9gie qui permet de tenir, c&rsquo;est de ne pas changer de contrat, accepter la douloureuse augmentation associ\u00e9e \u00e0 cette d\u00e9cision, et r\u00e9sister\u00a0; si quelqu&rsquo;un a la solution avec un grand S, qu&rsquo;il la diffuse !<\/p>\n<p style=\"text-align: justify;\">pour les miracles, il va falloir un peu, il me semble, patienter&#8230;<\/p>\n<p style=\"text-align: center;\">** **<\/p>\n<p style=\"text-align: justify;\"><strong>Merci pour les retours<\/strong> re\u00e7us \u00e0 mon questionnement sur la r\u00e9siliation de contrat au 15 octobre par Leclerc en lien avec l&rsquo;offre de <strong>tarification dynamique (TR)<\/strong>, \u00e9ventuellement reprise par d&rsquo;autres fournisseurs. Il semble qu\u2019Enedis a profit\u00e9 de cette initiative pour relancer le caract\u00e8re obligatoire du Linky aupr\u00e8s de certains usagers, on ne pouvait pas attendre autre chose de sa part&#8230;<\/p>\n<p style=\"text-align: justify;\">L&rsquo;abandon de l&rsquo;offre de Leclerc annonc\u00e9 il y a quelques jours, \u00e0 cause de l&rsquo;augmentation du prix de l&rsquo;\u00e9lectricit\u00e9 sur les march\u00e9s (voir en PJ Leclerc reporte) plus la communication de la CRE annon\u00e7ant l&rsquo;application d&rsquo;une offre de tarification dynamique pour 2022\u00a0 (voir en PJ La tarification dynamique) nous offrent un contexte favorable pour mener une campagne d&rsquo;information vers les usagers pour les convaincre :<\/p>\n<p style=\"text-align: justify;\">&#8211; de ne pas c\u00e9der aux offres de tarification dynamique, quels que soient les fournisseurs.<\/p>\n<p style=\"text-align: justify;\">&#8211; de renvoyer Enedis dans les cordes sur leur lien entre Linky \u00ab\u00a0obligatoire\u00a0\u00bb\u00a0 et\u00a0 l&rsquo;offre de TR<\/p>\n<p style=\"text-align: justify;\"><strong>Claude<\/strong><\/p>\n<p style=\"text-align: center;\">** **<\/p>\n<p style=\"text-align: left;\"><strong>Les tarifs\u00a0r\u00e9glement\u00e9s ne sont plus \u00ab\u00a0commercialis\u00e9s\u00a0\u00bb pour le gaz<\/strong><\/p>\n<p style=\"text-align: justify;\">Pour l&rsquo;\u00e9lectricit\u00e9, chez EDF, il y a encore semble-t-il le tarif bleu r\u00e9glement\u00e9&#8230;<\/p>\n<p style=\"text-align: justify;\"><a href=\"https:\/\/particulier.edf.fr\/fr\/accueil\/electricite-gaz\/offres-electricite\/tarif-bleu.html\">https:\/\/particulier.edf.fr\/fr\/accueil\/electricite-gaz\/offres-electricite\/tarif-bleu.html<\/a><\/p>\n<p style=\"text-align: justify;\">Hors EDF, il faut donc opter vers une offre qualifi\u00e9e de march\u00e9\u00a0; et c&rsquo;est la que la danse continue&#8230;<\/p>\n<p style=\"text-align: justify;\">Les \u00ab\u00a0nouvelles offres de march\u00e9\u00a0\u00bb sont avec compteur communicant\u00a0; le pi\u00e8ge se referme alors&#8230;.<\/p>\n<p style=\"text-align: justify;\">A moins d&rsquo;\u00eatre pugnace, pers\u00e9v\u00e9rant et de probablement supporter le sans \u00e9lectricit\u00e9 le temps d&rsquo;un combat judiciaire&#8230; pour les plus courageux&#8230;<\/p>\n<p style=\"text-align: justify;\">Courage donc<\/p>\n<p style=\"text-align: justify;\"><a href=\"https:\/\/gaz-tarif-reglemente.fr\/aide-contact\/questions-reponses\/le-tarif-reglemente\/fin-tarif-reglemente.html\">https:\/\/gaz-tarif-reglemente.fr\/aide-contact\/ques<\/a><\/p>\n<p style=\"text-align: justify;\"><strong>Christophe<\/strong><\/p>\n<p style=\"text-align: justify;\">\n<p style=\"text-align: justify;\">\n<p style=\"text-align: justify;\">\n<p style=\"text-align: justify;\">\n","protected":false},"excerpt":{"rendered":"<p>Pour les personnes n\u2019ayant pas le Linky \u2026<\/p>\n","protected":false},"author":4,"featured_media":0,"comment_status":"closed","ping_status":"open","sticky":false,"template":"","format":"standard","meta":{"footnotes":""},"categories":[1],"tags":[],"class_list":["post-8015","post","type-post","status-publish","format-standard","hentry","category-non-classe"],"_links":{"self":[{"href":"https:\/\/collectif-accad.fr\/site\/wp-json\/wp\/v2\/posts\/8015","targetHints":{"allow":["GET"]}}],"collection":[{"href":"https:\/\/collectif-accad.fr\/site\/wp-json\/wp\/v2\/posts"}],"about":[{"href":"https:\/\/collectif-accad.fr\/site\/wp-json\/wp\/v2\/types\/post"}],"author":[{"embeddable":true,"href":"https:\/\/collectif-accad.fr\/site\/wp-json\/wp\/v2\/users\/4"}],"replies":[{"embeddable":true,"href":"https:\/\/collectif-accad.fr\/site\/wp-json\/wp\/v2\/comments?post=8015"}],"version-history":[{"count":1,"href":"https:\/\/collectif-accad.fr\/site\/wp-json\/wp\/v2\/posts\/8015\/revisions"}],"predecessor-version":[{"id":8016,"href":"https:\/\/collectif-accad.fr\/site\/wp-json\/wp\/v2\/posts\/8015\/revisions\/8016"}],"wp:attachment":[{"href":"https:\/\/collectif-accad.fr\/site\/wp-json\/wp\/v2\/media?parent=8015"}],"wp:term":[{"taxonomy":"category","embeddable":true,"href":"https:\/\/collectif-accad.fr\/site\/wp-json\/wp\/v2\/categories?post=8015"},{"taxonomy":"post_tag","embeddable":true,"href":"https:\/\/collectif-accad.fr\/site\/wp-json\/wp\/v2\/tags?post=8015"}],"curies":[{"name":"wp","href":"https:\/\/api.w.org\/{rel}","templated":true}]}}