{"id":8011,"date":"2021-10-04T02:40:26","date_gmt":"2021-10-04T00:40:26","guid":{"rendered":"https:\/\/collectif-accad.fr\/site\/?p=8011"},"modified":"2021-10-01T16:42:44","modified_gmt":"2021-10-01T14:42:44","slug":"moines-capucins-anti-5g","status":"publish","type":"post","link":"https:\/\/collectif-accad.fr\/site\/moines-capucins-anti-5g\/","title":{"rendered":"Moines Capucins anti-5G"},"content":{"rendered":"<h4 style=\"text-align: left;\"><strong>Ils ont voulu d\u00e9truire des antennes-relais mis en examen\u00a0; ils sont mis en examen\u00a0!<\/strong><\/h4>\n<p><!--more--><\/p>\n<p style=\"text-align: justify;\"><strong>Commentaire re\u00e7u<\/strong><\/p>\n<p style=\"text-align: justify;\">Quand est-ce que les ath\u00e9es vont en faire autant ? Le Collectif ACCAD a-t-il achet\u00e9 ses disqueuses sans fil ? Tant pis si on pirate mon message ! J&rsquo;assume !<\/p>\n<p style=\"text-align: center;\">** **<\/p>\n<p style=\"text-align: justify;\">\u00ab\u00a0Les ondes sont tr\u00e8s nocives \u00e0 la sant\u00e9 et ils souhaitaient agir pour le bien-\u00eatre de l&rsquo;humanit\u00e9\u00a0\u00bb<br \/>\n<strong>Moines \u00ab\u00a0soldats\u00a0\u00bb anti-5G, destructeurs d&rsquo;antennes-relais<br \/>\n<\/strong>Deux moines d&rsquo;un couvent de Capucins situ\u00e9 dans le Beaujolais ont \u00e9t\u00e9 mis en examen, la semaine derni\u00e8re, pour s&rsquo;en \u00eatre pris \u00e0 des antennes-relais par hostilit\u00e9 au d\u00e9ploiement de la 5G, a-t-on appris lundi de source judiciaire.<br \/>\nSelon le parquet de Villefranche-sur-Sa\u00f4ne, confirmant des informations du quotidien r\u00e9gional Le Progr\u00e8s, les deux hommes, \u00e2g\u00e9s de 39 et 40 ans, ont reconnu avoir mis le feu \u00e0 un premier pyl\u00f4ne t\u00e9l\u00e9phonique, dans la nuit du 14 au 15 septembre \u00e0 Saint-Forgeux, au nord-ouest de Lyon.<br \/>\nLes d\u00e9g\u00e2ts avaient \u00e9t\u00e9 limit\u00e9s.<br \/>\nLa nuit suivante, les deux moines, membres d&rsquo;un couvent situ\u00e9 dans le Beaujolais, ont \u00e9t\u00e9 interpell\u00e9s en flagrant d\u00e9lit, par les gendarmes, tandis qu&rsquo;ils tentaient d&rsquo;incendier une antenne dans une autre commune, \u00e0 Ancy.<br \/>\nPlac\u00e9s en garde \u00e0 vue puis pr\u00e9sent\u00e9s \u00e0 un juge d&rsquo;instruction, ils ont reconnu les faits, expliquant avoir agi \u00ab\u00a0pour pr\u00e9munir la population des effets nuisibles\u00a0\u00bb de la 5G, a pr\u00e9cis\u00e9 \u00e0 l&rsquo;AFP la procureure de Villefranche, La\u00ebtitia Francart.<br \/>\nMis en examen pour \u00ab\u00a0destruction et tentative de destruction par moyen incendiaire\u00a0\u00bb et \u00ab\u00a0association de malfaiteurs\u00a0\u00bb, les deux moines ont \u00e9t\u00e9 plac\u00e9s sous contr\u00f4le judiciaire.<br \/>\nIls font partie d&rsquo;une communaut\u00e9 capucine bas\u00e9e au couvent Saint-Fran\u00e7ois, \u00e0 Villi\u00e9-Morgon, rattach\u00e9 au mouvement de la Fraternit\u00e9 Sacerdotale Saint-Pie X, selon son site internet.<br \/>\nSelon Le Progr\u00e8s, une porte-parole du couvent a \u00e9voqu\u00e9 \u00ab\u00a0un acte isol\u00e9 et une erreur de jeunesse\u00a0\u00bb. \u00ab\u00a0Les ondes sont tr\u00e8s nocives \u00e0 la sant\u00e9 et ils souhaitaient agir pour le bien-\u00eatre de l&rsquo;humanit\u00e9\u00a0\u00bb, a-t-elle d\u00e9clar\u00e9 au journal.<\/p>\n<p style=\"text-align: justify;\"><strong>EHS France<\/strong><\/p>\n<p style=\"text-align: center;\">** **<\/p>\n<p style=\"text-align: left;\"><strong>Deux moines hostiles \u00e0 la 5G arr\u00eat\u00e9s pour avoir cibl\u00e9 des antennes-relais<\/strong><\/p>\n<p style=\"text-align: justify;\">B.R.<\/p>\n<p style=\"text-align: justify;\">Les deux religieux ont \u00e9t\u00e9 arr\u00eat\u00e9s en flagrant d\u00e9lit alors qu&rsquo;il tentait de mettre le feu \u00e0 une antenne-relais la semaine derni\u00e8re. La nuit pr\u00e9c\u00e9dente, ils avaient d\u00e9j\u00e0 d\u00e9grad\u00e9 un autre pyl\u00f4ne.<\/p>\n<p style=\"text-align: justify;\">Deux moines d&rsquo;un couvent catholique int\u00e9griste du Rh\u00f4ne ont \u00e9t\u00e9 mis en examen, la semaine derni\u00e8re, pour s&rsquo;en \u00eatre pris \u00e0 des antennes-relais <a href=\"https:\/\/www.bfmtv.com\/tech\/les-operateurs-ont-active-plus-de-10-000-antennes-5g-en-france_AN-202103220140.html#xtor=AL-68\">par hostilit\u00e9 au d\u00e9ploiement de la 5G<\/a>, a-t-on appris lundi de source judiciaire.<\/p>\n<p style=\"text-align: justify;\"><strong>Interpell\u00e9s en flagrant d\u00e9lit<\/strong><\/p>\n<p style=\"text-align: justify;\">Selon le parquet de Villefranche-sur-Sa\u00f4ne, confirmant des informations du quotidien r\u00e9gional <a href=\"https:\/\/www.leprogres.fr\/faits-divers-justice\/2021\/09\/20\/antennes-relais-ciblees-par-des-incendies-deux-moines-interpelles-pres-de-lyon\"><em>Le Progr\u00e8s<\/em><\/a>, les deux hommes, \u00e2g\u00e9s de 39 et 40 ans, ont reconnu avoir mis le feu \u00e0 un premier pyl\u00f4ne t\u00e9l\u00e9phonique, dans la nuit du 14 au 15 septembre \u00e0 Saint-Forgeux, au nord-ouest de Lyon. Les d\u00e9g\u00e2ts avaient \u00e9t\u00e9 limit\u00e9s.<\/p>\n<p style=\"text-align: justify;\">La nuit suivante, les deux moines, membres d&rsquo;un couvent situ\u00e9 <a href=\"https:\/\/www.bfmtv.com\/lyon\/replay-emissions\/bonsoir-lyon\/beaujolais-les-vendanges-ont-commence_VN-202109170362.html#xtor=AL-68\">dans le Beaujolais<\/a>, ont \u00e9t\u00e9 interpell\u00e9s en flagrant d\u00e9lit, par les gendarmes, tandis qu&rsquo;ils tentaient d&rsquo;incendier une antenne dans une autre commune, \u00e0 Ancy.<\/p>\n<p style=\"text-align: justify;\">Plac\u00e9s en garde \u00e0 vue puis pr\u00e9sent\u00e9s \u00e0 un juge d&rsquo;instruction, ils ont reconnu les faits, expliquant avoir agi \u00ab\u00a0pour pr\u00e9munir la population des effets nuisibles\u00a0\u00bb de la 5G, a pr\u00e9cis\u00e9 \u00e0 l&rsquo;AFP la procureure de Villefranche, La\u00ebtitia Francart.<\/p>\n<p style=\"text-align: justify;\"><strong>Rattach\u00e9s \u00e0 un mouvement int\u00e9griste<\/strong><\/p>\n<p style=\"text-align: justify;\">Mis en examen pour \u00ab\u00a0destruction et tentative de destruction par moyen incendiaire\u00a0\u00bb et \u00ab\u00a0association de malfaiteurs\u00a0\u00bb, les deux moines ont \u00e9t\u00e9 plac\u00e9s sous contr\u00f4le judiciaire.<\/p>\n<p style=\"text-align: justify;\">Ils font partie d&rsquo;une communaut\u00e9 capucine bas\u00e9e au couvent Saint-Fran\u00e7ois, \u00e0 Villi\u00e9-Morgon, rattach\u00e9 au mouvement int\u00e9griste de la Fraternit\u00e9 Sacerdotale Saint-Pie X, selon son site internet.<\/p>\n<p style=\"text-align: justify;\">Selon<em> Le Progr\u00e8<\/em>s, une porte-parole du couvent a \u00e9voqu\u00e9 \u00ab\u00a0un acte isol\u00e9 et une erreur de jeunesse\u00a0\u00bb. \u00ab\u00a0Les ondes sont tr\u00e8s nocives \u00e0 la sant\u00e9 et ils souhaitaient agir pour le bien-\u00eatre de l&rsquo;humanit\u00e9\u00a0\u00bb, a-t-elle d\u00e9clar\u00e9 au journal.<\/p>\n<p style=\"text-align: justify;\"><a href=\"https:\/\/www.bfmtv.com\/police-justice\/rhone-deux-moines-hostiles-a-la-5g-arretes-pour-avoir-cible-des-antennes-relais_AD-202109200419.html#xtor=AL-68\">Article original publi\u00e9 sur BFMTV.com<\/a><\/p>\n<p style=\"text-align: justify;\">** **<\/p>\n<p style=\"text-align: justify;\"><a href=\"https:\/\/actu.orange.fr\/societe\/insolite\/moines-soldats-anti-5g-destructeurs-d-antennes-relais-CNT000001ExLrj.html\">Moines \u00ab\u00a0soldats\u00a0\u00bb anti-5G, destructeurs d&rsquo;an<\/a><\/p>\n<p style=\"text-align: justify;\"><a href=\"https:\/\/actu.orange.fr\/societe\/insolite\/moines-soldats-anti-5g-destructeurs-d-antennes-relais-CNT000001ExLrj.html\">https:\/\/actu.orange.fr\/societe\/insolite\/moine<\/a><\/p>\n<p style=\"text-align: justify;\"><a href=\"https:\/\/fr.sports.yahoo.com\/news\/rh%C3%B4ne-deux-moines-hostiles-%C3%A0-181542487.html?guccounter=1\">https:\/\/fr.sports.yahoo.com\/news\/rh%C3%B<\/a><\/p>\n<p style=\"text-align: justify;\"><a href=\"https:\/\/www.bfmtv.com\/tech\/les-operateurs-ont-active-plus-de-10-000-antennes-5g-en-france_AN-202103220140.html#xtor=AL-68\">https:\/\/www.bfmtv.com\/tech\/les-operateurs<\/a><\/p>\n<p style=\"text-align: justify;\">\n<p style=\"text-align: justify;\">il y a eu le temps du \u00ab\u00a0d\u00e9bat&rsquo; spoil\u00e9&#8230; disparu<\/p>\n<p style=\"text-align: justify;\">il y a le temps de l&rsquo;illusion&#8230;.\u00a0entretenue<\/p>\n<p style=\"text-align: justify;\">il y a le temps des m\u00e9dias, des organisations, des politiques, de l&rsquo;\u00e9tat&#8230; corrompus<\/p>\n<p style=\"text-align: justify;\">il y a le temps de la justice&#8230; ah bon ? mais quand ?<\/p>\n<p style=\"text-align: justify;\">il y a aussi le temps de la manifestation, de la r\u00e9sistance<\/p>\n<p style=\"text-align: justify;\">il y a maintenant aussi le temps de l&rsquo;action concr\u00e8te&#8230; la lutte mat\u00e9rialis\u00e9e contre les instruments nuisibles \u00e0 l&rsquo;homme, l&rsquo;\u00e9limination des poisons&#8230; l&rsquo;\u00e9radication des causes<\/p>\n<p style=\"text-align: justify;\">\u00e0 bon entendeur, je vous salue !<\/p>\n<p style=\"text-align: justify;\">si m\u00eame certains moines s&rsquo;y mettent le temps de l&rsquo;apocalypse n&rsquo;est plus tr\u00e8s loin&#8230;<br \/>\n<strong>Pour le collectif Stop-Linky \u00e0 Pont-P\u00e9an<\/strong><\/p>\n<p style=\"text-align: justify;\">\n","protected":false},"excerpt":{"rendered":"<p>Ils ont voulu d\u00e9truire des antennes-relais mis en examen\u00a0; ils sont mis en examen\u00a0!<\/p>\n","protected":false},"author":4,"featured_media":0,"comment_status":"closed","ping_status":"open","sticky":false,"template":"","format":"standard","meta":{"footnotes":""},"categories":[1],"tags":[],"class_list":["post-8011","post","type-post","status-publish","format-standard","hentry","category-non-classe"],"_links":{"self":[{"href":"https:\/\/collectif-accad.fr\/site\/wp-json\/wp\/v2\/posts\/8011","targetHints":{"allow":["GET"]}}],"collection":[{"href":"https:\/\/collectif-accad.fr\/site\/wp-json\/wp\/v2\/posts"}],"about":[{"href":"https:\/\/collectif-accad.fr\/site\/wp-json\/wp\/v2\/types\/post"}],"author":[{"embeddable":true,"href":"https:\/\/collectif-accad.fr\/site\/wp-json\/wp\/v2\/users\/4"}],"replies":[{"embeddable":true,"href":"https:\/\/collectif-accad.fr\/site\/wp-json\/wp\/v2\/comments?post=8011"}],"version-history":[{"count":1,"href":"https:\/\/collectif-accad.fr\/site\/wp-json\/wp\/v2\/posts\/8011\/revisions"}],"predecessor-version":[{"id":8012,"href":"https:\/\/collectif-accad.fr\/site\/wp-json\/wp\/v2\/posts\/8011\/revisions\/8012"}],"wp:attachment":[{"href":"https:\/\/collectif-accad.fr\/site\/wp-json\/wp\/v2\/media?parent=8011"}],"wp:term":[{"taxonomy":"category","embeddable":true,"href":"https:\/\/collectif-accad.fr\/site\/wp-json\/wp\/v2\/categories?post=8011"},{"taxonomy":"post_tag","embeddable":true,"href":"https:\/\/collectif-accad.fr\/site\/wp-json\/wp\/v2\/tags?post=8011"}],"curies":[{"name":"wp","href":"https:\/\/api.w.org\/{rel}","templated":true}]}}