{"id":8004,"date":"2021-10-08T02:13:57","date_gmt":"2021-10-08T00:13:57","guid":{"rendered":"https:\/\/collectif-accad.fr\/site\/?p=8004"},"modified":"2021-10-06T10:07:18","modified_gmt":"2021-10-06T08:07:18","slug":"les-francais-de-plus-en-plus-inquiets","status":"publish","type":"post","link":"https:\/\/collectif-accad.fr\/site\/les-francais-de-plus-en-plus-inquiets\/","title":{"rendered":"Les Fran\u00e7ais de plus en plus inquiets"},"content":{"rendered":"<h4 style=\"text-align: left;\"><strong>Il s\u2019agit d\u2019une \u00e9tude du Credoc sur \u00ab\u00a0le danger des ondes de la t\u00e9l\u00e9phonie mobile\u00a0\u00bb<\/strong><\/h4>\n<p><img loading=\"lazy\" decoding=\"async\" class=\"size-full wp-image-8030 aligncenter\" src=\"https:\/\/collectif-accad.fr\/site\/wp-content\/uploads\/2021\/10\/LeJourDeLaNuit-211009-2.jpg\" alt=\"\" width=\"665\" height=\"500\" srcset=\"https:\/\/collectif-accad.fr\/site\/wp-content\/uploads\/2021\/10\/LeJourDeLaNuit-211009-2.jpg 665w, https:\/\/collectif-accad.fr\/site\/wp-content\/uploads\/2021\/10\/LeJourDeLaNuit-211009-2-300x226.jpg 300w\" sizes=\"auto, (max-width: 665px) 100vw, 665px\" \/><\/p>\n<p><!--more--><\/p>\n<p style=\"text-align: justify;\">Le Credoc a publi\u00e9 en juillet 2021 son \u00ab\u00a0Barom\u00e8tre du num\u00e9rique\u00a0\u00bb. Ce <a href=\"https:\/\/www.credoc.fr\/publications\/barometre-du-numerique-edition-2021\">document<\/a> constitue le rapport d\u2019analyse des r\u00e9sultats des questions ins\u00e9r\u00e9es par l\u2019Autorit\u00e9 de r\u00e9gulation des communications \u00e9lectroniques, des postes et de la distribution de la presse (ARCEP), le Conseil g\u00e9n\u00e9ral de l\u2019\u00e9conomie (CGE) et l\u2019Agence nationale de la coh\u00e9sion des territoires (ANCT) dans une enqu\u00eate d\u00e9di\u00e9e, men\u00e9e aupr\u00e8s de 4 000 personnes de 12 ans et plus r\u00e9sidant en France m\u00e9tropolitaine.<\/p>\n<p style=\"text-align: justify;\">Les ondes de la t\u00e9l\u00e9phonie mobile \u00ab\u00a0plut\u00f4t pas s\u00fbrs\u00a0\u00bb pour une majorit\u00e9 de fran\u00e7ais<\/p>\n<p style=\"text-align: justify;\">Comme l\u2019illustre le graphique ci-dessous une majorit\u00e9 des personnes interrog\u00e9es se m\u00e9fient des ondes pr\u00e9sentes dans leur quotidien. Voici en substance l\u2019analyse tir\u00e9e par les enqu\u00eateurs du Cr\u00e9doc :<\/p>\n<p style=\"text-align: justify;\"><em>\u00ab\u00a0Les quatre dispositifs sont donc jug\u00e9s, globalement, comme peu s\u00fbrs pour la sant\u00e9 humaine. Plus de la moiti\u00e9 des r\u00e9pondants (52%) jugent les champs magn\u00e9tiques g\u00e9n\u00e9r\u00e9s par l\u2019ensemble des appareils domestiques comme peu s\u00fbrs, 46% pensent de m\u00eame des antennes de relais ou des t\u00e9l\u00e9phones mobiles et 42% consid\u00e8rent que les r\u00e9seaux Wi-Fi \u00e0 l\u2019int\u00e9rieur des maisons constituent un risque pour la sant\u00e9 humaine\u00a0\u00bb<\/em><\/p>\n<p style=\"text-align: justify;\"><strong><img loading=\"lazy\" decoding=\"async\" class=\"alignnone size-full wp-image-8000\" src=\"https:\/\/collectif-accad.fr\/site\/wp-content\/uploads\/2021\/10\/Credoc-fig-1.jpg\" alt=\"\" width=\"1007\" height=\"491\" srcset=\"https:\/\/collectif-accad.fr\/site\/wp-content\/uploads\/2021\/10\/Credoc-fig-1.jpg 1007w, https:\/\/collectif-accad.fr\/site\/wp-content\/uploads\/2021\/10\/Credoc-fig-1-300x146.jpg 300w, https:\/\/collectif-accad.fr\/site\/wp-content\/uploads\/2021\/10\/Credoc-fig-1-768x374.jpg 768w\" sizes=\"auto, (max-width: 1007px) 100vw, 1007px\" \/><\/strong><\/p>\n<p style=\"text-align: justify;\"><strong>\u00a0<\/strong><strong>Les fran\u00e7ais plus inquiets des ondes que des produits chimiques<\/strong><\/p>\n<p style=\"text-align: justify;\">Par ailleurs, compar\u00e9s \u00e0 d\u2019autres produit et milieux de la vie quotidienne, les produits de\u00a0 t\u00e9l\u00e9communications et de nouvelles technologies figurent en bas de la hi\u00e9rarchie des produits et milieux les plus surs (Graphique 184). Ainsi, 74% se m\u00e9fient des t\u00e9l\u00e9phones portables et des antennes de t\u00e9l\u00e9phonie mobile, contre seulement 29% des Fran\u00e7ais qui se m\u00e9fient des aliments fais et 35% qui se m\u00e9fient de l\u2019eau du robinet. Et seuls 17% les consid\u00e8rent comme s\u00fbrs et 3% comme tr\u00e8s s\u00fbrs. Des chiffres particuli\u00e8rement mauvais qui ne sont d\u00e9pass\u00e9s de peu que par les insecticides et les nanomat\u00e9riaux\u2026.<\/p>\n<p style=\"text-align: justify;\"><strong><img loading=\"lazy\" decoding=\"async\" class=\"alignnone size-full wp-image-8001\" src=\"https:\/\/collectif-accad.fr\/site\/wp-content\/uploads\/2021\/10\/Credoc-fig-2.jpg\" alt=\"\" width=\"1183\" height=\"747\" srcset=\"https:\/\/collectif-accad.fr\/site\/wp-content\/uploads\/2021\/10\/Credoc-fig-2.jpg 1183w, https:\/\/collectif-accad.fr\/site\/wp-content\/uploads\/2021\/10\/Credoc-fig-2-300x189.jpg 300w, https:\/\/collectif-accad.fr\/site\/wp-content\/uploads\/2021\/10\/Credoc-fig-2-1024x647.jpg 1024w, https:\/\/collectif-accad.fr\/site\/wp-content\/uploads\/2021\/10\/Credoc-fig-2-768x485.jpg 768w\" sizes=\"auto, (max-width: 1183px) 100vw, 1183px\" \/><\/strong><\/p>\n<p style=\"text-align: justify;\"><strong>Une \u00e9volution contrast\u00e9e entre 2014 et 2020<\/strong><\/p>\n<p style=\"text-align: justify;\">L\u2019impression de s\u00e9curit\u00e9 progresse pour trois d\u2019entre eux. La progression la plus marqu\u00e9e concerne les t\u00e9l\u00e9phones mobiles eux\u2013m\u00eames. En 2020, 34% des Fran\u00e7ais estiment que les t\u00e9l\u00e9phones mobiles sont plut\u00f4t s\u00fbrs d\u2019un point de vue sanitaire, contre 24% en 2014, soit une hausse de 10 points. Le sentiment que les antennes relais de t\u00e9l\u00e9phonie mobile soient des installations plut\u00f4t s\u00fbres progresse \u00e9galement et cela dans des proportions quasi identiques : une hausse +9 points (on passe de 21% \u00e0 30%). En 2020, les r\u00e9seaux Wi\u2013Fi sont, quant \u00e0 eux, le produit consid\u00e9r\u00e9 le plus s\u00fbr. 37% des Fran\u00e7ais estiment qu\u2019ils ne repr\u00e9sentent plut\u00f4t pas de danger pour la sant\u00e9, contre 29% en 2014 (+ 8 points).<\/p>\n<p style=\"text-align: justify;\"><img loading=\"lazy\" decoding=\"async\" class=\"alignnone size-full wp-image-8002\" src=\"https:\/\/collectif-accad.fr\/site\/wp-content\/uploads\/2021\/10\/Credoc-fig-3.jpg\" alt=\"\" width=\"833\" height=\"533\" srcset=\"https:\/\/collectif-accad.fr\/site\/wp-content\/uploads\/2021\/10\/Credoc-fig-3.jpg 833w, https:\/\/collectif-accad.fr\/site\/wp-content\/uploads\/2021\/10\/Credoc-fig-3-300x192.jpg 300w, https:\/\/collectif-accad.fr\/site\/wp-content\/uploads\/2021\/10\/Credoc-fig-3-768x491.jpg 768w\" sizes=\"auto, (max-width: 833px) 100vw, 833px\" \/><\/p>\n<p style=\"text-align: justify;\">Alors que les champs magn\u00e9tiques g\u00e9n\u00e9r\u00e9s par l\u2019ensemble des appareils \u00e9lectroniques domestiques \u00e9taient consid\u00e9r\u00e9s comme le domaine le plus s\u00fbr en 2014, ils ferment d\u00e9sormais la marche. En effet, pour ce domaine en particulier, on constate une \u00e9volution vers plus de d\u00e9fiance, \u00e0 rebours de ce qui se passe pour les autres produits. <strong>Les Fran\u00e7ais se disent moins rassur\u00e9s s\u2019agissant de l\u2019impact sanitaire des champs\u00a0 magn\u00e9tiques domestiques en 2020 que six ans plus t\u00f4t. 25% de nos concitoyens estiment aujourd\u2019hui qu\u2019il s\u2019agit d\u2019un domaine plut\u00f4t s\u00fbr, contre 30% en 2014 (soit une baisse de \u20135 points)<\/strong>.<\/p>\n<p style=\"text-align: justify;\">Ce sont les hommes, les dipl\u00f4m\u00e9s du sup\u00e9rieur, les classes moyennes sup\u00e9rieures, les cadres et dans une moindre mesure les titulaires de hauts revenus qui sont plus enclins \u00e0 consid\u00e9rer ces quatre produits comme s\u00fbrs.<\/p>\n<p style=\"text-align: justify;\"><strong>Les fran\u00e7ais se prot\u00e8gent plus des effets des ondes<\/strong><\/p>\n<p style=\"text-align: justify;\">Par rapport \u00e0 2014, les Fran\u00e7ais ont un peu plus souvent recours \u00e0 des pratiques pr\u00e9ventives. La proportion de personnes \u00e9loignant le t\u00e9l\u00e9phone mobile a progress\u00e9 de +7 points. Il en est de m\u00eame pour la proportion de personnes \u00e9vitant de t\u00e9l\u00e9phoner dans des zones mal desservies (+7 points) et dans une moindre mesure pour celles qui \u00e9vitent de t\u00e9l\u00e9phoner lors de leurs d\u00e9placements \u00e0 grande vitesse (+4 points). En revanche, la proportion de Fran\u00e7ais qui limitent la dur\u00e9e de leurs appels pour r\u00e9duire l\u2019exposition aux ondes radio est rest\u00e9e stable.<\/p>\n<p style=\"text-align: justify;\"><strong> <img loading=\"lazy\" decoding=\"async\" class=\"alignnone size-full wp-image-8003\" src=\"https:\/\/collectif-accad.fr\/site\/wp-content\/uploads\/2021\/10\/Credoc-fig-4.jpg\" alt=\"\" width=\"892\" height=\"483\" srcset=\"https:\/\/collectif-accad.fr\/site\/wp-content\/uploads\/2021\/10\/Credoc-fig-4.jpg 892w, https:\/\/collectif-accad.fr\/site\/wp-content\/uploads\/2021\/10\/Credoc-fig-4-300x162.jpg 300w, https:\/\/collectif-accad.fr\/site\/wp-content\/uploads\/2021\/10\/Credoc-fig-4-768x416.jpg 768w\" sizes=\"auto, (max-width: 892px) 100vw, 892px\" \/><\/strong><\/p>\n<p style=\"text-align: justify;\">Au total, 49% des possesseurs d\u2019un t\u00e9l\u00e9phone mobile adoptent au moins une des quatre mesures de pr\u00e9caution test\u00e9s pour limiter l\u2019exposition aux ondes radios. Par rapport \u00e0 2014, cette proportion est en l\u00e9g\u00e8re diminution (- 3 points). Ce r\u00e9sultat m\u00e9rite n\u00e9anmoins d\u2019\u00eatre nuanc\u00e9. En 2020, 22% des d\u00e9tenteurs d\u2019un t\u00e9l\u00e9phone mobile adoptent trois ou quatre des mesures de pr\u00e9caution cit\u00e9es, contre17% en 2014. (+ 5 points).<\/p>\n<p style=\"text-align: justify;\">Pour le Dr Marc Arazi, pr\u00e9sident d\u2019Alerte Phonegate \u00e0 l\u2019origine des r\u00e9v\u00e9lations du scandale :<\/p>\n<p style=\"text-align: justify;\">\u00ab\u00a0<em>Cette \u00e9tude du Credoc montre \u00e0 quel point les fran\u00e7ais ont pris conscience des risques sanitaires li\u00e9s \u00e0 la t\u00e9l\u00e9phonie mobile et ne se sont pas satisfaits des informations faussement rassurantes des pouvoirs publics quand aux dangers des ondes des radiofr\u00e9quences. Nous nous r\u00e9jouissons de constater que notre travail d\u2019alerte ainsi que celles de nombreuses organisations fran\u00e7aises et internationales ont incit\u00e9 de plus en plus d\u2019utilisateurs \u00e0 changer leurs pratiques. Nous y voyons un signe encourageant dans notre combat pour la sant\u00e9 publique !\u00a0\u00bb<\/em><\/p>\n<p style=\"text-align: justify;\"><em>\u00a0<\/em><\/p>\n<p style=\"text-align: justify;\"><a href=\"https:\/\/www.phonegatealert.org\/communique-selon-une-etude-du-credoc-les-francais-de-plus-en-plus-inquiets-du-danger-des-ondes-de-la-telephonie-mobile\">https:\/\/www.phonegatealert.org\/communique-selon-u<\/a><\/p>\n","protected":false},"excerpt":{"rendered":"<p>Il s\u2019agit d\u2019une \u00e9tude du Credoc sur \u00ab\u00a0le danger des ondes de la t\u00e9l\u00e9phonie mobile\u00a0\u00bb<\/p>\n","protected":false},"author":4,"featured_media":0,"comment_status":"closed","ping_status":"open","sticky":false,"template":"","format":"standard","meta":{"footnotes":""},"categories":[1],"tags":[],"class_list":["post-8004","post","type-post","status-publish","format-standard","hentry","category-non-classe"],"_links":{"self":[{"href":"https:\/\/collectif-accad.fr\/site\/wp-json\/wp\/v2\/posts\/8004","targetHints":{"allow":["GET"]}}],"collection":[{"href":"https:\/\/collectif-accad.fr\/site\/wp-json\/wp\/v2\/posts"}],"about":[{"href":"https:\/\/collectif-accad.fr\/site\/wp-json\/wp\/v2\/types\/post"}],"author":[{"embeddable":true,"href":"https:\/\/collectif-accad.fr\/site\/wp-json\/wp\/v2\/users\/4"}],"replies":[{"embeddable":true,"href":"https:\/\/collectif-accad.fr\/site\/wp-json\/wp\/v2\/comments?post=8004"}],"version-history":[{"count":4,"href":"https:\/\/collectif-accad.fr\/site\/wp-json\/wp\/v2\/posts\/8004\/revisions"}],"predecessor-version":[{"id":8006,"href":"https:\/\/collectif-accad.fr\/site\/wp-json\/wp\/v2\/posts\/8004\/revisions\/8006"}],"wp:attachment":[{"href":"https:\/\/collectif-accad.fr\/site\/wp-json\/wp\/v2\/media?parent=8004"}],"wp:term":[{"taxonomy":"category","embeddable":true,"href":"https:\/\/collectif-accad.fr\/site\/wp-json\/wp\/v2\/categories?post=8004"},{"taxonomy":"post_tag","embeddable":true,"href":"https:\/\/collectif-accad.fr\/site\/wp-json\/wp\/v2\/tags?post=8004"}],"curies":[{"name":"wp","href":"https:\/\/api.w.org\/{rel}","templated":true}]}}