{"id":7991,"date":"2021-10-01T02:02:48","date_gmt":"2021-10-01T00:02:48","guid":{"rendered":"https:\/\/collectif-accad.fr\/site\/?p=7991"},"modified":"2021-10-03T16:09:46","modified_gmt":"2021-10-03T14:09:46","slug":"internet-par-satellite","status":"publish","type":"post","link":"https:\/\/collectif-accad.fr\/site\/internet-par-satellite\/","title":{"rendered":"Internet par satellite ?"},"content":{"rendered":"<h4 style=\"text-align: left;\"><strong><br \/>\nStop \u00e0 la privatisation du ciel \u00e9toil\u00e9 qui n\u2019est pas \u00e0 vendre ! <\/strong><\/h4>\n<p><!--more--><\/p>\n<p style=\"text-align: justify;\">Les milliardaires de la Silicon Valley fourbissent leurs armes pour envoyer en orbite basse des constellations de dizaines de milliers de satellites. Elon Musk (Tesla, Space X), Jeff Bezos (Amazon) ou encore Bill Gates (Microsoft) jouent une nouvelle fois avec les failles d\u2019un syst\u00e8me \u00e9conomique qu\u2019ils ont coconstruits et le no man\u2019s land juridique pour coloniser l\u2019espace.<\/p>\n<p style=\"text-align: justify;\">Le seul r\u00e9seau satellitaire Starlink soutenu par Elon Musk devrait \u00e0 terme compter plus de 40 000 satellites. Avant ce nouveau FarWeb, l\u2019espace compte 2063 satellites.<\/p>\n<p style=\"text-align: justify;\">Le ciel n\u2019est pas \u00e0 vendre !<\/p>\n<p style=\"text-align: justify;\">Signer la p\u00e9tition\u00a0: <a href=\"https:\/\/stopstarlink.agirpourlenvironnement.org\/\">stopstarlink.agirpourlenvironnement.org<\/a><\/p>\n<p style=\"text-align: center;\">** **<\/p>\n<p style=\"text-align: justify;\"><em>Les Amishs n\u2019ont qu\u2019\u00e0 bien se tenir\u00a0! Apr\u00e8s avoir subi un d\u00e9ploiement de la 5G \u00e0 marche forc\u00e9e, sans d\u00e9bat ni \u00e9valuations s\u00e9rieuses, les sponsors officiels du meilleur de l\u2019e-monde nous annoncent l\u2019arriv\u00e9e imminente de l\u2019internet par satellite. <strong>Les milliardaires de la Silicon Valley fourbissent leurs armes pour envoyer en orbite basse des constellations de dizaines de milliers de satellites.<\/strong> Elon Musk (Tesla, Space X), Jeff Bezos (Amazon) ou encore Bill Gates (Microsoft) jouent une nouvelle fois avec les failles d\u2019un syst\u00e8me \u00e9conomique qu\u2019ils ont coconstruits et le no man\u2019s land juridique pour coloniser l\u2019espace. A coups de dizaines de milliards de dollars, ces investisseurs sans foi ni loi nous rejouent la fable de la conqu\u00eate de l\u2019Ouest, s\u2019appropriant le dernier territoire vierge, l\u2019espace. Le ciel \u00e9toil\u00e9, source d\u2019\u00e9merveillement est passe de devenir une prison raill\u00e9e, stri\u00e9e de raies de lumi\u00e8re brouillant toute possibilit\u00e9 d\u2019observations de cette quatri\u00e8me dimension cosmique.<\/em><\/p>\n<p style=\"text-align: justify;\"><em>Pire, apr\u00e8s avoir pollu\u00e9 l\u2019eau, la terre, l\u2019air, l\u2019alimentation, apr\u00e8s avoir d\u00e9r\u00e9gl\u00e9 le climat ou particip\u00e9 \u00e0 l\u2019effondrement des \u00e9cosyst\u00e8mes, les voil\u00e0 en passe de polluer l\u2019espace. <strong>Le seul r\u00e9seau satellitaire Starlink soutenu par Elon Musk devrait \u00e0 terme compter plus de 40\u00a0000 satellites.<\/strong> Avant ce nouveau FarWeb, l\u2019espace compte 2063 satellites. Si rien n\u2019est entrepris pour r\u00e9glementer l\u2019appropriation de l\u2019espace, <strong>le ciel sera \u00e0 terme une immense poubelle emplie de d\u00e9bris spatiaux.<\/strong> De surcro\u00eet, personne n\u2019est en mesure d\u2019\u00e9valuer s\u00e9rieusement, \u00e0 l\u2019instar du d\u00e9ploiement de la 5G, l\u2019impact en mati\u00e8re d\u2019exposition aux champs \u00e9lectromagn\u00e9tiques. Seule certitude, les gammes de fr\u00e9quences utilis\u00e9es sont tr\u00e8s loin d\u2019avoir fait l\u2019objet d\u2019une \u00e9valuation sanitaire s\u00e9rieuse\u00a0!<\/em><\/p>\n<p style=\"text-align: justify;\"><strong><em>Malgr\u00e9 toutes ces interrogations, l\u2019Autorit\u00e9 de R\u00e9gulation des Communications \u00c9lectroniques fran\u00e7aise a accord\u00e9, sans \u00e9valuation ni d\u00e9bat, \u00e0 la soci\u00e9t\u00e9 Starlink une autorisation d\u2019exploiter une partie du spectre \u00e9lectromagn\u00e9tique hexagonal ! Agir pour l\u2019Environnement et PRIARTEM ont d\u00e9cid\u00e9 d\u2019attaquer cette d\u00e9cision devant le Conseil d\u2019Etat.<\/em><\/strong><\/p>\n<ul style=\"text-align: justify;\">\n<li><em>Nous refusons d\u2019\u00eatre des rats de laboratoire, expos\u00e9s, partout tout le temps, \u00e0 des champs \u00e9lectromagn\u00e9tiques non \u00e9valu\u00e9s.<\/em><\/li>\n<li><em>Nous refusons d\u2019\u00eatre surveill\u00e9s par quelques milliardaires de la Silicon Valley qui n\u2019ont de cesse de nous inviter \u00e0 franchir le mur climatique.<\/em><\/li>\n<li><em>Nous refusons de voir ce patrimoine commun de l\u2019Humanit\u00e9 qu\u2019est le ciel \u00e9toil\u00e9, pollu\u00e9 par les striures de lumi\u00e8res \u00e9mises par ces constellations de satellites.<\/em><\/li>\n<\/ul>\n<p style=\"text-align: justify;\"><em>Nous vous demandons qu\u2019un d\u00e9bat public soit organis\u00e9, qu\u2019un moratoire soit prononc\u00e9 par les autorit\u00e9s hexagonales et europ\u00e9ennes et qu\u2019une interdiction du survol de l\u2019espace a\u00e9rien fran\u00e7ais soit signifi\u00e9e \u00e0 ces petits soldats du lib\u00e9ralisme triomphant.<\/em><\/p>\n<p style=\"text-align: justify;\"><strong><em>Le ciel n\u2019est pas \u00e0 vendre !<\/em><\/strong><\/p>\n<p style=\"text-align: center;\"><strong>** **<\/strong><\/p>\n<p style=\"text-align: justify;\">Ce qui est en train de se passer au-dessus de nos t\u00eates est une v\u00e9ritable catastrophe pour le vivant. Un peu partout dans le monde, aujourd&rsquo;hui samedi, mais pas en France, on a manifest\u00e9 contre le projet de fous furieux dont le plus grand est Starlink, de M. Elon Musk, homme si puissant qu&rsquo;il a vassalis\u00e9 la NASA, organisme spatial de la 1\u00e8re puissance mondiale. Aujourd&rsquo;hui, nos \u00e9crans s&rsquo;esbaudissent de l&rsquo;exploit de M. Musk d&rsquo;avoir envoy\u00e9 en l&rsquo;air des touristes milliardaires. Nous avons envoy\u00e9 \u00e0 notre gloire nationale Thomas Pesquet, les appels des scientifiques de l&rsquo;espace en lui disant que nous avons un peu honte. Nous avions \u00e9t\u00e9 tr\u00e8s \u00e9tonn\u00e9s d\u2019avoir \u00e9t\u00e9 presque les seuls en France, mais en Europe aussi, \u00e0 l\u2019exception notable de nos amis belges, au mois de mars, \u00e0 avoir interpell\u00e9 sur ce probl\u00e8me de l\u2019assassinat du ciel en cours en place publique (et sur T\u00e9l\u00e9nantes), ce qui se voit visiblement sur nos affiches, d&rsquo;ailleurs relay\u00e9es par le team international stop 5G (nous parlions de 50 000 satellites, on parle d&rsquo;un programme de 100 000 &#8211; il en existe aujourd&rsquo;hui un peu plus de 2000) :<\/p>\n<p style=\"text-align: justify;\"><a href=\"https:\/\/www.facebook.com\/groups\/548912049259423\/\">https:\/\/www.facebook.com\/groups\/548912049259423\/<\/a><\/p>\n<p style=\"text-align: justify;\"><a href=\"https:\/\/www.stop5ginternational.org\/\">https:\/\/www.stop5ginternational.org<\/a><\/p>\n<p style=\"text-align: justify;\">Dans la classe politique, seuls des d\u00e9put\u00e9s de LFI ont alert\u00e9 la repr\u00e9sentation nationale sur cette question. Mais aucun \u00e9cologiste ni quiconque ne se pr\u00e9occupe de ces questions&#8230; Aucune ONG&#8230; Tr\u00e8s inqui\u00e9tant.<\/p>\n<p style=\"text-align: justify;\">Cette p\u00e9tition &#8211; fran\u00e7aise &#8211; a \u00e9t\u00e9 envoy\u00e9e au Team Stop 5G international qui la relaiera mondialement. Ils nous en remercient.<\/p>\n<p style=\"text-align: justify;\">S&rsquo;il y a bien une p\u00e9tition \u00e0 signer parmi la myriade de p\u00e9titions (\u00e0 90% redondantes et inutiles) qui circulent, c&rsquo;est peut-\u00eatre bien celle-ci.<\/p>\n<p style=\"text-align: justify;\">Les astronomes, les astrophysiciens, les m\u00e9t\u00e9orologues, l&rsquo;aviation civile &#8211; et aujourd&rsquo;hui, enfin, quelques astronautes &#8211; lancent un cri d&rsquo;alarme contre ce projet satellitaire de 5G (et 6G avec d\u00e9j\u00e0 les Chinois en avance). C\u2019est-\u00e0-dire<strong><u> la science de l&rsquo;espace.<\/u><\/strong> Discuter d&rsquo;\u00e9nergie durable, de transition de ceci et de cela, sans comprendre ce qui se passe dans l&rsquo;espace en ce moment en devient, \u00e0 nos yeux, un peu d\u00e9risoire. Cons\u00e9quences imm\u00e9diates : ionosph\u00e8re et magn\u00e9tosph\u00e8re ab\u00eem\u00e9es d\u00e9finitivement, tr\u00e8s grave atteinte aux oc\u00e9ans, cons\u00e9quences irr\u00e9m\u00e9diables sur le vivant, accidents et carambolage de satellites dans ce nouveau far west c\u00e9leste, bombardement d\u2019ondes nuisibles depuis le ciel sans le moindre espace pr\u00e9serv\u00e9 sur la Terre. On est en train de faire du ciel une v\u00e9ritable poubelle, une destruction de l&rsquo;\u00e9cosyst\u00e8me g\u00e9n\u00e9ral, comme on l&rsquo;a d\u00e9j\u00e0 fait des oc\u00e9ans et des for\u00eats (et du reste).<\/p>\n<p style=\"text-align: justify;\">Il faut signer pour nous et nos enfants, pour ce qui reste du Vivant, et \u00e0 d\u00e9faut pour notre plan\u00e8te, nos astronomes etc.<\/p>\n<p style=\"text-align: justify;\">Les groupes nantais<\/p>\n<p style=\"text-align: center;\">** **<\/p>\n<p style=\"text-align: justify;\">Pour compl\u00e9ter les pr\u00e9occupations que soul\u00e8vent les constellations de satellites, tr\u00e8s bien d\u00e9crites ci-dessous par les groupes nantais, on peut\u00a0aussi parler de l&rsquo;aluminium dont sont fait les satellites.<\/p>\n<p>Ceux-ci ont une dur\u00e9e de vie courte et sont donc d\u00e9sorbit\u00e9s tous les 5 \u00e0 7 ans pour \u00e9viter d&rsquo;encombrer les orbites basses. En brulant lors de leur rentr\u00e9e dans l&rsquo;atmosph\u00e8re, au-dessus de la couche d&rsquo;ozone, ils viennent alimenter\u00a0celle-ci en particules d&rsquo;aluminium. Or l&rsquo;oxyde d&rsquo;aluminium ne fait pas bon m\u00e9nage avec les mol\u00e9cules d&rsquo;ozone : il les d\u00e9truit. La communaut\u00e9 scientifique a identifi\u00e9 ce sujet et commence \u00e0 tirer le signal\u00a0d&rsquo;alarme.<\/p>\n<p>Notre\u00a0Collectif avait \u00e9crit un\u00a0article faisant la synth\u00e8se de ce sujet en juillet dernier. Vous trouverez le lien vers l&rsquo;article ici\u00a0:<\/p>\n<p style=\"text-align: justify;\">\u00a0<a href=\"http:\/\/stoplinky94120.wordpress.com\/2021\/07\/06\/laluminium-des-satellites-delon-musk-ne-ferait-pas-bon-menage-avec-la-couche-dozone-et-pourrait-perturber-le-climat\/\">http:\/\/stoplinky94120.wordpress.com\/2021\/07\/06\/lalu<\/a><\/p>\n<p>Un autre article sur les super-constellations de satellites avait \u00e9t\u00e9 publi\u00e9 en avril 2020 :<\/p>\n<p style=\"text-align: justify;\"><a href=\"http:\/\/stoplinky94120.wordpress.com\/2020\/04\/24\/internet-tres-haut-debit-un-point-sur-les-constellations-de-satellites\/\">http:\/\/stoplinky94120.wordpress.com\/2020\/04\/2<\/a>\u200c\u200c<\/p>\n<p>Lle Collectif Stop Linky \/ Gazpar \/ 5G de Fontenay-sous-Bois<br \/>\n<a href=\"http:\/\/stoplinky94120.wordpress.com\/\">http:\/\/stoplinky94120.wordpress.com\/<\/a>\u200c<\/p>\n<p style=\"text-align: center;\">** **<\/p>\n<p style=\"text-align: justify;\">Et pour parachever le bilan \u00e9cologique catastrophique de ces satellites 5G, leurs lanceurs\u00a0 utilisent un carburant qui contient du mercure.<\/p>\n<p style=\"text-align: justify;\">PG<\/p>\n<p style=\"text-align: center;\">** **<\/p>\n<p style=\"text-align: justify;\">Le 3 septembre dernier le journal Sud Ouest titrait sa premi\u00e8re page : \u00ab\u00a0<em>Internet la ru\u00e9e vers l&rsquo;espace\u00a0\u00bb ;<\/em>puis\u00a0 avait consacr\u00e9 2 pages\u00a0 \u00a0\u00bb <em>Starlink ; l&rsquo;internet par satellite grignote des parts du ciel \u00a0\u00bb <\/em><\/p>\n<p style=\"text-align: justify;\">plus bas: <em>la fronde des astronomes contre les satellites face \u00e0 la hausse exponentielle du nombre de satellites<\/em>. Est ce que les populations vont prendre conscience du probl\u00e8me ? ?<\/p>\n<p style=\"text-align: justify;\">A force il va falloir ressortir\u00a0 les casques lourds des placards\u00a0 !\ud83e\udd14<\/p>\n<p style=\"text-align: justify;\">Bordeaux<\/p>\n<p style=\"text-align: center;\">** **<\/p>\n<p style=\"text-align: center;\"><strong>Pour en rajouter<\/strong><\/p>\n<p style=\"text-align: justify;\"><strong>Faisceau arme \u00e9lectromagn\u00e9tique \u00e0 \u00e9nergie dirig\u00e9e fr\u00e9quence micro-ondes GHz<\/strong><\/p>\n<p style=\"text-align: justify;\">Apr\u00e8s 15 ans de tests et un d\u00e9ploiement en Afghanistan, sans avoir jamais \u00e9t\u00e9 utilis\u00e9 sur le terrain, l&rsquo;arm\u00e9e am\u00e9ricaine a d\u00e9voil\u00e9 son \u00ab\u00a0Active Denial System\u00a0\u00bb (ADS), une arme anti-\u00e9meute et autres, qui envoie un faisceau d\u2019ondes \u00e9lectromagn\u00e9tiques micro-ondes en GHz jusqu&rsquo; \u00e0 1 km. La sensation ? Une chaleur imm\u00e9diate et insupportable en 2 \u00e0 3 secondes ! Si l\u2019exposition est sup\u00e9rieure \u00e0 3 secondes, il y a br\u00fblure imm\u00e9diate de la peau et des yeux,<\/p>\n<p>Et ce n&rsquo;est pas fini\u00a0!<\/p>\n<p><strong>Attaques aux fr\u00e9quences micro-ondes MHz ou GHz<\/strong><\/p>\n<p style=\"text-align: justify;\">En 2016, des diplomates am\u00e9ricains en poste \u00e0 Cuba \u00e9taient victimes d&rsquo;un mal myst\u00e9rieux qui leur donnait des maux de t\u00eate, des acouph\u00e8nes ou encore des troubles du sommeil. Des scientifiques ont trouv\u00e9 leur cause et parlent d&rsquo;une attaque cibl\u00e9e aux micro-ondes.<\/p>\n<p><strong>France 2 Cuba : des diplomates victimes de micro-ondes<br \/>\n<\/strong>C&rsquo;est un myst\u00e8re que les Am\u00e9ricains tentent de r\u00e9soudre depuis un jour d&rsquo;hiver 2016 o\u00f9 25 diplomates de leur ambassade \u00e0 Cuba ont tout \u00e0 coup \u00e9t\u00e9 frapp\u00e9s par des vomissements, des maux de t\u00eate, des acouph\u00e8nes, causant parfois des dommages c\u00e9r\u00e9braux irr\u00e9versibles.<br \/>\nUne enqu\u00eate du tr\u00e8s s\u00e9rieux New York Times a peut-\u00eatre trouv\u00e9 l&rsquo;origine de ces sympt\u00f4mes. Il s&rsquo;agirait selon plusieurs sp\u00e9cialistes d&rsquo;attaques caus\u00e9es par des faisceaux comparables \u00e0 ceux \u00e9mis par des fours \u00e0 micro-ondes.<\/p>\n<p style=\"text-align: justify;\"><strong>Des sc\u00e9narios dignes de la guerre froide.<br \/>\n<\/strong>L\u2019arme pourrait ressembler \u00e0 une antenne satellite dissimulable dans un v\u00e9hicule et qui, bien orient\u00e9e, aurait la capacit\u00e9 de cibler un ou plusieurs individus pour l&rsquo;affaiblir ou le tuer, selon l&rsquo;intensit\u00e9 des ondes. C\u2019est une technologie semblable \u00e0 celle \u00e9tudi\u00e9e par l&rsquo;arm\u00e9e am\u00e9ricaine pour faire reculer des manifestants par exemple. L&rsquo;effet est imm\u00e9diat : une sensation de chaleur insupportable pousse les cibles \u00e0 fuir. Le FBI ne confirme pas cette th\u00e9orie et indique n&rsquo;avoir aucune id\u00e9e de la m\u00e9thode ni de l&rsquo;auteur. La Russie ou encore la Chine ma\u00eetrisent cette technologie, de quoi alimenter des sc\u00e9narios dignes de la guerre froide.<\/p>\n<p style=\"text-align: justify;\"><strong>\u00a0<\/strong><strong>Comment va t-on faire pour arr\u00eater tout cela ????<\/strong><\/p>\n","protected":false},"excerpt":{"rendered":"<p>Stop \u00e0 la privatisation du ciel \u00e9toil\u00e9 qui n\u2019est pas \u00e0 vendre !<\/p>\n","protected":false},"author":4,"featured_media":0,"comment_status":"closed","ping_status":"open","sticky":false,"template":"","format":"standard","meta":{"footnotes":""},"categories":[1],"tags":[],"class_list":["post-7991","post","type-post","status-publish","format-standard","hentry","category-non-classe"],"_links":{"self":[{"href":"https:\/\/collectif-accad.fr\/site\/wp-json\/wp\/v2\/posts\/7991","targetHints":{"allow":["GET"]}}],"collection":[{"href":"https:\/\/collectif-accad.fr\/site\/wp-json\/wp\/v2\/posts"}],"about":[{"href":"https:\/\/collectif-accad.fr\/site\/wp-json\/wp\/v2\/types\/post"}],"author":[{"embeddable":true,"href":"https:\/\/collectif-accad.fr\/site\/wp-json\/wp\/v2\/users\/4"}],"replies":[{"embeddable":true,"href":"https:\/\/collectif-accad.fr\/site\/wp-json\/wp\/v2\/comments?post=7991"}],"version-history":[{"count":6,"href":"https:\/\/collectif-accad.fr\/site\/wp-json\/wp\/v2\/posts\/7991\/revisions"}],"predecessor-version":[{"id":8021,"href":"https:\/\/collectif-accad.fr\/site\/wp-json\/wp\/v2\/posts\/7991\/revisions\/8021"}],"wp:attachment":[{"href":"https:\/\/collectif-accad.fr\/site\/wp-json\/wp\/v2\/media?parent=7991"}],"wp:term":[{"taxonomy":"category","embeddable":true,"href":"https:\/\/collectif-accad.fr\/site\/wp-json\/wp\/v2\/categories?post=7991"},{"taxonomy":"post_tag","embeddable":true,"href":"https:\/\/collectif-accad.fr\/site\/wp-json\/wp\/v2\/tags?post=7991"}],"curies":[{"name":"wp","href":"https:\/\/api.w.org\/{rel}","templated":true}]}}