{"id":7989,"date":"2021-09-30T02:01:10","date_gmt":"2021-09-30T00:01:10","guid":{"rendered":"https:\/\/collectif-accad.fr\/site\/?p=7989"},"modified":"2021-09-24T11:02:02","modified_gmt":"2021-09-24T09:02:02","slug":"un-linky-au-dessus-dun-lit","status":"publish","type":"post","link":"https:\/\/collectif-accad.fr\/site\/un-linky-au-dessus-dun-lit\/","title":{"rendered":"Un linky au dessus d\u2019un lit\u00a0!"},"content":{"rendered":"<h4 style=\"text-align: left;\"><strong>Pr\u00e8s de Vire (Normandie), elle refuse l&rsquo;installation d&rsquo;un compteur Linky\u00a0au dessus de son lit <\/strong><\/h4>\n<p><!--more--><\/p>\n<p style=\"text-align: justify;\">Les nouveaux compteurs Linky doivent-ils forc\u00e9ment \u00eatre install\u00e9s en lieu et place des anciens\u00a0? S\u00fbrement pas pour Madeleine Marie dont l\u2019\u00e9quipement est juste au-dessus de son lit.<\/p>\n<p style=\"text-align: justify;\">Entour\u00e9e de dizaines de poup\u00e9es, de plantes et de peluches, Madeleine Marie est tourment\u00e9e.<\/p>\n<p style=\"text-align: justify;\">En cause, l\u2019avenir de son <strong>compteur \u00e9lectrique<\/strong> datant de l\u2019an 2000.<\/p>\n<p style=\"text-align: justify;\">Cela fait plusieurs ann\u00e9es qu\u2019ils m\u2019envoient des courriers, qu\u2019ils me demandent de l\u2019argent alors que moi, je n\u2019ai rien demand\u00e9.<\/p>\n<p style=\"text-align: justify;\"><strong>G\u00ean\u00e9e par les ondes<\/strong><\/p>\n<p style=\"text-align: justify;\">\u00c0 <strong>La Graverie<\/strong> (<a href=\"https:\/\/actu.fr\/normandie\/souleuvre-en-bocage_14061\">Souleuvre-en-Bocage<\/a>) comme dans tous les foyers fran\u00e7ais, le gestionnaire du <a href=\"https:\/\/www.enedis.fr\/\"><strong>r\u00e9seau de distribution d\u2019\u00e9lectricit\u00e9 Enedis<\/strong><\/a> continue d\u2019installer de nouveaux <a href=\"https:\/\/www.enedis.fr\/le-compteur-linky-un-outil-pour-la-transition-ecologique\">compteurs Linky<\/a> dans le cadre de la <strong>modernisation du r\u00e9seau public<\/strong> et comme le pr\u00e9voit la loi.<\/p>\n<p style=\"text-align: justify;\">En France, 33\u00a0millions de foyers en sont d\u00e9j\u00e0 \u00e9quip\u00e9s\u00a0; dans le Calvados, c\u2019est plus de 3 foyers sur 4.<\/p>\n<p style=\"text-align: justify;\">\n<p style=\"text-align: justify;\"><strong>Enedis\u00a0: \u00ab\u00a0Une \u00e9tude de faisabilit\u00e9 n\u00e9cessaire\u00a0\u00bb<\/strong><\/p>\n<p style=\"text-align: justify;\">Contact\u00e9e par t\u00e9l\u00e9phone, la Direction d\u2019Enedis a fait le point sur la situation de Madeleine Marie. \u00ab\u00a0Dans le cadre du d\u00e9ploiement du compteur communicant, Enedis, entreprise de service public est attentive \u00e0 trouver une solution avec elle afin qu\u2019elle b\u00e9n\u00e9ficie des avantages du compteur (facturation pr\u00e9cise, d\u00e9pannage \u00e0 distance, prestations moins ch\u00e8res\u2026) dans les meilleures conditions.\u00a0\u00bb<br \/>\nElle d\u00e9taille\u00a0: \u00ab\u00a0le compteur Linky est install\u00e9 au m\u00eame endroit que le pr\u00e9c\u00e9dent puisqu\u2019il est raccord\u00e9 sur une platine sp\u00e9cifique accueillant les c\u00e2bles en provenance du r\u00e9seau. Les entreprises de pose ne sont donc pas habilit\u00e9es \u00e0 d\u00e9placer ou modifier l\u2019installation existante\u00a0\u00bb.<br \/>\nDans ce cas, la pose du compteur est gratuite et r\u00e9alis\u00e9e par un technicien habilit\u00e9 et form\u00e9.<br \/>\n\u00ab\u00a0Cette intervention ne n\u00e9cessite aucuns travaux d\u2019am\u00e9nagement.\u00a0\u00bb<br \/>\n\u00ab\u00a0Dans l\u2019hypoth\u00e8se o\u00f9 le client souhaiterait d\u00e9placer les compteurs, les disjoncteurs, des c\u00e2bles souterrains ou des lignes a\u00e9riennes, il sera n\u00e9cessaire de faire une \u00e9tude de la faisabilit\u00e9 technique. Apr\u00e8s acceptation du devis, les travaux seront programm\u00e9s pour r\u00e9aliser la modification et pour d\u00e9poser de l\u2019ancien mat\u00e9riel\u00a0\u00bb, reprend Enedis qui invite Madeleine Marie \u00e0 choisir un professionnel et \u00e0 enregistrer sa demande aupr\u00e8s de l\u2019Agence raccordement \u00e9lectricit\u00e9 par mail \u00e0 ndie-are@enedis.fr ou au 09\u00a070\u00a083\u00a019\u00a070.<br \/>\nConcernant ses craintes li\u00e9es aux ondes, l\u2019entreprise se veut rassurante\u00a0: \u00ab\u00a0le compteur Linky utilise la technologie des courants porteurs en ligne depuis les ann\u00e9es 1960, permettant d\u2019envoyer \u00e0 11\u00a0millions de foyers le signal heure pleine\/heure creuse afin de d\u00e9clencher le fonctionnement du ballon d\u2019eau chaude. Il s\u2019agit d\u2019une technologie \u00e9prouv\u00e9e\u00a0\u00bb.<br \/>\n\u00ab\u00a0Le compteur Linky n\u2019est pas dangereux pour la sant\u00e9\u00a0; il est conforme \u00e0 l\u2019ensemble des normes techniques et sanitaires europ\u00e9ennes et fran\u00e7aises. Les rapports de l\u2019ANFR, du CSTB et de l\u2019Anse ont unanimement d\u00e9montr\u00e9 son tr\u00e8s faible impact sur l\u2019environnement \u00e9lectromagn\u00e9tique\u00a0\u00bb.<\/p>\n<p style=\"text-align: justify;\">\n<p style=\"text-align: justify;\">Seulement Madeleine Marie, elle, n\u2019en veut pas\u00a0: \u00ab\u00a0\u00e0 cause des ondes\u00a0\u00bb.<\/p>\n<p style=\"text-align: justify;\">Ce qui l\u2019inqui\u00e8te, c\u2019est surtout que l\u2019\u00e9quipement actuel se situe dans sa chambre, juste au-dessus de son lit.<\/p>\n<p style=\"text-align: justify;\">\u00a0\u00ab\u00a0Je suis d\u00e9j\u00e0 g\u00ean\u00e9e par celui-l\u00e0\u2026\u00a0\u00bb t\u00e9moigne celle qui craint pour sa sant\u00e9. \u00ab\u00a0Je fais d\u00e9j\u00e0 de l\u2019asthme et j\u2019ai des probl\u00e8mes pulmonaires.\u00a0\u00bb<\/p>\n<p style=\"text-align: justify;\">Sa proth\u00e8se de jambe l\u2019emp\u00eache d\u2019envisager dormir \u00e0 l\u2019\u00e9tage.<\/p>\n<p style=\"text-align: justify;\">Je n\u2019y monte qu\u2019une fois par mois pour faire le m\u00e9nage. L\u00e0-haut, c\u2019est ma salle \u00e0 manger mais je re\u00e7ois tr\u00e8s peu. Je n&rsquo;aime\u00a0que les b\u00eates, les peluches, les poup\u00e9es et la grande propret\u00e9.<\/p>\n<p style=\"text-align: justify;\">Veuve depuis 1999, Madeleine Marie loue cette maison depuis 1993.<\/p>\n<p style=\"text-align: justify;\">\u00ab\u00a0Avec mon mari, on \u00e9tait garde de bestiaux. En \u00e9change, on ne payait pas le loyer et on a tout refait du sol au plafond. Aujourd\u2019hui, je continue de garder la maison et de prendre soin des animaux.\u00a0\u00bb<\/p>\n<p style=\"text-align: justify;\">\n<p style=\"text-align: justify;\"><strong>Sur un poteau \u00e9lectrique<\/strong><\/p>\n<p style=\"text-align: justify;\">\u00c0 son probl\u00e8me, Madeleine Marie pense avoir trouv\u00e9 une solution\u00a0: d\u00e9placer le compteur \u00e9lectrique.<\/p>\n<p style=\"text-align: justify;\">\u00ab\u00a0Je suis d\u2019accord pour qu\u2019ils m\u2019installent un Linky mais pas dans la maison, dehors.\u00a0\u00bb<\/p>\n<p style=\"text-align: justify;\">Elle lui a d\u2019ailleurs trouv\u00e9 une place\u00a0: \u00ab\u00a0Devant la maison, \u00e0 quelques dizaines de m\u00e8tres, il y a un poteau \u00e9lectrique. C\u2019est l\u00e0 qu\u2019il faut le mettre.\u00a0\u00bb<\/p>\n<p style=\"text-align: justify;\">Malgr\u00e9 cela, le d\u00e9saccord entre Enedis et Madeleine demeure.<\/p>\n<p style=\"text-align: justify;\">\u00ab\u00a0Pour le d\u00e9placer, il faut que je paie et moi, je ne veux pas\u00a0\u00bb, r\u00e9p\u00e8te-t-elle notant qu\u2019elle dispose d\u2019une \u00ab\u00a0petite retraite de 900\u00a0\u20ac par mois\u00a0\u00bb.<\/p>\n<p style=\"text-align: justify;\">\u00ab\u00a0Je ne leur ai rien demand\u00e9 moi, c\u2019est eux qui viennent m\u2019emb\u00eater et qui m\u2019envoient des courriers autant comme autant. Cela me fait de la peine\u00a0; je n\u2019aurai jamais la vie tranquille\u00a0\u00bb, pleure-t-elle. \u00ab\u00a0Je m\u2019occupe au quotidien d\u2019un petit p\u00e8re de 89\u00a0ans aveugle qui vit au B\u00e9ny-Bocage\u00a0; lui aussi demande \u00e0 ce qu\u2019on lui mette dehors mais on lui refuse aussi.\u00a0\u00bb<\/p>\n<p style=\"text-align: justify;\">actu.fr<\/p>\n<p style=\"text-align: center;\">** **<\/p>\n<p style=\"text-align: center;\">Commentaire<\/p>\n<p style=\"text-align: justify;\">Bien s\u00fbr, Enedis pr\u00e9tend qu\u2019il n\u2019y a pas de probl\u00e8mes avec les ondes\u00a0!<\/p>\n<p style=\"text-align: justify;\">\n","protected":false},"excerpt":{"rendered":"<p>Pr\u00e8s de Vire (Normandie), elle refuse l&rsquo;installation d&rsquo;un compteur Linky\u00a0au dessus de son lit<\/p>\n","protected":false},"author":4,"featured_media":0,"comment_status":"closed","ping_status":"open","sticky":false,"template":"","format":"standard","meta":{"footnotes":""},"categories":[1],"tags":[],"class_list":["post-7989","post","type-post","status-publish","format-standard","hentry","category-non-classe"],"_links":{"self":[{"href":"https:\/\/collectif-accad.fr\/site\/wp-json\/wp\/v2\/posts\/7989","targetHints":{"allow":["GET"]}}],"collection":[{"href":"https:\/\/collectif-accad.fr\/site\/wp-json\/wp\/v2\/posts"}],"about":[{"href":"https:\/\/collectif-accad.fr\/site\/wp-json\/wp\/v2\/types\/post"}],"author":[{"embeddable":true,"href":"https:\/\/collectif-accad.fr\/site\/wp-json\/wp\/v2\/users\/4"}],"replies":[{"embeddable":true,"href":"https:\/\/collectif-accad.fr\/site\/wp-json\/wp\/v2\/comments?post=7989"}],"version-history":[{"count":1,"href":"https:\/\/collectif-accad.fr\/site\/wp-json\/wp\/v2\/posts\/7989\/revisions"}],"predecessor-version":[{"id":7990,"href":"https:\/\/collectif-accad.fr\/site\/wp-json\/wp\/v2\/posts\/7989\/revisions\/7990"}],"wp:attachment":[{"href":"https:\/\/collectif-accad.fr\/site\/wp-json\/wp\/v2\/media?parent=7989"}],"wp:term":[{"taxonomy":"category","embeddable":true,"href":"https:\/\/collectif-accad.fr\/site\/wp-json\/wp\/v2\/categories?post=7989"},{"taxonomy":"post_tag","embeddable":true,"href":"https:\/\/collectif-accad.fr\/site\/wp-json\/wp\/v2\/tags?post=7989"}],"curies":[{"name":"wp","href":"https:\/\/api.w.org\/{rel}","templated":true}]}}