{"id":7969,"date":"2021-09-22T02:57:15","date_gmt":"2021-09-22T00:57:15","guid":{"rendered":"https:\/\/collectif-accad.fr\/site\/?p=7969"},"modified":"2021-09-20T14:57:59","modified_gmt":"2021-09-20T12:57:59","slug":"une-question-politique-sanitaire-et-environnementale","status":"publish","type":"post","link":"https:\/\/collectif-accad.fr\/site\/une-question-politique-sanitaire-et-environnementale\/","title":{"rendered":"Une question politique, sanitaire et environnementale"},"content":{"rendered":"<h4 style=\"text-align: left;\"><strong>Les antennes 5G menacent notre qualit\u00e9 de vie et constituent un pilier indispensable de la soci\u00e9t\u00e9 de surveillance qui s&rsquo;annonce. <\/strong><\/h4>\n<p><!--more--><\/p>\n<p style=\"text-align: justify;\">\u00a0Dans les ann\u00e9es 60, <strong>les militaires<\/strong> ont compris l&rsquo;int\u00e9r\u00eat des rayonnements \u00e9lectromagn\u00e9tiques\u00a0: armes invisibles, elle sont capables de neutraliser l&rsquo;ennemi en toute discr\u00e9tion. Ainsi en t\u00e9moigne Barry Trower, ancien militaire de la Royal Navy. Pendant la guerre froide, comme en t\u00e9moigne le rapport \u00e0 pr\u00e9sent d\u00e9classifi\u00e9, les employ\u00e9s de l&rsquo;ambassade am\u00e9ricaine \u00e0 Moscou ont \u00e9t\u00e9 expos\u00e9s pendant 9 heures par jour \u00e0 des faibles signaux radars allant de 9 \u00e0 19 V\/m. Des aberrations chromosomiques et des taux de leuc\u00e9mies \u00e9lev\u00e9es ont \u00e9t\u00e9 d\u00e9tect\u00e9es chez les personnes expos\u00e9es. (cf CRIIREM). En 2016, ce sont 25 diplomates des ambassades am\u00e9ricaines et canadiennes \u00e0 Cuba qui ont d\u00fb \u00eatre \u00e9vacu\u00e9s\u00a0en raison de troubles \u00e9tranges\u00a0: vertiges, maux de t\u00eate, acouph\u00e8nes, probl\u00e8mes cognitifs, probl\u00e8mes visuels, troubles de l&rsquo;oreille et du sommeil. Les scientifiques ont alors fait un lien possible avec une attaque aux rayonnements \u00e9lectromagn\u00e9tiques. Avant que de servir \u00e0 regarder des vid\u00e9os de petits chats et surveiller les populations, les rayonnements \u00e9lectromagn\u00e9tiques ont \u00e9t\u00e9 utilis\u00e9s comme armes.<\/p>\n<p style=\"text-align: justify;\">Plus quotidiennement, les ondes sont <strong>sources de nuisance<\/strong>. Des reportages diffus\u00e9s \u00e0 la t\u00e9l\u00e9vision nous ont montr\u00e9 la d\u00e9tresse des riverains d&rsquo;antennes\u00a0: \u00ab\u00a0Mauvaises ondes\u00a0\u00bb, \u00ab\u00a0Eleveurs sous tension\u00a0\u00bb, \u00ab\u00a0L&rsquo;onde d&rsquo;un doute\u00a0\u00bb. Ils posent la question d&rsquo;un lien entre l&rsquo;arriv\u00e9e d&rsquo;une antenne et des troubles de sant\u00e9 graves\u00a0: cancers de l&rsquo;enfant, cancer du cerveau, \u00e9lectrohypersensibilit\u00e9 et autres atteintes du syst\u00e8me nerveux. L&rsquo;appel de scientifiques ind\u00e9pendants en est \u00e9loquent\u00a0: ils sont certains de ce qu&rsquo;ils ont observ\u00e9 dans leur laboratoire et ils ont d\u00e9j\u00e0 lanc\u00e9 plusieurs cris d&rsquo;alerte.<\/p>\n<p style=\"text-align: justify;\">D&rsquo;autres sont oblig\u00e9s de taire leurs r\u00e9sultats\u00a0: ainsi, les conclusions de l&rsquo;\u00e9tude Mobikid (portant sur les effets des rayonnements sur les enfants) n&rsquo;ont toujours pas \u00e9t\u00e9 publi\u00e9es, alors que l&rsquo;\u00e9tude s&rsquo;est achev\u00e9e en 2017. Ont-elles \u00e9t\u00e9 class\u00e9es \u00ab\u00a0Secret business\u00a0\u00bb, en attendant que le temps passe et que l&rsquo;\u00e9tude soit devenue trop ancienne pour susciter l&rsquo;int\u00e9r\u00eat\u00a0? C&rsquo;est Annie Sasco, ancienne chercheuse \u00e0 l&rsquo;INSERM, qui a eu le courage de d\u00e9voiler les coulisses du monde de la recherche dans diff\u00e9rents m\u00e9dias (la 5, France Culture, France Inter).<\/p>\n<p style=\"text-align: justify;\">Avec la 5G, le danger ne concerne pas seulement la sant\u00e9 de chacun\u00a0; il est aussi d&rsquo;ordre environnemental et politique.<\/p>\n<p style=\"text-align: justify;\">\n<p style=\"text-align: justify;\"><strong>Quid de la sobri\u00e9t\u00e9 \u00e9nerg\u00e9tique?<\/strong><\/p>\n<p style=\"text-align: justify;\">\u00a0Des journaux aussi diff\u00e9rents l&rsquo;un de l&rsquo;autre que Charlie Hebdo (cf n\u00b0du 1er juillet 2020) et L&rsquo;Age de Faire avertissent des dangers de la 5G. Leur point commun : ce sont des journaux qui ne d\u00e9pendent pas de l&rsquo;argent des op\u00e9rateurs et des multinationales pour vivre. Que disent ces articles ? Tout d&rsquo;abord que la 5G est inutile : qui a besoin de d&rsquo;apprendre par son t\u00e9l\u00e9phone que la couche du b\u00e9b\u00e9 est mouill\u00e9e ? De plus, son installation est incompatible avec le respect des Accords de Paris sur le climat. En effet, le syst\u00e8me 5G pr\u00e9voit une interconnexion entre des milliers de satellites en orbite autour de la plan\u00e8te, qui constitueront un maillage autour de la plan\u00e8te, interagissant avec des antennes situ\u00e9es en hauteur, des mini-antennes cach\u00e9es dans le mobilier urbain et enfin les divers objets connect\u00e9s du quotidien. Tout ceci augmentera in\u00e9luctablement la consommation d&rsquo;\u00e9nergie. O\u00f9 est donc pass\u00e9 l&rsquo;objectif de sobri\u00e9t\u00e9 \u00e9nerg\u00e9tique ? Que font nos gouvernements pour arr\u00eater les projets d\u00e9lirants d&rsquo;Elon Musk ? Qui pr\u00e9servera le ciel, patrimoine commun de l&rsquo;humanit\u00e9 ? (Cf le site Reporterre, qui a r\u00e9dig\u00e9 tout un ensemble d&rsquo;articles sur le projet Starlink)<\/p>\n<p style=\"text-align: justify;\">Surtout, la 5G met \u00e0 mal la d\u00e9mocratie, parce qu&rsquo;elle est aussi le support d&rsquo;une soci\u00e9t\u00e9 de <strong>surveillance globale<\/strong>, que le pouvoir chinois a d\u00e9j\u00e0 mise en place (cf le reportage d&rsquo;Arte \u00ab\u00a0Tous surveill\u00e9s\u00a0\u00bb). Aujourd&rsquo;hui, qui est en mesure de d\u00e9livrer les Chinois de ce totalitarisme num\u00e9rique\u00a0? Malheureusement pour eux et surtout pour les minorit\u00e9s opprim\u00e9es, personne. Charlie Hebdo nous avertit\u00a0: l&rsquo;entreprise chinoise Huawei fournit en mat\u00e9riel les op\u00e9rateurs\u00a0; cette entreprise \u00ab\u00a0<em>est surtout une machine de guerre g\u00e9opolitique, disposant d\u2019un quasi-monopole sur le territoire africain. Multipliant les cas d\u2019espionnage, Huawei est n\u00e9anmoins pr\u00e9sente \u00e0 Boulogne-Billancourt (92), Issy-les-Moulineaux (92), Lyon et Grenoble. En 2015, Huawei s\u2019est alli\u00e9 avec le fran\u00e7ais Alstom pour installer des \u00ab\u00a0cam\u00e9ras intelligentes\u00a0\u00bb \u00e0 Valenciennes (59)\u00a0\u00bb\u00a0<\/em><\/p>\n<p style=\"text-align: justify;\">Aujourd&rsquo;hui, nous allons droit vers une soci\u00e9t\u00e9 o\u00f9 le contr\u00f4le et le tra\u00e7age prennent le pas sur les libert\u00e9s publiques. Le Parlement vote en ce moment une loi qui accro\u00eet les pouvoirs de la police, au d\u00e9triment du droit d&rsquo;informer. Les drones seront bient\u00f4t capables d&rsquo;identifier les manifestants. Il sera facile de localiser les militants, ceux qui d\u00e9rangent le nouvel ordre social num\u00e9ris\u00e9\u00a0: les travailleurs exploit\u00e9s et les d\u00e9fenseurs de l&rsquo;environnement et de la sant\u00e9.<\/p>\n<p style=\"text-align: justify;\">\n<p style=\"text-align: justify;\"><strong>Blog de claug<\/strong><\/p>\n","protected":false},"excerpt":{"rendered":"<p>Les antennes 5G menacent notre qualit\u00e9 de vie et constituent un pilier indispensable de la soci\u00e9t\u00e9 de surveillance qui s&rsquo;annonce.<\/p>\n","protected":false},"author":4,"featured_media":0,"comment_status":"closed","ping_status":"open","sticky":false,"template":"","format":"standard","meta":{"footnotes":""},"categories":[1],"tags":[],"class_list":["post-7969","post","type-post","status-publish","format-standard","hentry","category-non-classe"],"_links":{"self":[{"href":"https:\/\/collectif-accad.fr\/site\/wp-json\/wp\/v2\/posts\/7969","targetHints":{"allow":["GET"]}}],"collection":[{"href":"https:\/\/collectif-accad.fr\/site\/wp-json\/wp\/v2\/posts"}],"about":[{"href":"https:\/\/collectif-accad.fr\/site\/wp-json\/wp\/v2\/types\/post"}],"author":[{"embeddable":true,"href":"https:\/\/collectif-accad.fr\/site\/wp-json\/wp\/v2\/users\/4"}],"replies":[{"embeddable":true,"href":"https:\/\/collectif-accad.fr\/site\/wp-json\/wp\/v2\/comments?post=7969"}],"version-history":[{"count":1,"href":"https:\/\/collectif-accad.fr\/site\/wp-json\/wp\/v2\/posts\/7969\/revisions"}],"predecessor-version":[{"id":7970,"href":"https:\/\/collectif-accad.fr\/site\/wp-json\/wp\/v2\/posts\/7969\/revisions\/7970"}],"wp:attachment":[{"href":"https:\/\/collectif-accad.fr\/site\/wp-json\/wp\/v2\/media?parent=7969"}],"wp:term":[{"taxonomy":"category","embeddable":true,"href":"https:\/\/collectif-accad.fr\/site\/wp-json\/wp\/v2\/categories?post=7969"},{"taxonomy":"post_tag","embeddable":true,"href":"https:\/\/collectif-accad.fr\/site\/wp-json\/wp\/v2\/tags?post=7969"}],"curies":[{"name":"wp","href":"https:\/\/api.w.org\/{rel}","templated":true}]}}