{"id":7965,"date":"2021-09-28T02:43:56","date_gmt":"2021-09-28T00:43:56","guid":{"rendered":"https:\/\/collectif-accad.fr\/site\/?p=7965"},"modified":"2021-09-24T10:51:25","modified_gmt":"2021-09-24T08:51:25","slug":"surfacturation-2","status":"publish","type":"post","link":"https:\/\/collectif-accad.fr\/site\/surfacturation-2\/","title":{"rendered":"Surfacturation"},"content":{"rendered":"<h4 style=\"text-align: left;\">Cela ne nous \u00e9tonne pas\u00a0!!!<\/h4>\n<p><!--more--><\/p>\n<p style=\"text-align: justify;\">Elle accuse le compteur Linky d\u2019avoir fait flamber sa facture d\u2019\u00e9lectricit\u00e9<\/p>\n<p style=\"text-align: justify;\">Une enqu\u00eate est en cours apr\u00e8s la r\u00e9ception par une habitante de Saint-Aubin-le-Vertueux (Eure) de factures d&rsquo;\u00e9lectricit\u00e9 jug\u00e9es \u00ab\u00a0abusives\u00a0\u00bb par l\u2019association des victimes d\u2019EDF.<\/p>\n<p style=\"text-align: justify;\">Une habitante de Saint-Aubin-le-Vertueux (Eure) re\u00e7oit chaque mois de bien mauvaises surprises. Comme elle le raconte dans les colonnes de <a href=\"https:\/\/www.paris-normandie.fr\/id228171\/article\/2021-09-07\/dans-leure-une-habitante-conteste-des-factures-astronomiques-apres-linstallation\">Paris-Normandie<\/a>, depuis qu&rsquo;on lui a install\u00e9 un compteur <a href=\"https:\/\/www.capital.fr\/tag\/linky\">Linky<\/a>, en novembre 2020, sa facture d&rsquo;\u00e9lectricit\u00e9 a explos\u00e9.<a href=\"https:\/\/www.capital.fr\/tag\/edf\"> EDF <\/a>lui r\u00e9clame aujourd&rsquo;hui plus de 2.300 euros alors que d&rsquo;ordinaire, elle ne payait qu&rsquo;entre 27 et 76 euros par mois. Pourtant, elle l&rsquo;assure : elle n&rsquo;a absolument pas chang\u00e9 ses habitudes de consommation.<\/p>\n<p style=\"text-align: justify;\">\u00ab\u00a0Nous habitons dans la m\u00eame maison depuis 2012 et au plus fort de l&rsquo;hiver, la plus importante facture que j&rsquo;ai eue \u00e9tait de 127 euros\u00a0\u00bb, affirme celle qui re\u00e7oit d\u00e9sormais des factures de 600 voire 900 euros. La Saint-Aubinoise a donc d\u00e9cid\u00e9 de bloquer les pr\u00e9l\u00e8vements, c&rsquo;\u00e9tait sans compter sur les coupures d&rsquo;\u00e9lectricit\u00e9 que lui infligerait EDF, sans m\u00eame la pr\u00e9venir. \u00ab\u00a0Payer signifierait reconna\u00eetre la l\u00e9galit\u00e9 de ces factures et j&rsquo;y suis oppos\u00e9e. Mon conjoint, d\u00e9c\u00e9d\u00e9 depuis, \u00e9tait sous respirateur pendant la premi\u00e8re coupure. J&rsquo;ai perdu tout ce que j&rsquo;avais dans mon frigo et dans mon cong\u00e9lateur, comme s&rsquo;ils ne m&rsquo;avaient pas d\u00e9j\u00e0 assez mise dans l&#8217;embarras !\u00a0\u00bb s&rsquo;indigne-t-elle.<\/p>\n<p style=\"text-align: justify;\"><strong>\u00a0<\/strong><strong>capital.fr<\/strong><\/p>\n<p style=\"text-align: center;\">** **<\/p>\n<p style=\"text-align: center;\"><strong>Explications d\u2019EHS France<\/strong><\/p>\n<p style=\"text-align: justify;\"><strong>Cour des Comptes Rapport Annuel : Linky, tout le reste est de la d\u00e9sinformation<\/strong><\/p>\n<p style=\"text-align: justify;\">La Cour des Comptes vient de rendre public son rapport annuel 2018 et diss\u00e8que le d\u00e9ploiement du compteur connect\u00e9 Linky d\u2019ENEDIS.<br \/>\nLa Cour des Comptes juge globalement l\u2019investissement co\u00fbteux, trop centr\u00e9 sur les seuls int\u00e9r\u00eats d\u2019ENEDIS et qualifie m\u00eame de g\u00e9n\u00e9reuse sa r\u00e9mun\u00e9ration.<br \/>\nLa Cour regrette que le consommateur ne soit pas aussi bien trait\u00e9 qu\u2019ENEDIS et d\u00e9plore aussi le manque de pilotage de l\u2019\u00c9tat. La Commission de R\u00e9gulation de l\u2019\u00c9nergie lui r\u00e9pond vertement, en critiquant l\u2019analyse des magistrats financiers de la Cour.<br \/>\nDans son rapport annuel 2018, publi\u00e9 mercredi 7 f\u00e9vrier, la Cour des comptes dont l&rsquo;avis n&rsquo;est que consultatif et non contraignant dresse un bilan peu \u00e9logieux du compteur connect\u00e9 Linky qui m\u00e9contente ses plus ardents promoteurs dont ENEDIS et la Commission de R\u00e9gulation de l\u2019\u00c9nergie qui supervise l\u2019ensemble du processus.<br \/>\nA contrario, ce rapport satisfait les organisations, associations et collectifs de France qui luttent contre le syst\u00e8me de comptage connect\u00e9 Linky.<br \/>\nPour la Cour des comptes il n\u2019y pas de pertinence de l\u2019op\u00e9ration, pire on d\u00e9couvre dans ce rapport et en d\u00e9tails des conditions incroyablement avantageuses que va engranger sur le dos des consommateurs ENEDIS qui est le gestionnaire du r\u00e9seau de distribution.<br \/>\nEn effet il est pr\u00e9vu que le co\u00fbt de 5 \u00e0 8 milliards d\u2019euros sera r\u00e9percut\u00e9 sur les factures des consommateurs \u00e0 partir de l\u2019ann\u00e9e 2021 lorsque 90% des compteurs seront pos\u00e9s ce qui va litt\u00e9ralement faire exploser les factures d\u2019\u00e9lectricit\u00e9 des consommateurs comme le montre le graphique diffus\u00e9e par la Cour des Comptes.<br \/>\nDans son rapport la Cour des Comptes fustige ENEDIS et d\u00e9sapprouve les conditions de ce m\u00e9canisme de diff\u00e9r\u00e9 tarifaire d\u2019enfumage des consommateurs approuv\u00e9 par Commission de R\u00e9gulation qui accorde \u00e0 ENEDIS une r\u00e9mun\u00e9ration qu\u2019elle juge tr\u00e8s g\u00e9n\u00e9reuse.<br \/>\nDe plus, la Cour des comptes regrette un plafonnement des p\u00e9nalit\u00e9s en cas de d\u00e9rives financi\u00e8res d\u2019ENEDIS car observe-t-elle, dans ce cas, le surco\u00fbt \u00e0 compenser serait r\u00e9percut\u00e9 a\u0300 l\u2019usager.<br \/>\nLa Cour des comptes consid\u00e8re aussi que l\u2019int\u00e9gralit\u00e9 des co\u00fbts des syst\u00e8mes de traitement de l\u2019information du Linky et des infrastructures comme les Centres de Supervisions et Data Centers n\u2019ont pas \u00e9t\u00e9 pris en compte dans les investissements ce qui engendre une forte majoration du co\u00fbt global du syst\u00e8me de comptage connect\u00e9 Linky qui en stricto sensu financier n\u2019aura non seulement aucune rentabilit\u00e9 pour le consommateur, mais se traduira in\u00e9luctablement en r\u00e9percussions par des augmentations de ses factures d\u2019\u00e9lectricit\u00e9.<\/p>\n","protected":false},"excerpt":{"rendered":"<p>Cela ne nous \u00e9tonne pas\u00a0!!!<\/p>\n","protected":false},"author":4,"featured_media":0,"comment_status":"closed","ping_status":"open","sticky":false,"template":"","format":"standard","meta":{"footnotes":""},"categories":[1],"tags":[],"class_list":["post-7965","post","type-post","status-publish","format-standard","hentry","category-non-classe"],"_links":{"self":[{"href":"https:\/\/collectif-accad.fr\/site\/wp-json\/wp\/v2\/posts\/7965","targetHints":{"allow":["GET"]}}],"collection":[{"href":"https:\/\/collectif-accad.fr\/site\/wp-json\/wp\/v2\/posts"}],"about":[{"href":"https:\/\/collectif-accad.fr\/site\/wp-json\/wp\/v2\/types\/post"}],"author":[{"embeddable":true,"href":"https:\/\/collectif-accad.fr\/site\/wp-json\/wp\/v2\/users\/4"}],"replies":[{"embeddable":true,"href":"https:\/\/collectif-accad.fr\/site\/wp-json\/wp\/v2\/comments?post=7965"}],"version-history":[{"count":1,"href":"https:\/\/collectif-accad.fr\/site\/wp-json\/wp\/v2\/posts\/7965\/revisions"}],"predecessor-version":[{"id":7966,"href":"https:\/\/collectif-accad.fr\/site\/wp-json\/wp\/v2\/posts\/7965\/revisions\/7966"}],"wp:attachment":[{"href":"https:\/\/collectif-accad.fr\/site\/wp-json\/wp\/v2\/media?parent=7965"}],"wp:term":[{"taxonomy":"category","embeddable":true,"href":"https:\/\/collectif-accad.fr\/site\/wp-json\/wp\/v2\/categories?post=7965"},{"taxonomy":"post_tag","embeddable":true,"href":"https:\/\/collectif-accad.fr\/site\/wp-json\/wp\/v2\/tags?post=7965"}],"curies":[{"name":"wp","href":"https:\/\/api.w.org\/{rel}","templated":true}]}}