{"id":7960,"date":"2021-09-21T02:23:38","date_gmt":"2021-09-21T00:23:38","guid":{"rendered":"https:\/\/collectif-accad.fr\/site\/?p=7960"},"modified":"2021-09-19T09:25:46","modified_gmt":"2021-09-19T07:25:46","slug":"cest-peut-etre-noel-avant-lheure-pour-les-operateurs","status":"publish","type":"post","link":"https:\/\/collectif-accad.fr\/site\/cest-peut-etre-noel-avant-lheure-pour-les-operateurs\/","title":{"rendered":"C&rsquo;est peut-\u00eatre No\u00ebl avant l&rsquo;heure pour les op\u00e9rateurs !"},"content":{"rendered":"<h4 style=\"text-align: left;\"><strong>Revers de la m\u00e9daille\u00a0: des antennes br\u00fblent dans le Tarn \u2026 et ailleurs\u00a0!<\/strong><\/h4>\n<p><!--more--><\/p>\n<p style=\"text-align: justify;\"><strong>Commen\u00e7ons par le <\/strong><strong>cadeau gouvernemental pour les antennes relais<\/strong><\/p>\n<p style=\"text-align: justify;\"><strong>Le gouvernement pourrait prochainement supprimer la taxe forfaitaire sur les antennes relais<\/strong> et ainsi faire cadeau aux op\u00e9rateurs de t\u00e9l\u00e9phonie mobile de la modique somme de 250 millions d&rsquo;euros !<\/p>\n<p style=\"text-align: justify;\">\n<p style=\"text-align: justify;\">Apr\u00e8s avoir brad\u00e9 les fr\u00e9quences 5G pour \u00e0 peine 2,789 milliards d&rsquo;euros (contre 6,5 milliards en Italie et 6,55 milliards en Allemagne), ce nouveau cadeau met en lumi\u00e8re l&rsquo;influence des lobbies des t\u00e9l\u00e9coms sur ce gouvernement. La 5G va accro\u00eetre significativement le nombre d&rsquo;antennes relais install\u00e9es. <a href=\"https:\/\/r.mailing3.agirpourlenvironnement.org\/mk\/cl\/f\/UukeACm6IY-X9F4Vfa-5qwchr9UmEv82nan2E_-liKH0cdPOff8YlVrq7nrnuhxZ2N_1tme2h5sihFNCn3VzsNBUUdjOaNP4RLCLyfZx4xKdsPalgcWlHZecPnWzXBc5Fcl1aEXXYX5NHGRXWMhrZmMaxqhG1Z_yOS1wVhwe1DNuc4B4WE0kfqe9krFZq3Gt7stHxh7Riys_3507D3DmU_hkfSRh-CCV7r6TvVFYM_CrKsPwWlcoqry5Z_XTpB2IckIV6sTkF8grQMwTk_viII04W2W61ViVmd6MgYefHjly24u8nJFgDUf9vwR11gRVCP30aZJ42KPEycTc6jd5b2KZ4LQa7zelxjsVVe0\">Plus de 43 000<\/a> antennes ont \u00e9t\u00e9 d\u00e9ploy\u00e9es depuis l&rsquo;attribution des fr\u00e9quences il y a \u00e0 peine un an !<\/p>\n<p style=\"text-align: justify;\">Cette taxe sur les antennes relais pourrait \u00eatre supprim\u00e9e au d\u00e9tour des d\u00e9bats relatifs \u00e0 l&rsquo;adoption du projet de loi de finance qui d\u00e9buteront fin septembre.<\/p>\n<p style=\"text-align: justify;\">Plus que jamais, <strong>nous resterons mobilis\u00e9s<\/strong> afin qu&rsquo;aux scandales sanitaire, \u00e9cologique et d\u00e9mocratique de la 5G ne se double pas un nouveau scandale financier.<\/p>\n<p style=\"text-align: justify;\">Soutenez \u00ab\u00a0Agir pour l\u2019environnement\u00a0\u00bb\u00a0:<\/p>\n<p style=\"text-align: justify;\"><a href=\"https:\/\/soutenir.agirpourlenvironnement.org\/b\/mon-don?utm_source=sendinblue&amp;utm_campaign=antennesrelais&amp;utm_medium=email\"><strong>https:\/\/soutenir.agirpourlenvironne<\/strong><\/a><\/p>\n<p style=\"text-align: justify;\"><strong>et recevez le livre \u00ab\u00a0Le meilleur des e-mondes &#8211; R\u00e9sister \u00e0 la 5G et \u00e0 ses cons\u00e9quences\u00a0\u00bb<\/strong><\/p>\n<p style=\"text-align: justify;\"><strong>En effectuant un don ponctuel de plus de 60\u20ac (soit 20\u20ac apr\u00e8s d\u00e9duction fiscale) ou tout don mensuel de plus de 10 \u20ac, vous recevrez :<\/strong><\/p>\n<ul style=\"text-align: justify;\">\n<li>Un re\u00e7u fiscal pour d\u00e9duire de vos imp\u00f4ts 66%\u00a0; du montant de votre don ;<\/li>\n<\/ul>\n<ul style=\"text-align: justify;\">\n<li>Le livre \u00ab\u00a0Le meilleur des e-mondes &#8211; R\u00e9sister \u00e0 la 5G et \u00e0 ses cons\u00e9quences\u00a0\u00bb ;<\/li>\n<li>L&rsquo;autocollant Stop5G<\/li>\n<li>Nos campagnes de mobilisation citoyenne pendant un an<\/li>\n<\/ul>\n<p style=\"text-align: center;\">** **<\/p>\n<p style=\"text-align: justify;\"><strong>Quelques nouvelles venues d\u2019ailleurs<\/strong><\/p>\n<p style=\"text-align: justify;\">France info TV : 2 pyl\u00f4nes d&rsquo;antennes Bouygues et SFR br\u00fbl\u00e9es \u00e0 Albi, <strong><u>30 000 foyers priv\u00e9s d&rsquo;\u00e9lectricit\u00e9<\/u><\/strong> dans le Tarn et l&rsquo;Aveyron.<\/p>\n<p style=\"text-align: justify;\">France inter : idem, mais priv\u00e9s de connexion et de TNT; Logique.<\/p>\n<p style=\"text-align: center;\">** *<\/p>\n<p style=\"text-align: justify;\"><strong>Tarn : ils incendient deux antennes relais et privent 52 000 abonn\u00e9s d\u2019acc\u00e8s aux num\u00e9ros d\u2019urgence<\/strong><\/p>\n<p style=\"text-align: justify;\">La d\u00e9gradation par incendie de deux antennes relais pr\u00e8s d\u2019Albi a entra\u00een\u00e9 la perte de r\u00e9seau mobile pour plusieurs dizaines de milliers d\u2019abonn\u00e9s des op\u00e9rateurs Bouygues Telecom et SFR, a indiqu\u00e9 dimanche la pr\u00e9fecture du Tarn.<\/p>\n<p style=\"text-align: justify;\">\u00ab<em>52 000 abonn\u00e9s Bouygues et SFR ont \u00e9t\u00e9 touch\u00e9s par une perte de r\u00e9seau t\u00e9l\u00e9phonique hier. D\u00e8s hier soir (samedi), la situation \u00e9tait r\u00e9tablie pour 20 000 d\u2019entre-eux<\/em>\u00bb, pr\u00e9cise dans un communiqu\u00e9 de presse la pr\u00e9fecture conseillant de composer le 112 en cas de difficult\u00e9 pour joindre\u00a0<a href=\"https:\/\/www.lavoixdunord.fr\/1018746\/article\/2021-06-03\/numeros-d-urgence-ce-que-l-sait-de-la-panne-et-comment-ca-marche#:~:text=Un%20num%C3%A9ro%20d\">les num\u00e9ros d\u2019urgence 15, 17 et 18<\/a>.<\/p>\n<p style=\"text-align: justify;\">Une enqu\u00eate a \u00e9t\u00e9 ouverte sur \u00ab<em>ces deux incendies volontaires<\/em>\u00bb, a indiqu\u00e9 \u00e0 l\u2019AFP la pr\u00e9fecture du Tarn, soulignant que des \u00e9quipes de techniciens travaillent sur les relais endommag\u00e9s, afin de r\u00e9tablir l\u2019ensemble des communications \u00ab<em>d\u2019ici le d\u00e9but de semaine prochaine<\/em>\u00bb.<\/p>\n<p style=\"text-align: justify;\">\n<p style=\"text-align: justify;\"><strong>Plusieurs incendies volontaires ces derniers mois<\/strong><\/p>\n<p style=\"text-align: justify;\">Le secr\u00e9taire d\u2019Etat au Num\u00e9rique, C\u00e9dric O, a \u00ab<em>condamn\u00e9 fermement cet incendie volontaire<\/em>\u00bb sur son compte<a href=\"https:\/\/twitter.com\/cedric_o\">\u00a0Twitter.<\/a><\/p>\n<p style=\"text-align: justify;\">\u00ab<em>Avec G\u00e9rald Darmanin nous agissons aux c\u00f4t\u00e9s de l\u2019ensemble des op\u00e9rateurs pour mettre fin \u00e0 ces actes inacceptables (&#8230;) Le vandalisme sur les pyl\u00f4nes mobiles est criminel et coupe les populations des services vitaux<\/em>\u00bb, a encore tweet\u00e9 C\u00e9dric O.<\/p>\n<p style=\"text-align: justify;\">Ces derniers mois, plusieurs incendies volontaires ont cibl\u00e9 des installations t\u00e9l\u00e9phoniques, en particulier des antennes-relais.<\/p>\n<p style=\"text-align: justify;\">En 2020, les autorit\u00e9s avaient recens\u00e9 une centaine de d\u00e9gradations volontaires de pyl\u00f4nes de t\u00e9l\u00e9phonie sur l\u2019ensemble du territoire. Une partie de ces actions a \u00e9t\u00e9 revendiqu\u00e9e par l\u2019ultragauche.<\/p>\n<p style=\"text-align: justify;\">Vdn<\/p>\n","protected":false},"excerpt":{"rendered":"<p>Revers de la m\u00e9daille\u00a0: des antennes br\u00fblent dans le Tarn \u2026 et ailleurs\u00a0!<\/p>\n","protected":false},"author":4,"featured_media":0,"comment_status":"closed","ping_status":"open","sticky":false,"template":"","format":"standard","meta":{"footnotes":""},"categories":[1],"tags":[],"class_list":["post-7960","post","type-post","status-publish","format-standard","hentry","category-non-classe"],"_links":{"self":[{"href":"https:\/\/collectif-accad.fr\/site\/wp-json\/wp\/v2\/posts\/7960","targetHints":{"allow":["GET"]}}],"collection":[{"href":"https:\/\/collectif-accad.fr\/site\/wp-json\/wp\/v2\/posts"}],"about":[{"href":"https:\/\/collectif-accad.fr\/site\/wp-json\/wp\/v2\/types\/post"}],"author":[{"embeddable":true,"href":"https:\/\/collectif-accad.fr\/site\/wp-json\/wp\/v2\/users\/4"}],"replies":[{"embeddable":true,"href":"https:\/\/collectif-accad.fr\/site\/wp-json\/wp\/v2\/comments?post=7960"}],"version-history":[{"count":1,"href":"https:\/\/collectif-accad.fr\/site\/wp-json\/wp\/v2\/posts\/7960\/revisions"}],"predecessor-version":[{"id":7961,"href":"https:\/\/collectif-accad.fr\/site\/wp-json\/wp\/v2\/posts\/7960\/revisions\/7961"}],"wp:attachment":[{"href":"https:\/\/collectif-accad.fr\/site\/wp-json\/wp\/v2\/media?parent=7960"}],"wp:term":[{"taxonomy":"category","embeddable":true,"href":"https:\/\/collectif-accad.fr\/site\/wp-json\/wp\/v2\/categories?post=7960"},{"taxonomy":"post_tag","embeddable":true,"href":"https:\/\/collectif-accad.fr\/site\/wp-json\/wp\/v2\/tags?post=7960"}],"curies":[{"name":"wp","href":"https:\/\/api.w.org\/{rel}","templated":true}]}}