{"id":7956,"date":"2021-09-17T02:32:31","date_gmt":"2021-09-17T00:32:31","guid":{"rendered":"https:\/\/collectif-accad.fr\/site\/?p=7956"},"modified":"2021-09-12T07:35:10","modified_gmt":"2021-09-12T05:35:10","slug":"antennes-relais-3","status":"publish","type":"post","link":"https:\/\/collectif-accad.fr\/site\/antennes-relais-3\/","title":{"rendered":"Antennes-relais"},"content":{"rendered":"<h4 style=\"text-align: left;\"><strong>\u00a0<\/strong><strong>Le point depuis 2011<\/strong><\/h4>\n<p><!--more--><\/p>\n<p style=\"text-align: justify;\">Conseil d\u2019Etat, Loi Abeille,\u00a0 actions en justice de <em>Robin des toits<\/em> \u2026<\/p>\n<p style=\"text-align: justify;\"><strong>2011<\/strong> Le Conseil d&rsquo;\u00c9tat enl\u00e8ve aux maires tout pouvoir au niveau du principe de pr\u00e9caution. Ces derniers ne peuvent dor\u00e9navant agir qu&rsquo;au niveau de l&rsquo;urbanisme.<\/p>\n<p style=\"text-align: justify;\"><strong>2011 (<\/strong>le 27 mai), le Conseil de l&rsquo;Europe adopte la r\u00e9solution 1815 :<br \/>\nLe danger potentiel des champs \u00e9lectromagn\u00e9tiques et leur effet sur l\u2019environnement<\/p>\n<p style=\"text-align: justify;\"><a href=\"https:\/\/www.robindestoits.org\/EHS-DAY-16-juin-2021_a3060.html\"><strong>https:\/\/www.robindestoits.org\/EHS-DAY-16-juin-<\/strong><\/a><\/p>\n<p style=\"text-align: justify;\"><strong>2012 <\/strong>L&rsquo;association Robin des toits coop\u00e8re largement au projet de loi de la d\u00e9put\u00e9e Laurence Abeille et \u00e0 son soutien . En Haute -Garonne, par exemple, ont \u00e9t\u00e9 remis aux dix d\u00e9put\u00e9s, en main propre, un livret sp\u00e9cialement r\u00e9alis\u00e9. Aucun d&rsquo;entre eux n&rsquo;a d\u00e9fendu le projet de loi.<\/p>\n<p style=\"text-align: justify;\"><strong>23\/01\/2014 <\/strong>: Examen de la proposition de loi sur les ondes \u00e9lectromagn\u00e9tiques \u00e0 l&rsquo;Assembl\u00e9e Nationale<\/p>\n<p style=\"text-align: justify;\"><a href=\"https:\/\/www.robindestoits.org\/L-Assemblee-adopte-un-texte-de-compromis-sur-les-ondes-electromagnetiques-L-Express-AFP-23-01-201\">https:\/\/www.robindestoits.org\/L-Assemblee-adop<\/a><\/p>\n<p style=\"text-align: justify;\"><a href=\"https:\/\/www.robindestoits.org\/Proposition-de-loi-sur-les-ondes-La-sobriete-utilisee-avec-moderation-a-l-Assemblee-nationale-Com\">https:\/\/www.robindestoits.org\/Proposition-de<\/a><\/p>\n<p style=\"text-align: justify;\"><strong>09\/02\/2015<\/strong> LOI n\u00b0 2015-136 du 9 f\u00e9vrier 2015 relative \u00e0 la sobri\u00e9t\u00e9, \u00e0 la transparence, \u00e0 l&rsquo;information et \u00e0 la concertation en mati\u00e8re d&rsquo;exposition aux ondes \u00e9lectromagn\u00e9tiques<\/p>\n<p style=\"text-align: justify;\"><a href=\"https:\/\/www.legifrance.gouv.fr\/dossierlegislatif\/JORFDOLE000028510224\/\">https:\/\/www.legifrance.gouv.fr\/dossierlegislatif\/JORFDOLE000028510224\/<\/a><\/p>\n<p style=\"text-align: justify;\"><strong>2016\u00a0: <\/strong>Robin des toits attaque l &lsquo;\u00c9tat en justice par rapport aux seuils d\u2019exposition aux CEM et est d\u00e9bout\u00e9.<\/p>\n<p style=\"text-align: justify;\"><a href=\"https:\/\/www.robindestoits.org\/Ondes-electromagnetiques-une-ONG-attaque-l-Etat-en-justice-AFP-12-05-2016_a2403.html\">https:\/\/www.robindestoits.org\/Ondes-electroma<\/a><\/p>\n<p style=\"text-align: justify;\">2018\u00a0:\u00a0 La loi \u00c9lan\u00a0 supprime discr\u00e8tement la\u00a0protection face\u00a0aux antennes-relais.<\/p>\n<p style=\"text-align: justify;\"><a href=\"https:\/\/reporterre.net\/La-loi-Elan-a-discretement-supprime-la-protection-face-aux-antennes-relais\">https:\/\/reporterre.net\/La-loi-Elan-a-discreteme<\/a><\/p>\n<p style=\"text-align: justify;\">30\/03\/2020\u00a0:\u00a0 Coronavirus, t\u00e9l\u00e9phonie mobile et ordonnances &#8211; communiqu\u00e9 de presse Alerte Phone Gate &#8211; CRIIREM &#8211; Robin des Toits<\/p>\n<p style=\"text-align: justify;\">Pr\u00e9textant sans raison r\u00e9ellement motiv\u00e9e (diminution de 35% de l&rsquo;activit\u00e9 \u00e9conomique en mars), de la pand\u00e9mie li\u00e9e au coronavirus Covid-19, et par l\u2019ordonnance n\u00b0 2020-320 du\u00a025\u00a0mars\u00a02020, publi\u00e9e ce 26 mars, le gouvernement vient\u00a0 de donner tout pouvoir aux op\u00e9rateurs pour installer de nouvelles antennes relais.<\/p>\n<p style=\"text-align: justify;\">2020\u00a0: Puisqu\u2019on ne peut attaquer en invoquant le principe de pr\u00e9caution\u00a0:<\/p>\n<p style=\"text-align: justify;\">\u00a0Conseil d&rsquo;Etat : Robin des toits persiste dans sa contestation des conditions d\u2019attribution de la 5G.<\/p>\n<p style=\"text-align: justify;\"><a href=\"https:\/\/www.robindestoits.org\/Conseil-d-Etat-Robin-des-toits-persiste-dans-sa-contestation-des-conditions-d-attribution-de-la-5\">https:\/\/www.robindestoits.org\/Conseil-d-Etat-Ro<\/a><\/p>\n<p style=\"text-align: justify;\">31\/12\u00a0\/2020\u00a0: L\u2019association\u00a0 avait engag\u00e9 en 2019 une action contre l\u2019attribution des fr\u00e9quences 5G . Nous avons appris \u2026 par la presse\u00a0 que nous avions \u00e9t\u00e9 d\u00e9bout\u00e9s.<\/p>\n<p style=\"text-align: justify;\">Attribution des fr\u00e9quences 5G\u00a0: le Conseil d&rsquo;Etat rejette plusieurs recours<\/p>\n<p style=\"text-align: justify;\">Les requ\u00e9rants, qui accusaient l&rsquo;Etat d&rsquo;avoir commis un \u00ab\u00a0exc\u00e8s de pouvoir\u00a0\u00bb, ont \u00e9t\u00e9 d\u00e9bout\u00e9s jeudi par la\u00a0plus haute juridiction administrative.<\/p>\n<p style=\"text-align: justify;\"><a href=\"https:\/\/www.francetvinfo.fr\/internet\/telephonie\/5g\/attribution-des-frequences-5g-le-conseil-d-etat-rejette-plusieurs-recours_42\"><strong>https:\/\/www.francetvinfo.fr\/internet\/telephon<\/strong><\/a><\/p>\n<p style=\"text-align: justify;\"><strong>20\/04\/2021\u00a0:<\/strong> <strong>Rapport 5G et sant\u00e9 : L\u2019Anses entre confusion et incoh\u00e9rence !<\/strong><\/p>\n<p style=\"text-align: justify;\">communiqu\u00e9 de presse Alerte Phone Gate &#8211; CRIIREM &#8211; Robin des Toits -SERA<\/p>\n<p style=\"text-align: justify;\"><a href=\"https:\/\/www.robindestoits.org\/Rapport-5G-et-sante-L-Anses-entre-confusion-et-incoherence-_a3050.html\">https:\/\/www.robindestoits.org\/Rapport-5G-et-sante-L-<\/a><\/p>\n<p style=\"text-align: justify;\">\n<p style=\"text-align: justify;\">20\/04\/2021 5G\u00a0: Rapport Anses Une bergerie confi\u00e9e aux loups<\/p>\n<p style=\"text-align: justify;\">https:\/\/www.robindestoits.org\/Une-bergerie-confiee-aux-loups-20-04-21_a3051.html<\/p>\n<p style=\"text-align: justify;\"><strong>\u00a0<\/strong><strong>POUR M\u00c9MOIRE\u00a0<\/strong><\/p>\n<p style=\"text-align: justify;\"><strong>\u00a0<\/strong><strong>SENAT &#8211; 06 MARS 2002 <\/strong><strong>En Hommage au docteur\u00a0 Roger Santini\u00a0\u00a0 <\/strong><\/p>\n<p style=\"text-align: justify;\"><strong>\u00a0<\/strong><a href=\"https:\/\/www.robindestoits.org\/Dr-Roger-Santini-Arguments-en-faveur-de-l-application-du-principe-de-precaution-a-l-encontre-des-\">https:\/\/www.robindestoits.org\/Dr-Roger-Sant<\/a><\/p>\n<p style=\"text-align: justify;\"><strong>\u00a0<\/strong><strong>\u00a0<\/strong><strong>COLLUSIONS<\/strong><\/p>\n<p style=\"text-align: justify;\"><strong>\u00a0<\/strong><strong>Paris, le 28 Avril 2014<\/strong><\/p>\n<p style=\"text-align: justify;\"><strong>\u00a0<\/strong><strong>Communiqu\u00e9 Robin des Toits\u00a0: Les op\u00e9rateurs d\u00e9ploient leur r\u00e9seau&#8230; de contacts utiles.<\/strong><\/p>\n<p style=\"text-align: justify;\">Avant de d\u00e9ployer ses r\u00e9seaux d&rsquo;antennes (3G, 4G, demain 5G) face \u00e0 des habitants de plus en plus r\u00e9ticents et \u00e0 des \u00e9lus devenant r\u00e9tifs, mieux vaut pr\u00e9parer le terrain en d\u00e9ployant un r\u00e9seau de contacts bien plac\u00e9s. C&rsquo;est ce qu&rsquo;ont compris de longue date les op\u00e9rateurs.<\/p>\n<p style=\"text-align: justify;\">Ainsi, les secr\u00e9taires g\u00e9n\u00e9raux de deux op\u00e9rateurs mobiles, SFR et Bouygues Telecom, sont membres du Conseil d\u2019\u00c9tat ; il s&rsquo;agit respectivement d&rsquo;Olivier Henrard (qui succ\u00e8de \u00e0 un autre conseiller d&rsquo;Etat) et de Didier Casas. Le Conseil d\u2019\u00c9tat ne transmet pas \u00e0 ses membres de connaissances particuli\u00e8res en ing\u00e9nierie des t\u00e9l\u00e9coms, ni en management : pourquoi faire appel \u00e0 ces profils alors, si ce n&rsquo;est en raison du contact dont ces hauts fonctionnaires disposent au sein de l&rsquo;institution dont ils sont issus ?<\/p>\n<p style=\"text-align: justify;\">Or, le Conseil d\u2019Etat, juridiction supr\u00eame pour les questions administratives, est amen\u00e9 \u00e0 se prononcer sur les autorisations d&rsquo;installations d&rsquo;antennes relais, attaqu\u00e9es notamment par les associations de riverains.<\/p>\n<p style=\"text-align: justify;\">Et, sans surprise, il a toujours rendu des arr\u00eats tr\u00e8s favorables aux op\u00e9rateurs, balayant d&rsquo;un revers de main les arguments, pourtant de plus en plus \u00e9tay\u00e9s, tir\u00e9s de la sant\u00e9 publique.<\/p>\n<p style=\"text-align: justify;\">Les secr\u00e9taires g\u00e9n\u00e9raux des op\u00e9rateurs ont beau \u00eatre administrativement \u00ab\u00a0en disponibilit\u00e9\u00a0\u00bb, ils n&rsquo;en restent pas moins&#8230; connect\u00e9s \u00e0 leur administration d&rsquo;origine.<\/p>\n<p style=\"text-align: justify;\">Un bon investissement pour les op\u00e9rateurs !!<\/p>\n<p style=\"text-align: justify;\">Dernier exemple en date de cette strat\u00e9gie d&rsquo;implantation, le recrutement de Rafika Rezgui, directrice des services ext\u00e9rieurs chez Bouygues Telecom, en tant que porte-parole du PS.<\/p>\n<p style=\"text-align: justify;\">Encore une lobbyiste bien plac\u00e9e !!<\/p>\n<p style=\"text-align: justify;\">Ses fonctions aux PS vont d\u00e9multiplier ses occasions de contacts avec les maires et autres \u00e9lus pour pr\u00e9parer le terrain \u00e0 l&rsquo;implantation des antennes.<\/p>\n<p style=\"text-align: justify;\">L&rsquo;affaire Aquilino Morelle, au cours de laquelle il est apparu que le conseiller du Pr\u00e9sident de la R\u00e9publique avait fait \u00ab\u00a0des piges\u00a0\u00bb pour les laboratoires pharmaceutiques alors m\u00eame qu&rsquo;il travaillait \u00e0 l&rsquo;IGAS, a pu choquer ; elle est loin d&rsquo;\u00eatre un cas isol\u00e9.<\/p>\n<p style=\"text-align: justify;\">Comment, dans un tel contexte de collusion et de confusion des genres, esp\u00e9rer que les int\u00e9r\u00eats de la sant\u00e9 publique et de la volont\u00e9 des citoyens de s&rsquo;opposer \u00e0 l&rsquo;envahissement massif de leur environnement par des technologies class\u00e9es \u00ab\u00a0canc\u00e9rig\u00e8nes possibles\u00a0\u00bb par l&rsquo;OMS pourront se faire entendre ?<\/p>\n<p style=\"text-align: justify;\">\n","protected":false},"excerpt":{"rendered":"<p>\u00a0Le point depuis 2011<\/p>\n","protected":false},"author":4,"featured_media":0,"comment_status":"closed","ping_status":"open","sticky":false,"template":"","format":"standard","meta":{"footnotes":""},"categories":[1],"tags":[],"class_list":["post-7956","post","type-post","status-publish","format-standard","hentry","category-non-classe"],"_links":{"self":[{"href":"https:\/\/collectif-accad.fr\/site\/wp-json\/wp\/v2\/posts\/7956","targetHints":{"allow":["GET"]}}],"collection":[{"href":"https:\/\/collectif-accad.fr\/site\/wp-json\/wp\/v2\/posts"}],"about":[{"href":"https:\/\/collectif-accad.fr\/site\/wp-json\/wp\/v2\/types\/post"}],"author":[{"embeddable":true,"href":"https:\/\/collectif-accad.fr\/site\/wp-json\/wp\/v2\/users\/4"}],"replies":[{"embeddable":true,"href":"https:\/\/collectif-accad.fr\/site\/wp-json\/wp\/v2\/comments?post=7956"}],"version-history":[{"count":1,"href":"https:\/\/collectif-accad.fr\/site\/wp-json\/wp\/v2\/posts\/7956\/revisions"}],"predecessor-version":[{"id":7957,"href":"https:\/\/collectif-accad.fr\/site\/wp-json\/wp\/v2\/posts\/7956\/revisions\/7957"}],"wp:attachment":[{"href":"https:\/\/collectif-accad.fr\/site\/wp-json\/wp\/v2\/media?parent=7956"}],"wp:term":[{"taxonomy":"category","embeddable":true,"href":"https:\/\/collectif-accad.fr\/site\/wp-json\/wp\/v2\/categories?post=7956"},{"taxonomy":"post_tag","embeddable":true,"href":"https:\/\/collectif-accad.fr\/site\/wp-json\/wp\/v2\/tags?post=7956"}],"curies":[{"name":"wp","href":"https:\/\/api.w.org\/{rel}","templated":true}]}}