{"id":7954,"date":"2021-09-16T02:31:37","date_gmt":"2021-09-16T00:31:37","guid":{"rendered":"https:\/\/collectif-accad.fr\/site\/?p=7954"},"modified":"2021-09-12T07:35:44","modified_gmt":"2021-09-12T05:35:44","slug":"actions-collectives-contre-la-5g","status":"publish","type":"post","link":"https:\/\/collectif-accad.fr\/site\/actions-collectives-contre-la-5g\/","title":{"rendered":"Actions collectives contre la 5G"},"content":{"rendered":"<p style=\"text-align: left;\"><strong>Un document r\u00e9alis\u00e9 par Arnaud DURAND, avocat aupr\u00e8s du barreau de Paris<\/strong><\/p>\n<p><!--more--><\/p>\n<p style=\"text-align: justify;\">C&rsquo;est un document tr\u00e8s important qui r\u00e9sume l&rsquo;essentiel du probl\u00e8me et le grave d\u00e9ni des pouvoirs publics sur la question.<\/p>\n<p style=\"text-align: justify;\"><a href=\"https:\/\/collectif-accad.fr\/site\/wp-content\/uploads\/2021\/09\/info-actions-collectives-contre-la-5G.pdf\">info actions collectives contre la 5G<\/a><\/p>\n","protected":false},"excerpt":{"rendered":"<p>Un document r\u00e9alis\u00e9 par Arnaud DURAND, avocat aupr\u00e8s du barreau de Paris<\/p>\n","protected":false},"author":4,"featured_media":0,"comment_status":"closed","ping_status":"open","sticky":false,"template":"","format":"standard","meta":{"footnotes":""},"categories":[1],"tags":[],"class_list":["post-7954","post","type-post","status-publish","format-standard","hentry","category-non-classe"],"_links":{"self":[{"href":"https:\/\/collectif-accad.fr\/site\/wp-json\/wp\/v2\/posts\/7954","targetHints":{"allow":["GET"]}}],"collection":[{"href":"https:\/\/collectif-accad.fr\/site\/wp-json\/wp\/v2\/posts"}],"about":[{"href":"https:\/\/collectif-accad.fr\/site\/wp-json\/wp\/v2\/types\/post"}],"author":[{"embeddable":true,"href":"https:\/\/collectif-accad.fr\/site\/wp-json\/wp\/v2\/users\/4"}],"replies":[{"embeddable":true,"href":"https:\/\/collectif-accad.fr\/site\/wp-json\/wp\/v2\/comments?post=7954"}],"version-history":[{"count":1,"href":"https:\/\/collectif-accad.fr\/site\/wp-json\/wp\/v2\/posts\/7954\/revisions"}],"predecessor-version":[{"id":7955,"href":"https:\/\/collectif-accad.fr\/site\/wp-json\/wp\/v2\/posts\/7954\/revisions\/7955"}],"wp:attachment":[{"href":"https:\/\/collectif-accad.fr\/site\/wp-json\/wp\/v2\/media?parent=7954"}],"wp:term":[{"taxonomy":"category","embeddable":true,"href":"https:\/\/collectif-accad.fr\/site\/wp-json\/wp\/v2\/categories?post=7954"},{"taxonomy":"post_tag","embeddable":true,"href":"https:\/\/collectif-accad.fr\/site\/wp-json\/wp\/v2\/tags?post=7954"}],"curies":[{"name":"wp","href":"https:\/\/api.w.org\/{rel}","templated":true}]}}