{"id":7948,"date":"2021-09-15T02:25:21","date_gmt":"2021-09-15T00:25:21","guid":{"rendered":"https:\/\/collectif-accad.fr\/site\/?p=7948"},"modified":"2021-09-17T06:50:01","modified_gmt":"2021-09-17T04:50:01","slug":"7948-2","status":"publish","type":"post","link":"https:\/\/collectif-accad.fr\/site\/7948-2\/","title":{"rendered":"Le monde de la 5G"},"content":{"rendered":"<h4 style=\"text-align: left;\"><strong>La d\u00e9mocratie en p\u00e9ril<\/strong><\/h4>\n<p style=\"text-align: left;\"><!--more--><\/p>\n<p style=\"text-align: justify;\"><strong>Quel est l\u2019impact \u00e0 venir de la 5G dans le fonctionnement de notre soci\u00e9t\u00e9 ?<\/strong><\/p>\n<p style=\"text-align: justify;\"><strong>Un livre de Denis Bourgeois aux \u00e9ditions Yves Michel\u00a0; pr\u00e9face de Robin des toits<\/strong><\/p>\n<p style=\"text-align: justify;\"><strong>Quel r\u00f4le peut jouer la 5G dans les menaces qui p\u00e8sent sur la d\u00e9mocratie ?<\/strong> \u00ab La th\u00e8se de ce livre peut se r\u00e9sumer ainsi : La <strong>5G<\/strong> et le syst\u00e8me technique associ\u00e9, dont elle est un \u00e9l\u00e9ment cl\u00e9, constituent un outil utile et n\u00e9cessaire \u00e0 l\u2019instauration d\u2019une dictature aux couleurs du XXIe si\u00e8cle ; Nul ne conna\u00eet l\u2019avenir mais si les tendances constat\u00e9es depuis quelques d\u00e9cennies se poursuivent, c\u2019est ce qui arrivera tr\u00e8s probablement. \u00bb<\/p>\n<p style=\"text-align: justify;\">C\u2019est ce que Denis Bourgeois propose de mani\u00e8re document\u00e9e dans cet ouvrage : une justification et un d\u00e9veloppement de cette th\u00e8se, en proposant \u00e9galement des pistes de documentation sur les questions, par ailleurs tr\u00e8s pr\u00e9occupantes, de l\u2019<strong>impact du d\u00e9veloppement de la 5G sur la sant\u00e9 et l\u2019environnement.<\/strong><\/p>\n<p style=\"text-align: center;\">** **<\/p>\n<p style=\"text-align: center;\"><strong>Le commentaire de Robin des toits<\/strong><\/p>\n<p style=\"text-align: justify;\">Le d\u00e9ploiement en cours de la 5G suscite de multiples inqui\u00e9tudes de toutes parts, face au d\u00e9veloppement exponentiel du brouillard \u00e9lectromagn\u00e9tique.<\/p>\n<p style=\"text-align: justify;\">L\u2019intention du livre de Denis Bourgeois est d\u2019attirer l\u2019attention sur le danger que la 5G fait courir \u00e0 notre d\u00e9mocratie. Il est une alerte \u00e9difiante face \u00e0 la surpuissance des industriels et du pouvoir politique, qui se sont \u00a0lanc\u00e9s sans r\u00e9elle consultation publique dans l\u2019aventure du tout connect\u00e9, pour basculer vers une dictature du XXI\u00e8 si\u00e8cle.<\/p>\n<p>Si rien n\u2019arr\u00eate le mouvement actuel, nous vivrons dans une \u00a0soci\u00e9t\u00e9 qui n\u2019aura plus rien de commun avec la d\u00e9mocratie. Le livre analyse comment sont mis en place les piliers essentiels d\u2019une dictature, reposant sur le num\u00e9rique et les t\u00e9l\u00e9communications.<\/p>\n<p>Il d\u00e9crit deux formes : l\u2019une s\u00e9v\u00e8re faisant \u00a0r\u00e9f\u00e9rence \u00e0 l\u2019\u0153uvre \u00ab\u00a0<em>1984<\/em>\u00a0\u00bb et l\u2019autre, plus douce, de type \u00ab\u00a0<em>Le \u00a0Meilleur des Mondes<\/em>\u00ab\u00a0.<\/p>\n<p>D\u2019une part, nous sommes soumis \u00e0 une surveillance et un \u00a0contr\u00f4le croissant de chaque individu. La 5G va permettre \u00a0la multiplication des objets connect\u00e9s. Les GAFAM et autres industriels du num\u00e9rique et les services de renseignement ont montr\u00e9 depuis plus de dix ans, qu\u2019ils n\u2019ont pas de scrupules \u00e0 utiliser de tels outils.<\/p>\n<p>D\u2019autre part l\u2019industrie du num\u00e9rique op\u00e8re un contr\u00f4le sans pr\u00e9c\u00e9dent de l\u2019information donn\u00e9e au public et des lois \u00e9dict\u00e9es par les autorit\u00e9s publiques. Les contre-pouvoirs dans une d\u00e9mocratie ne fonctionnent plus. Cette industrie et ses alli\u00e9s financiers parviennent notamment \u00e0 faire passer sous silence les grands dangers que la 5G fera courir \u00e0 nos sant\u00e9s et \u00e0 notre environnement<\/p>\n<p style=\"text-align: center;\"><strong>Extraits<\/strong><\/p>\n<p style=\"text-align: justify;\"><strong>III. Le contr\u00f4le de l\u2019opinion et des lois : principes g\u00e9n\u00e9raux<\/strong><\/p>\n<p style=\"text-align: justify;\">Des strat\u00e9gies d\u00e9j\u00e0 anciennes et bien identifi\u00e9es permettent aux industriels, et aux financiers qui leur sont alli\u00e9s, d\u2019exercer une grande influence sur l\u2019information et l\u2019opinion des populations ainsi que sur les lois en vigueur. Ce que nous vivons aujourd\u2019hui est la continuation de tendances vieilles de plusieurs d\u00e9cennies, avec cependant un coup d\u2019acc\u00e9l\u00e9rateur marquant dans les derniers mois. C\u2019est ce coup d\u2019acc\u00e9l\u00e9rateur qui peut faire basculer nos d\u00e9mocraties imparfaites vers un \u00e9tat de dictature caract\u00e9ris\u00e9. Ces strat\u00e9gies d\u2019influence, reprises et enrichies par l\u2019industrie du num\u00e9rique, ont atteint une puissance sans pr\u00e9c\u00e9dent aujourd\u2019hui.<\/p>\n<p style=\"text-align: justify;\">La connaissance de ces ph\u00e9nom\u00e8nes est d\u00e9terminante pour comprendre de nombreux d\u00e9veloppements de notre soci\u00e9t\u00e9 et, notamment, le d\u00e9ploiement de la 5G.<\/p>\n<p style=\"text-align: justify;\">&#8230;<\/p>\n<p style=\"text-align: justify;\">Ainsi se tisse la toile que les industriels utilisent pour faire accepter leurs produits : influencer, discr\u00e8tement mais tr\u00e8s efficacement, le monde scientifique, les m\u00e9dias et les autorit\u00e9s publiques. Si ce travail est bien fait, le r\u00e9sultat est pr\u00e9visible. Sur le devant de la sc\u00e8ne, chacun fait alors son travail et, pour reprendre une expression bien connue, \u00e0 la fin, ce sont les industriels qui gagnent.<\/p>\n<p style=\"text-align: justify;\">&#8230;<\/p>\n<p style=\"text-align: justify;\">La science, les m\u00e9dias et les autorit\u00e9s publiques ne sont pas directement dans les mains d\u2019un parti unique ou d\u2019un dictateur ; la domination qui s\u2019exerce sur ces acteurs est plus subtile mais elle parvient aujourd\u2019hui \u00e0 des r\u00e9sultats efficaces tout en pr\u00e9servant, pour qui n\u2019y prend pas garde, l\u2019image d\u2019une d\u00e9mocratie. Ceci, dans son principe n\u2019est pas nouveau, mais le perfectionnement et la puissance de ces m\u00e9canismes sont aujourd\u2019hui de nature \u00e0 \u00e9liminer les contre-pouvoirs qui existaient malgr\u00e9 tout dans nos imparfaites d\u00e9mocraties.<\/p>\n<p style=\"text-align: justify;\">Sans doute y a-t-il \u00e0 l\u2019oeuvre, dans toute cette construction, du cynisme et de la corruption mais aussi de la bonne foi chez des personnes qui croient au bien-fond\u00e9 de ce qu\u2019elles font. Il n\u2019est pas le propos ici de d\u00e9m\u00ealer les unes de l\u2019autre et de porter des jugements sur des personnes ; il est de mettre en lumi\u00e8re des m\u00e9canismes qui, quels que soient les mobiles des acteurs, produisent implacablement leurs effets.<\/p>\n<ol style=\"text-align: justify;\">\n<li>Le contr\u00f4le de l\u2019opinion et des lois : le cas de la 5G<\/li>\n<\/ol>\n<p style=\"text-align: justify;\">Vous avez peut-\u00eatre pu vous rendre compte des dangers de la 5G, en consultant le site d\u2019associations lanceuses d\u2019alerte. Tr\u00e8s bien. Mais il reste une grande question : pourquoi vous a-t-il fallu pour cela des lanceurs d\u2019alerte ?<\/p>\n<p style=\"text-align: justify;\">Ou peut-\u00eatre \u00eates-vous bien au fait de toutes ces questions depuis longtemps.<\/p>\n<p style=\"text-align: justify;\">La grande question, qui revient \u00e0 la pr\u00e9c\u00e9dente, est alors : pourquoi \u00eates-vous si peu nombreux ? En effet, la m\u00e9connaissance de ce qu\u2019est la 5G et de ses dangers est g\u00e9n\u00e9rale.<\/p>\n<p style=\"text-align: justify;\">Certes, on peut se dire que l\u2019\u00eatre humain est paresseux, ne cherche pas \u00e0 approfondir les questions sur une technologie qui lui est propos\u00e9e et qui lui apporte du confort.<\/p>\n<p style=\"text-align: justify;\">On peut aussi se dire que l\u2019on n\u2019\u00e9coute que ce que l\u2019on a envie d\u2019entendre et pas ce qui pourrait d\u00e9ranger sa qui\u00e9tude intellectuelle.<\/p>\n<p style=\"text-align: justify;\">Mais ceci n\u2019explique pas tout ; \u00e0 cet \u00e9norme d\u00e9ficit d\u2019information au sujet de la<\/p>\n<p style=\"text-align: justify;\">5G, une autre raison majeure existe et vous pouvez la deviner si vous avez lu les pages pr\u00e9c\u00e9dentes : les m\u00e9canismes qui y sont d\u00e9crits ont fonctionn\u00e9 avec une efficacit\u00e9 remarquable. Les industriels ont parfaitement r\u00e9ussi \u00e0 contr\u00f4ler l\u2019opinion et les lois les concernant, ce qui peut leur permettre, en retour, d\u2019asseoir encore davantage leur pouvoir \u00e0 l\u2019avenir. On peut m\u00eame dire que nous avons l\u00e0 un cas d\u2019\u00e9cole, illustrant tr\u00e8s bien les principes expos\u00e9s au chapitre pr\u00e9c\u00e9dent.<\/p>\n<p style=\"text-align: justify;\"><strong>L&rsquo;auteur : <\/strong><br \/>\n<em>Denis Bourgeois est actif dans une branche locale de l\u2019association Robin des Toits. <\/em><em><br \/>\nSes engagements \u00e0 tous niveaux l\u2019ont conduit \u00e0 r\u00e9diger cet ouvrage.<br \/>\n\u00c0 la fois militant, professionnel et b\u00e9n\u00e9vole, en faveur de nombreuses causes telles que l\u2019\u00e9cologie et l\u2019\u00e9conomie \u00e0 la recherche du bien commun, il a \u00e9galement \u00e9t\u00e9 sociologue et chercheur-enseignant en sciences sociales appliqu\u00e9es au monde des organisations et de l\u2019\u00e9conomie.<\/em><\/p>\n<p style=\"text-align: center;\"><em>** **<\/em><\/p>\n<p style=\"text-align: center;\"><em><strong>Pour en savoir encore plus sur la 5G <\/strong><\/em><\/p>\n<p style=\"text-align: justify;\"><em>Une bibliographie assez compl\u00e8te\u00a0: <\/em><\/p>\n<p style=\"text-align: justify;\"><em><a href=\"https:\/\/collectif-accad.fr\/site\/wp-content\/uploads\/2021\/09\/Selection-de-livres-en-langue-francaise-qui-parlent-du-scandale-du.pdf\">S\u00e9lection de livres en langue fran\u00e7aise qui parlent du scandale du<\/a><\/em><\/p>\n<p style=\"text-align: justify;\"><em><strong>Commentaire de Patrice Goyaud<\/strong><\/em><\/p>\n<p style=\"text-align: justify;\"><em>Attention au livre de Florence Rolando qui n&rsquo;a rien d&rsquo;un livre sur la 5G, malgr\u00e9 son titre.<\/em><\/p>\n<p style=\"text-align: justify;\"><em>L&rsquo;\u00e9diteur nous avait envoy\u00e9 un exemplaire pour que rDT en fasse la promotion.<\/em><\/p>\n<p style=\"text-align: justify;\"><em>J&rsquo;ai pris la peine de le lire, r\u00e9sultat : si au plan naturopathie il tient la route il est truff\u00e9 d&rsquo;erreurs (dont certaines \u00e9normes) et d&rsquo;impr\u00e9cisions techniques.<\/em><\/p>\n<p style=\"text-align: justify;\"><em>J&rsquo;en ai dress\u00e9 la liste que j&rsquo;ai communiqu\u00e9e \u00e0 l&rsquo;\u00e9diteur, lequel l&rsquo;a adress\u00e9e \u00e0 l&rsquo;auteure, qui m&rsquo;a d&rsquo;ailleurs r\u00e9pondu que le livre \u00e9tait sous presse et non modifiable pour l&rsquo;instant.<\/em><\/p>\n<p style=\"text-align: justify;\"><em>C&rsquo;est une faute d\u00e9ontologique, lorsqu&rsquo;on \u00e9crit sur des sujets que l&rsquo;on ne maitrise pas, de ne pas faire relire l&rsquo;ouvrage par un comit\u00e9 de lecture avant parution.<\/em><\/p>\n<p style=\"text-align: justify;\"><em>Un livre \u00ab\u00a0tout public\u00a0\u00bb doit aussi \u00eatre irr\u00e9prochable, et celui ci, \u00e0 mon avis peut faire de l&rsquo;ombre \u00e0 notre cause.<\/em><\/p>\n<p style=\"text-align: center;\">** **<\/p>\n<p style=\"text-align: left;\"><strong>Commentaire de Stop Linky 5G Loire et Halte au contr\u00f4le num\u00e9rique<\/strong><\/p>\n<p style=\"text-align: justify;\">A la lecture de ce livre de Denis Bourgeois (soutenu par et, semble-t-il, occasion d&rsquo;une \u00ab\u00a0r\u00e9invention\u00a0\u00bb de l&rsquo;association Robin des toits dont il fait partie), quelques r\u00e9flexions personnelles :<\/p>\n<p style=\"text-align: justify;\">&#8211; tout d&rsquo;abord bravo pour un propos ambitieux sur la soci\u00e9t\u00e9 de surveillance, \u00e0 la fois condens\u00e9 et construit sans perdre le fil d&rsquo;une vision d&rsquo;ensemble, avec beaucoup de notes qui permettent de prolonger la r\u00e9flexion au del\u00e0. Ce livre &#8211; peu cher : 10 \u20ac &#8211; peut \u00eatre diffus\u00e9 largement par nos collectifs pour que chacun.e s&rsquo;approprie les \u00e9l\u00e9ments pour d\u00e9battre ensuite.<\/p>\n<p style=\"text-align: justify;\">&#8211; propos courageux d&rsquo;y ins\u00e9rer une r\u00e9flexion sur la d\u00e9mocratie et ses conditions, mise \u00e0 mal actuellement par les industriels et \u00e9tats, alors que d\u00e9sormais le seul questionnement peut \u00eatre assimil\u00e9 \u00e0 du complotisme, du confusionisme, par les repr\u00e9sentants du pouvoir comme par les m\u00e9dias (d\u00e9tenus pour la plupart par les industriels du num\u00e9rique, comme le rappelle ce livre). Et, ce qui est tr\u00e8s inqui\u00e9tant, par l&rsquo;opposition dite \u00ab\u00a0de gauche\u00a0\u00bb et \u00e9cologiste, laquelle appuie sans barguiner l&rsquo;imposition coercitive du pass sanitaire.<\/p>\n<p style=\"text-align: justify;\">&#8211; ce livre se centre sur le \u00ab\u00a0monde de la 5G\u00a0\u00bb, expression que nous avions aussi retenue pour notre manifestation l&rsquo;ann\u00e9e derni\u00e8re \u00e0 Lyon \u00ab\u00a0contre la 5G et son monde\u00a0\u00bb. La 5G peut \u00eatre vue comme une continuit\u00e9 (2, 3, 4G), mais elle est plus s\u00fbrement une rupture car c&rsquo;est elle qui permettrait la fusion de diff\u00e9rents outils (smartphones, mais aussi objets connect\u00e9s &#8211; dont le Linky -, voitures autonomes, drones, cam\u00e9ras&#8230;, contribuant \u00e0 l&rsquo;installation d&rsquo;une soci\u00e9t\u00e9 de surveillance et de contr\u00f4le permanent.<\/p>\n<p style=\"text-align: justify;\">Notre combat contre la 5G est donc bien central.<\/p>\n<p style=\"text-align: justify;\">&#8211; seule r\u00e9serve : la strat\u00e9gie de sortie propos\u00e9e, type le \u00ab\u00a0colibri\u00a0\u00bb de Pierre Rabhi (cit\u00e9 dans le livre), qui renverrait \u00e0 notre seule action individuelle. Certes, nous avons des pouvoirs, de consommateur (ne pas acheter smartphone 5G et objets connect\u00e9s&#8230;), d&rsquo;act.eur.trice civique. Mais, m\u00eame si la situation politique actuelle est tr\u00e8s d\u00e9courageante (voir plus haut !), on ne doit pas s&rsquo;interdire des revendications, des actions juridiques et politiques de long terme, si possible en coop\u00e9ration avec les militants d&rsquo;autres pays.<\/p>\n<p style=\"text-align: justify;\">Le livre de Ya\u00ebl Benayoun et Yr\u00e9n\u00e9e R\u00e9gnauld, \u00ab\u00a0<em>Technologies partout, d\u00e9mocratie nulle part\u00a0\u00bb<\/em>, inventorie ainsi quelques pistes prometteuses.<\/p>\n<p style=\"text-align: justify;\">Beaucoup de livres paraissent actuellement sur ces sujets, un est sans doute fondateur pour prendre la mesure du monde dans lequel nous entrons : \u00ab\u00a0L&rsquo;\u00e2ge du capitalisme de surveillance\u00a0\u00bb, de Shoshana Zuboff. Il est un peu long (700 p.), mais beaucoup d&rsquo;interviews, de commentaires critiques existent qui peuvent permettre de d\u00e9couvrir les concepts de l&rsquo;auteure.<\/p>\n<p style=\"text-align: justify;\">Justement, l&rsquo;article<\/p>\n<p style=\"text-align: justify;\"><a href=\"https:\/\/lundi.am\/De-quoi-le-QR-code-est-il-le-nom\">https:\/\/lundi.am\/De-quoi-le-QR-code-est-il-le-nom<\/a><\/p>\n<p style=\"text-align: justify;\">se base en partie sur son approche, mais aussi sur un livre paru en 2013, d&rsquo;Eric Schmidt alors PDG de Google. C&rsquo;est ainsi, au moment o\u00f9 ils s&rsquo;y lan\u00e7aient, ces grands concepteurs de la soci\u00e9t\u00e9 de surveillance nous annon\u00e7aient tr\u00e8s clairement ce qu&rsquo;ils nous r\u00e9servaient ! Apr\u00e8s, ils se taisent ou m\u00eame nient&#8230;<\/p>\n","protected":false},"excerpt":{"rendered":"<p>La d\u00e9mocratie en p\u00e9ril<\/p>\n","protected":false},"author":4,"featured_media":0,"comment_status":"closed","ping_status":"open","sticky":false,"template":"","format":"standard","meta":{"footnotes":""},"categories":[1],"tags":[],"class_list":["post-7948","post","type-post","status-publish","format-standard","hentry","category-non-classe"],"_links":{"self":[{"href":"https:\/\/collectif-accad.fr\/site\/wp-json\/wp\/v2\/posts\/7948","targetHints":{"allow":["GET"]}}],"collection":[{"href":"https:\/\/collectif-accad.fr\/site\/wp-json\/wp\/v2\/posts"}],"about":[{"href":"https:\/\/collectif-accad.fr\/site\/wp-json\/wp\/v2\/types\/post"}],"author":[{"embeddable":true,"href":"https:\/\/collectif-accad.fr\/site\/wp-json\/wp\/v2\/users\/4"}],"replies":[{"embeddable":true,"href":"https:\/\/collectif-accad.fr\/site\/wp-json\/wp\/v2\/comments?post=7948"}],"version-history":[{"count":4,"href":"https:\/\/collectif-accad.fr\/site\/wp-json\/wp\/v2\/posts\/7948\/revisions"}],"predecessor-version":[{"id":7958,"href":"https:\/\/collectif-accad.fr\/site\/wp-json\/wp\/v2\/posts\/7948\/revisions\/7958"}],"wp:attachment":[{"href":"https:\/\/collectif-accad.fr\/site\/wp-json\/wp\/v2\/media?parent=7948"}],"wp:term":[{"taxonomy":"category","embeddable":true,"href":"https:\/\/collectif-accad.fr\/site\/wp-json\/wp\/v2\/categories?post=7948"},{"taxonomy":"post_tag","embeddable":true,"href":"https:\/\/collectif-accad.fr\/site\/wp-json\/wp\/v2\/tags?post=7948"}],"curies":[{"name":"wp","href":"https:\/\/api.w.org\/{rel}","templated":true}]}}