{"id":7287,"date":"2021-04-09T02:20:50","date_gmt":"2021-04-09T00:20:50","guid":{"rendered":"https:\/\/collectif-accad.fr\/site\/?p=7287"},"modified":"2021-04-06T14:22:53","modified_gmt":"2021-04-06T12:22:53","slug":"cela-bouge-a-aix-et-sameon","status":"publish","type":"post","link":"https:\/\/collectif-accad.fr\/site\/cela-bouge-a-aix-et-sameon\/","title":{"rendered":"Cela bouge \u00e0 Aix et Sam\u00e9on"},"content":{"rendered":"<h2 style=\"text-align: left;\"><strong>Un m\u00e9decin appelle \u00e0 ne pas n\u00e9gliger le risque des antennes-relais pour la sant\u00e9<\/strong><\/h2>\n<p><!--more--><\/p>\n<p style=\"text-align: justify;\">\u00c0 Aix-en-P\u00e9v\u00e8le, comme \u00e0 Sam\u00e9on, des habitants hostiles \u00e0 des projets d\u2019installation d\u2019antennes relais brandissent la menace que feraient peser ces \u00e9quipements sur leur sant\u00e9, et celle de leurs enfants, une fois sortis de terre. Le courrier qu\u2019a re\u00e7u un des membres du collectif aixois d\u2019un m\u00e9decin lillois va dans le sens de cette pr\u00e9occupation partag\u00e9e.<\/p>\n<p style=\"text-align: justify;\">Comme \u00e9voqu\u00e9\u00a0<a href=\"https:\/\/www.lavoixdunord.fr\/971786\/article\/2021-03-31\/aix-en-pevele-des-habitants-se-mobilisent-contre-le-projet-d-installation-d-une\">ce mercredi dans nos colonnes<\/a>, un collectif d\u2019habitants se mobilise actuellement \u00e0 Aix-en-P\u00e9v\u00e8le,\u00a0<a href=\"https:\/\/www.lavoixdunord.fr\/531852\/article\/2019-02-02\/cent-cinquante-manifestants-contre-la-possible-installation-d-une-antenne-relais?_ga=2.61752681.492804785.1579515306-695931141.1569915297\">comme \u00e0 Sam\u00e9on<\/a>, contre l\u2019implantation envisag\u00e9e d\u2019une antenne relais. \u00c0 Aix, la tension est d\u2019autant plus vive qu\u2019Orange n\u2019exclut pas d\u2019implanter son m\u00e2t rue Koenig, \u00e0 moins de 200 m\u00e8tres d\u2019une habitation o\u00f9 vit un enfant \u00e0 la sant\u00e9 fragile. Pour ses parents, c\u2019est s\u00fbr, cette antenne-l\u00e0 constituera une menace pour leur fils. Dans un village comme dans l\u2019autre, l\u2019inqui\u00e9tude li\u00e9e \u00e0 une exposition aux champs \u00e9lectromagn\u00e9tiques \u00e9mis par les antennes-relais est palpable.\u00a0<a href=\"http:\/\/www.radiofrequences.gouv.fr\/antennes-relais-de-telephonie-mobile-a67.html\">Alors que le gouvernement<\/a>\u00a0affirme que l\u2019existence de risques sanitaires n\u2019est encore pas \u00e9tablie, \u00ab\u00a0<em>d\u00e8s lors que les valeurs limites d\u2019exposition du public sont respect\u00e9es<\/em>\u00a0\u00bb, le couple d\u2019Aixois a d\u00e9cid\u00e9 d\u2019interpeller le centre Oscar-Lambret de Lille pour en savoir plus et prot\u00e9ger son enfant.<\/p>\n<p style=\"text-align: justify;\"><strong>\u00a0<\/strong><strong>\u00ab\u00a0Il est n\u00e9cessaire que ce projet d\u2019antenne soit r\u00e9\u00e9valu\u00e9.\u00a0\u00bb<\/strong><\/p>\n<p style=\"text-align: justify;\">\u00a0Dans son courrier de r\u00e9ponse, un m\u00e9decin rappelle que \u00ab\u00a0<em>le groupe International Agency for Research on Cancer a class\u00e9 en 2011 les radiofr\u00e9quences \u00e9lectromagn\u00e9tiques parmi les carcinog\u00e8nes humains possibles<\/em>\u00a0\u00bb. Toutefois, nuance-t-il, apr\u00e8s que plusieurs \u00e9tudes ont \u00e9t\u00e9 men\u00e9es, \u00ab\u00a0<em>aucune augmentation significative de l\u2019incidence de tumeurs c\u00e9r\u00e9brales en lien avec les ondes des t\u00e9l\u00e9phones portables et antennes relais n\u2019a \u00e9t\u00e9 retrouv\u00e9e<\/em>\u00a0\u00bb. Pour autant, \u00ab\u00a0<em>il semble que le risque de d\u00e9velopper une tumeur c\u00e9r\u00e9brale est<\/em>\u00a0<em>deux \u00e0 trois fois plus important chez les grands utilisateurs, et suite \u00e0 une exposition sur le long terme, au-del\u00e0 de 10 ans. Ce qui pourrait \u00eatre le cas lorsqu\u2019on habite pr\u00e8s d\u2019une antenne relais. Des \u00e9tudes\u00a0in vitro<\/em>\u00a0ont par ailleurs prouv\u00e9 qu\u2019une\u00a0<em>cellule gliale (du syst\u00e8me nerveux), soumise \u00e0 un signal \u00e9lectromagn\u00e9tique, subissait un effet pathologique sur son ADN pouvant conduire \u00e0 la cr\u00e9ation de cellules tumorales<\/em>\u00a0\u00a0\u00bb.<\/p>\n<p style=\"text-align: justify;\">Aux yeux du m\u00e9decin lillois, toutes ces donn\u00e9es \u00ab<em>\u00a0\u00a0invitent \u00e0 \u00eatre prudent et \u00e0 limiter l\u2019exposition de notre cerveau aux ondes \u00e9mises par les portables et antennes t\u00e9l\u00e9phoniques (\u2026)<\/em>\u00a0<em>Il est n\u00e9cessaire que ce projet d\u2019antenne (\u00e0 Aix, NDLR) soit r\u00e9\u00e9valu\u00e9 pour \u00e9loigner cette\u00a0source d\u2019ondes \u00e9lectromagn\u00e9tiques \u00e0 plus de 200\u00a0m\u00e8tres de la maison de la famille\u00a0en vertu du\u00a0principe\u00a0de pr\u00e9caution<\/em>\u00a0\u00a0\u00bb.<\/p>\n<p style=\"text-align: justify;\">VdN Douai<\/p>\n<p style=\"text-align: justify;\">** **<\/p>\n<p style=\"text-align: left;\"><strong>Aix-en-P\u00e9v\u00e8le : des habitants se mobilisent contre le projet d\u2019installation d\u2019une antenne relais<\/strong><\/p>\n<p style=\"text-align: justify;\">Alors qu\u2019\u00e0 quelques kilom\u00e8tres de l\u00e0, habitants et mairie de Sam\u00e9on luttent main dans la main contre l\u2019implantation d\u2019une antenne 5G, des Aixois se mobilisent \u00e0 leur tour pour tuer dans l\u2019\u0153uf l\u2019installation redout\u00e9e d\u2019une antenne de t\u00e9l\u00e9phonie mobile envisag\u00e9e par l\u2019op\u00e9rateur Orange.<\/p>\n<p style=\"text-align: justify;\">C\u2019est Hubert Verbeke, riverain de la rue Koenig, qui a lev\u00e9 le li\u00e8vre le premier. \u00ab\u00a0<em>Il y a trois semaines, j\u2019ai aper\u00e7u des gars qui r\u00e9alisaient des pr\u00e9l\u00e8vements de terrain pr\u00e8s de chez moi et le soir m\u00eame, j\u2019ai appris qu\u2019il s\u2019agissait de sondages en vue de l\u2019installation d\u2019une antenne relais. Le terrain appartient \u00e0 un Aixois parti en Bretagne<\/em>\u00a0\u00bb. D\u2019abord surpris, l\u2019agriculteur et son \u00e9pouse ne tardent pas \u00e0 s\u2019inqui\u00e9ter du risque potentiel qu\u2019une antenne relais implant\u00e9e \u00e0 moins de 200 m\u00e8tres de leur maison pourrait faire peser sur leur fils de 14 ans, atteint d\u2019une maladie grave il y a quelques ann\u00e9es, et dont la sant\u00e9 reste fragile. L\u2019\u00e9motion suscit\u00e9e par l\u2019anxi\u00e9t\u00e9 du papa sur les r\u00e9seaux sociaux se r\u00e9pand alors comme une tra\u00een\u00e9e de poudre et incite des voisins \u00e0 se mobiliser.<\/p>\n<p style=\"text-align: justify;\">\u00a0\u00ab\u00a0<em>On va cr\u00e9er un collectif pour s\u2019opposer \u00e0 cette antenne<\/em>, confirme Edwin Skowron, rue d\u2019Orchies.\u00a0<a href=\"https:\/\/www.lavoixdunord.fr\/963324\/article\/2021-03-20\/antenne-relais-de-sameon-le-rapporteur-public-hostile-l-arrete-du-maire\"><em>On va se rapprocher des gens de Sam\u00e9on<\/em><\/a><em>\u00a0pour d\u00e9finir la meilleure strat\u00e9gie<\/em>\u00a0\u00bb. \u00ab\u00a0<em>On n\u2019est pas anti-technologie mais une antenne si pr\u00e8s des habitations, c\u2019est non<\/em>\u00a0\u00bb, rench\u00e9rit Dominique Delefolly. \u00ab\u00a0<em>Y a-t-il vraiment un besoin\u00a0?<\/em>\u00a0\u00bb, s\u2019interroge Jean-Charles, son mari, qui \u00e9voque la d\u00e9pr\u00e9ciation immobili\u00e8re, le risque sanitaire et l\u2019atteinte \u00e0 l\u2019environnement que causerait l\u2019antenne sortie de terre. Tous attendent du maire qu\u2019il se positionne \u00ab\u00a0<em>sans \u00e9quivoque<\/em>\u00a0\u00bb contre ce projet qu\u2019Orange confirme vouloir mener \u00e0 bien. \u00ab\u00a0<em>Nous souhaitons am\u00e9liorer le r\u00e9seau 4G \u00e0 Aix<\/em>, fait valoir l\u2019op\u00e9rateur.\u00a0<em>On \u00e9tudie. Rien n\u2019est d\u00e9cid\u00e9 mais le site de la rue Koenig est effectivement une possibilit\u00e9.<\/em>\u00a0\u00bb<\/p>\n<p style=\"text-align: justify;\">\u00a0Il y a quelques jours, le maire a re\u00e7u des mains d\u2019Hubert Verbeke un certificat m\u00e9dical, sign\u00e9 de l\u2019oncologue qui suit le fils de ce dernier. Le m\u00e9decin y \u00e9voque la n\u00e9cessit\u00e9 d\u2019\u00e9loigner \u00ab\u00a0<em>toute source d\u2019ondes \u00e9lectromagn\u00e9tiques \u00e0 plus de 200 m\u00e8tres de la maison de la famille<\/em>\u00a0\u00bb en vertu du \u00ab\u00a0<em>principe de pr\u00e9caution<\/em>\u00a0\u00bb. Et d\u2019ajouter qu\u2019au regard du traitement \u00ab\u00a0<em>par irradiation\u00a0\u00a0<\/em>\u00bb qu\u2019a re\u00e7u l\u2019adolescent quand il \u00e9tait enfant, l\u2019exposer \u00e0 la proximit\u00e9 d\u2019une antenne relais pourrait accro\u00eetre les risques de r\u00e9cidive.<\/p>\n<p style=\"text-align: justify;\">VdN Douai<\/p>\n<p style=\"text-align: center;\">** **<\/p>\n<p style=\"text-align: center;\"><strong>Attention \u00e0 ne pas se tromper de combat<\/strong><\/p>\n<p style=\"text-align: justify;\">Il est vrai que les antennes occasionnent des probl\u00e8mes sanitaires. Mais il ne faut pas en conclure que l\u2019antenne sera plus int\u00e9ressante plus loin. Il n\u2019y a pas que des probl\u00e8mes de sant\u00e9, ou de d\u00e9pr\u00e9ciation immobili\u00e8re.<\/p>\n<ul style=\"text-align: justify;\">\n<li>Il y a aussi des probl\u00e8mes d\u2019espionnage\u00a0: 70% de la 5G servira pour la t\u00e9l\u00e9surveillance<\/li>\n<li>La 5G est l\u2019antichambre de cette soci\u00e9t\u00e9 qui se num\u00e9riser \u00e0 grande vitesse. Cela signifie que l\u2019on va vers la robotisation.<\/li>\n<\/ul>\n<p style=\"text-align: justify;\">C\u2019est pour tout cela qu\u2019il faut se battre contre l\u2019implantation de ces antennes\u00a0:<\/p>\n<p style=\"text-align: center;\"><strong>NON A LA 5G, ni \u00e0 Sam\u00e9on, ni \u00e0 Aix, NI AILLEURS<\/strong><\/p>\n<p style=\"text-align: justify;\">\n","protected":false},"excerpt":{"rendered":"<p>Un m\u00e9decin appelle \u00e0 ne pas n\u00e9gliger le risque des antennes-relais pour la sant\u00e9<\/p>\n","protected":false},"author":4,"featured_media":0,"comment_status":"closed","ping_status":"open","sticky":false,"template":"","format":"standard","meta":{"footnotes":""},"categories":[1],"tags":[],"class_list":["post-7287","post","type-post","status-publish","format-standard","hentry","category-non-classe"],"_links":{"self":[{"href":"https:\/\/collectif-accad.fr\/site\/wp-json\/wp\/v2\/posts\/7287","targetHints":{"allow":["GET"]}}],"collection":[{"href":"https:\/\/collectif-accad.fr\/site\/wp-json\/wp\/v2\/posts"}],"about":[{"href":"https:\/\/collectif-accad.fr\/site\/wp-json\/wp\/v2\/types\/post"}],"author":[{"embeddable":true,"href":"https:\/\/collectif-accad.fr\/site\/wp-json\/wp\/v2\/users\/4"}],"replies":[{"embeddable":true,"href":"https:\/\/collectif-accad.fr\/site\/wp-json\/wp\/v2\/comments?post=7287"}],"version-history":[{"count":1,"href":"https:\/\/collectif-accad.fr\/site\/wp-json\/wp\/v2\/posts\/7287\/revisions"}],"predecessor-version":[{"id":7288,"href":"https:\/\/collectif-accad.fr\/site\/wp-json\/wp\/v2\/posts\/7287\/revisions\/7288"}],"wp:attachment":[{"href":"https:\/\/collectif-accad.fr\/site\/wp-json\/wp\/v2\/media?parent=7287"}],"wp:term":[{"taxonomy":"category","embeddable":true,"href":"https:\/\/collectif-accad.fr\/site\/wp-json\/wp\/v2\/categories?post=7287"},{"taxonomy":"post_tag","embeddable":true,"href":"https:\/\/collectif-accad.fr\/site\/wp-json\/wp\/v2\/tags?post=7287"}],"curies":[{"name":"wp","href":"https:\/\/api.w.org\/{rel}","templated":true}]}}