{"id":7251,"date":"2021-04-02T02:22:36","date_gmt":"2021-04-02T00:22:36","guid":{"rendered":"https:\/\/collectif-accad.fr\/site\/?p=7251"},"modified":"2021-04-01T10:09:06","modified_gmt":"2021-04-01T08:09:06","slug":"enedis-linky-et-ses-nouveaux-problemes","status":"publish","type":"post","link":"https:\/\/collectif-accad.fr\/site\/enedis-linky-et-ses-nouveaux-problemes\/","title":{"rendered":"Enedis, Linky et ses nouveaux probl\u00e8mes"},"content":{"rendered":"<h2 style=\"text-align: left;\"><strong>Enedis et Linky me sortent des yeux<\/strong><\/h2>\n<p style=\"text-align: justify;\"><strong>\u00a0<\/strong><!--more--><\/p>\n<p style=\"text-align: justify;\"><strong>&#8230; des incomp\u00e9tents<\/strong><\/p>\n<p style=\"text-align: justify;\"><a href=\"https:\/\/www.youtube.com\/watch?v=5KTRh2AOiCQ\">https:\/\/www.youtube.com\/watch?v=5KTRh2AOiCQ<\/a><\/p>\n<p style=\"text-align: center;\">** **<\/p>\n<p style=\"text-align: justify;\"><strong>Linky \u00e0 l\u2019origine de graves probl\u00e8mes de sant\u00e9 ? L\u2019inqui\u00e9tude grandit<\/strong><\/p>\n<p style=\"text-align: justify;\"><a href=\"https:\/\/www.letribunaldunet.fr\/sante\/linky-champs-electromagnetiques-graves-problemes-sante-certaines-personnes.html\">https:\/\/www.letribunaldunet.fr\/sante\/linky-ch<\/a><\/p>\n<p style=\"text-align: center;\">** **<\/p>\n<p style=\"text-align: justify;\"><strong>Bordeaux : des probl\u00e8mes de sant\u00e9 li\u00e9s \u00e0 la pose de Linky ? \u00ab\u00a0Aucun lien de cause \u00e0 effet\u00a0\u00bb selon Enedis <\/strong><\/p>\n<p style=\"text-align: justify;\"><a href=\"https:\/\/actu.fr\/nouvelle-aquitaine\/bordeaux_33063\/bordeaux-des-problemes-de-sante-lies-a-la-pose-de-linky-aucun-lien-de-cause-a-effet-selon-enedis_40508344.html\">https:\/\/actu.fr\/nouvelle-aquitaine\/bordeaux_3<\/a><\/p>\n<p style=\"text-align: center;\">** **<\/p>\n<p style=\"text-align: center;\"><strong>Changement de compteur<\/strong><\/p>\n<p style=\"text-align: justify;\"><a href=\"https:\/\/www.letribunaldunet.fr\/astuces\/compteur-linky-quand-ne-vaut-mieux-pas-retirer.html\">https:\/\/www.letribunaldunet.fr\/astuces\/co<\/a><\/p>\n<p style=\"text-align: center;\">** **<\/p>\n<p style=\"text-align: center;\"><strong>\u00c0 Caudry, un compteur \u00e9lectrique prend feu<\/strong><\/p>\n<p style=\"text-align: justify;\">Dans une habitation de la rue Jean-Jacques-Rousseau \u00e0 Caudry, mercredi 24 mars vers 14 h 15. Une m\u00e8re et sa fille ont \u00e9t\u00e9 relog\u00e9es chez des proches.<\/p>\n<p style=\"text-align: justify;\"><a href=\"https:\/\/www.lavoixdunord.fr\/738731\/article\/2020-04-09\/caudry-un-compteur-electrique-prend-feu-une-mere-et-sa-fille-relogee?fbclid=IwAR3BoEWxaJalmE3UmOdUA1C8NcX8kMP124oR2DqASDSxoAVy2uRCZtyFRGQ\">https:\/\/www.lavoixdunord.fr\/738731\/article\/202<\/a><\/p>\n<p style=\"text-align: center;\">** **<\/p>\n<p style=\"text-align: center;\"><strong>Une arnaque au compteur<\/strong><\/p>\n<p style=\"text-align: justify;\"><strong>\u00ab\u00a0Poitiers : une arnaque co\u00fbteuse<\/strong><br \/>\n\u00ab\u00a0Les compteurs Linky sont facilement accessibles. En faisant d\u00e9rouler les informations, n\u2019importe qui peut r\u00e9cup\u00e9rer le num\u00e9ro d\u2019identification d\u2019un abonn\u00e9.\u00a0\u00bb<br \/>\n\u00ab\u00a0Poitiers. Des commerciaux s\u00e9vissent dans le quartier de Beaulieu o\u00f9 des habitants ont \u00e9t\u00e9 abonn\u00e9s contre leur gr\u00e9 \u00e0 un autre fournisseur d\u2019\u00e9lectricit\u00e9.\u00a0\u00bb<br \/>\n[&#8230;]<br \/>\n\u00ab\u00a0En plus du d\u00e9sagr\u00e9ment caus\u00e9 par la r\u00e9siliation qui lui impose de se r\u00e9abonner, cette situation pose un certain nombre de questions sur les proc\u00e9dures. <em>\u00ab\u00a0Comment se fait-il que l\u2019on puisse r\u00e9silier mon contrat comme \u00e7a, sans que l\u2019on ne me demande rien\u00a0?\u00a0\u00bb<\/em><br \/>\nLes compteurs \u00e9lectriques Linky de cette r\u00e9sidence sont facilement accessibles, \u00e9tage par \u00e9tage. Les armoires pourtant verrouill\u00e9es s\u2019ouvrent malgr\u00e9 tout ais\u00e9ment. D\u00e8s lors, il suffit d\u2019afficher sur le compteur le num\u00e9ro d\u2019identification, propre \u00e0 chaque abonn\u00e9, pour contacter EDF et lancer une proc\u00e9dure de r\u00e9siliation frauduleuse\u00a0!\u00a0\u00bb (La Nouvelle R\u00e9publique &#8211; 16\/03\/2021)<br \/>\nPour lire la suite :<br \/>\n<a href=\"https:\/\/www.lanouvellerepublique.fr\/poitiers\/poitiers-une-arnaque-au-compteur-electrique-couteuse\">https:\/\/www.lanouvellerepublique.fr\/poitiers\/po<\/a><br \/>\n<em>(Robin des Toits &#8211; 17 mars 2021)<\/em><\/p>\n<p style=\"text-align: center;\">** **<\/p>\n<p style=\"text-align: justify;\"><strong>Saint-Gaudens. Haute-Garonne\u00a0: quand un compteur Linky se met \u00e0 \u00ab\u00a0disjoncter\u00a0\u00bb en produisant une facture d\u00e9lirante<\/strong><\/p>\n<p style=\"text-align: justify;\"><a href=\"https:\/\/www.ladepeche.fr\/2021\/03\/29\/quand-linky-tombe-malade-9456013.php\">https:\/\/www.ladepeche.fr\/2021\/03\/29\/quan<\/a><\/p>\n<p style=\"text-align: center;\">** **<\/p>\n<p style=\"text-align: center;\"><strong>A Qui\u00e9ry-la-Motte (62) un compteur br\u00fble<\/strong><\/p>\n<p style=\"text-align: justify;\">Cette information date de quelques mois. Bien entendu, il n\u2019en a pas \u00e9t\u00e9 question dans la presse. C\u2019\u00e9tait un Linky. Enedis a d\u00e9p\u00each\u00e9 cinq v\u00e9hicules pour r\u00e9gler ce petit probl\u00e8me \u2026 d\u00fb certainement \u00e0 des fils mal serr\u00e9s\u00a0!<\/p>\n<p style=\"text-align: center;\">** **<\/p>\n<p style=\"text-align: center;\"><strong>De vieux compteurs Enedis jet\u00e9s dans la nature<\/strong><\/p>\n<p style=\"text-align: justify;\">Ce se passe en Gironde, \u00e0 Lacanau<\/p>\n<p style=\"text-align: justify;\">\u00a0Des riverains ont surpris un technicien Enedis en train de jeter d\u2019anciens compteurs dans la nature. Ils ont appel\u00e9 les gendarmes.<\/p>\n<p style=\"text-align: justify;\">\u00a0La direction d\u2019Enedis se dit choqu\u00e9e.<\/p>\n<p style=\"text-align: justify;\">\u00a0Vendredi, des compteurs Enedis ont \u00e9t\u00e9 retrouv\u00e9s au milieu des arbres et dans un cours d\u2019eau, sur le secteur de la commune de Lacanau, au niveau de Mistre.<\/p>\n<p style=\"text-align: justify;\">\u00a0La pr\u00e9sence de ces d\u00e9chets a \u00e9t\u00e9 signal\u00e9e par un riverain, qui ne souhaite pas \u00eatre identifi\u00e9 par peur de repr\u00e9sailles.<\/p>\n<p style=\"text-align: justify;\">\u00a0<a href=\"https:\/\/l.facebook.com\/l.php?u=https%3A%2F%2Fwww.sudouest.fr%2Fgironde%2Flacanau%2Flacanau-de-vieux-compteurs-enedis-retrouves-dans-la-nature-1822701.php%3Ffbclid%3DIwAR338bjIHgX4IFbg1SRVDrmmOh3WxYxD9mgHM-ACB8fia_26ItBeu7I98jo&amp;h=AT1C136b2xqvamq1jTcqz7QfyYUZx4zUaq8mpuJUzN-9dVho3SukYq1QS3e9R1j5UlqGmtrGapd86oWHKGz2I8HE_41gGvoj5iyNWGiyC0WlS_Xcyto5XyJBe4uxVSNSSzzA&amp;__tn__=-UK-R&amp;c%5b0%5d=AT0q2G2cuoxmyjAbZxgEjQ65GmEDxHY1jg8esZYAnslrpeo6QVqheNPIlO8e0rD6dmfkHeaWE3cw1G8pm8hDBK0k93QXDci4PmJ4uza61jZJnEdC_kWxeZtaeb7_P-EyU29tkkOHrY8tJnWQ6zfgwFNQitZdXPnVoH1bmCc-n4XxxVGK\">https:\/\/www.sudouest.fr\/&#8230;\/lacanau-de-vieux-compteurs&#8230;<\/a><\/p>\n<p style=\"text-align: center;\">\u00a0** **<\/p>\n<p style=\"text-align: center;\"><strong>Le Linky s\u2019affole \u00e0 Saint-Gaudens<\/strong><\/p>\n<p style=\"text-align: justify;\"><a href=\"https:\/\/www.capital.fr\/entreprises-marches\/a-saint-gaudens-le-compteur-linky-saffole-1398697\">https:\/\/www.capital.fr\/entreprises-marches\/a-sain<\/a><\/p>\n<p style=\"text-align: center;\">** **<\/p>\n<p style=\"text-align: center;\"><strong>Les m\u00e9thodes d\u2019Enedis et de ses sous-traitants<\/strong><\/p>\n<p style=\"text-align: justify;\">Bonjour je suis peut-\u00eatre pass\u00e9 \u00e0 c\u00f4t\u00e9 de la publication mais je ne l&rsquo;ai pas trouv\u00e9, aujourd&rsquo;hui pendant que je travaillais on est venu me poser un linky qui se trouve sur la fa\u00e7ade de mon logement, alors que je l&rsquo;ai toujours refus\u00e9, j&rsquo;ai appel\u00e9 le 08\u2026, pour signaler le probl\u00e8me et je leur ai dit que je ne le voulais pas et que pour moi cette pose \u00e9tait illegal, on m&rsquo;a raccroch\u00e9 au nez en me disant que c&rsquo;\u00e9tait comme \u00e7a et que je ne pouvais pas faire machine arri\u00e8re.<\/p>\n<p style=\"text-align: center;\">** **<\/p>\n<p style=\"text-align: left;\"><strong>Bordeaux : \u00ab\u00a0Le Linky a incendi\u00e9 ma maison\u00a0\u00bb, le compteur vis\u00e9 par de nombreux utilisateurs <\/strong><\/p>\n<p style=\"text-align: justify;\">De nombreux t\u00e9moins nous ont assur\u00e9 avoir vu leur compteur Linky incendier leur maison. Notamment \u00e0 Bordeaux. Du c\u00f4t\u00e9 de chez Enedis, ces accusations ne sont pas au go\u00fbt du jour.<\/p>\n<p><a href=\"https:\/\/actu.fr\/nouvelle-aquitaine\/bordeaux_33063\/bordeaux-le-linky-a-incendie-ma-maison-le-compteur-vise-par-de-nombreux-utilisateurs_40686898.html\">https:\/\/actu.fr\/nouvelle-aquitaine\/bordeaux_33063\/b<\/a><\/p>\n","protected":false},"excerpt":{"rendered":"<p>Enedis et Linky me sortent des yeux \u00a0<\/p>\n","protected":false},"author":4,"featured_media":0,"comment_status":"closed","ping_status":"open","sticky":false,"template":"","format":"standard","meta":{"footnotes":""},"categories":[1],"tags":[],"class_list":["post-7251","post","type-post","status-publish","format-standard","hentry","category-non-classe"],"_links":{"self":[{"href":"https:\/\/collectif-accad.fr\/site\/wp-json\/wp\/v2\/posts\/7251","targetHints":{"allow":["GET"]}}],"collection":[{"href":"https:\/\/collectif-accad.fr\/site\/wp-json\/wp\/v2\/posts"}],"about":[{"href":"https:\/\/collectif-accad.fr\/site\/wp-json\/wp\/v2\/types\/post"}],"author":[{"embeddable":true,"href":"https:\/\/collectif-accad.fr\/site\/wp-json\/wp\/v2\/users\/4"}],"replies":[{"embeddable":true,"href":"https:\/\/collectif-accad.fr\/site\/wp-json\/wp\/v2\/comments?post=7251"}],"version-history":[{"count":2,"href":"https:\/\/collectif-accad.fr\/site\/wp-json\/wp\/v2\/posts\/7251\/revisions"}],"predecessor-version":[{"id":7254,"href":"https:\/\/collectif-accad.fr\/site\/wp-json\/wp\/v2\/posts\/7251\/revisions\/7254"}],"wp:attachment":[{"href":"https:\/\/collectif-accad.fr\/site\/wp-json\/wp\/v2\/media?parent=7251"}],"wp:term":[{"taxonomy":"category","embeddable":true,"href":"https:\/\/collectif-accad.fr\/site\/wp-json\/wp\/v2\/categories?post=7251"},{"taxonomy":"post_tag","embeddable":true,"href":"https:\/\/collectif-accad.fr\/site\/wp-json\/wp\/v2\/tags?post=7251"}],"curies":[{"name":"wp","href":"https:\/\/api.w.org\/{rel}","templated":true}]}}