{"id":7245,"date":"2021-04-07T02:04:45","date_gmt":"2021-04-07T00:04:45","guid":{"rendered":"https:\/\/collectif-accad.fr\/site\/?p=7245"},"modified":"2021-04-01T07:19:36","modified_gmt":"2021-04-01T05:19:36","slug":"militant-contre-la-5g","status":"publish","type":"post","link":"https:\/\/collectif-accad.fr\/site\/militant-contre-la-5g\/","title":{"rendered":"Militant contre la 5G"},"content":{"rendered":"<h2 style=\"text-align: left;\"><strong>Trop de 5 G !!<br \/>\n<\/strong><\/h2>\n<p><!--more--><\/p>\n<p style=\"text-align: justify;\">Surtout dans ce texte !<\/p>\n<p style=\"text-align: justify;\">Militant contre la <span style=\"font-size: 14pt; color: #ff0000;\"><strong>5 G<\/strong><\/span>, aid\u00e9 par des amis que je surnomme les \u00ab\u00a0<span style=\"font-size: 14pt; color: #ff0000;\"><strong>5 G<\/strong>\u00a0<\/span>\u00bb ( J\u00e9r\u00f4me, Jennifer, J\u00e9r\u00e9mie, G\u00e9rard et Gervaise ), et avant la probable obligation du vac<span style=\"font-size: 14pt; color: #ff0000;\"><strong>cin que j\u2019ai <\/strong><\/span>en horreur, voici un texte suc<span style=\"font-size: 14pt; color: #ff0000;\"><strong>cinct que j\u2019ai <\/strong><\/span>compos\u00e9, assis sur le cou<span style=\"font-size: 14pt; color: #ff0000;\"><strong>ssin que J\u00e9<\/strong><\/span>sus, mon fils virtuel, m\u2019a offert. J\u2019aurais pr\u00e9f\u00e9r\u00e9, comme cadeau, <span style=\"color: #ff0000; font-size: 14pt;\"><strong>5 j\u00e9<\/strong><\/span>roboams\u2026 Mais tant pis\u00a0! Merci quand m\u00eame, petit pou<strong>s<span style=\"font-size: 14pt; color: #ff0000;\">sin que j\u2019ai<\/span><\/strong>me\u00a0!<\/p>\n<p style=\"text-align: justify;\">Stoppons ces assa<span style=\"font-size: 14pt; color: #ff0000;\"><strong>ssins que j\u2019e<\/strong><\/span>x\u00e8cre\u00a0!<\/p>\n<p style=\"text-align: justify;\"><span style=\"color: #ff0000; font-size: 14pt;\"><strong>Non \u00e0 la 5 G\u00a0!!!<\/strong><\/span> Oui aux abeilles et aux e<strong>s<span style=\"font-size: 14pt; color: #ff0000;\">saims que j\u2019e<\/span><\/strong>stime \u00e9cologiquement\u00a0!<\/p>\n<p style=\"text-align: justify;\"><span style=\"color: #ff0000; font-size: 14pt;\"><strong>Non \u00e0 la 5 G\u00a0!!! <\/strong><\/span>Oui au clave<span style=\"color: #ff0000; font-size: 14pt;\"><strong>cin que j\u2019\u00e9<\/strong><\/span>coute tendrement\u00a0!<\/p>\n<p style=\"text-align: justify;\"><span style=\"font-size: 14pt;\"><strong><span style=\"color: #ff0000;\">Non \u00e0 la 5 G\u00a0!!!<\/span> <\/strong><\/span>Oui aux marca<span style=\"color: #ff0000; font-size: 14pt;\"><strong>ssins que j\u2019e<\/strong><\/span>xhorte \u00e0 prolif\u00e9rer\u00a0!<\/p>\n<p style=\"text-align: justify;\"><span style=\"color: #ff0000; font-size: 14pt;\"><strong>Non \u00e0 la 5 G\u00a0!!!<\/strong> <\/span>Oui au respect des our<span style=\"color: #ff0000; font-size: 14pt;\"><strong>sins que j\u2019\u00e9<\/strong><\/span>vite de manger\u00a0!<\/p>\n<p style=\"text-align: justify;\"><span style=\"color: #ff0000;\"><strong><span style=\"font-size: 14pt;\">Non \u00e0 la 5 G\u00a0!!!<\/span> <\/strong><\/span>Oui aux satiriques de<strong>s<span style=\"color: #ff0000; font-size: 14pt;\">sins que j\u2019e<\/span><\/strong>xamine dans mes journaux favoris ( Charlie, Canard, Sin\u00e9 \u2026 )\u00a0!<\/p>\n<p style=\"text-align: justify;\"><span style=\"font-size: 14pt;\"><strong><span style=\"color: #ff0000;\">Non \u00e0 la 5 G\u00a0!!!<\/span> <\/strong><\/span>Et non aux toc<span style=\"font-size: 14pt; color: #ff0000;\"><strong>sins que j\u2019\u00e9<\/strong><\/span>gr\u00e8ne dans les mots de Macron\u00a0!<\/p>\n<p style=\"text-align: justify;\"><span style=\"font-size: 14pt;\"><strong><span style=\"color: #ff0000;\">Non \u00e0 la 5 G\u00a0!!!<\/span> <\/strong><\/span>Et honte aux m\u00e9de<span style=\"color: #ff0000; font-size: 14pt;\"><strong>cins que j\u2019\u00e9<\/strong><\/span>gratigne dans leur non-respect de l\u2019E. H. S.\u00a0!!!<\/p>\n<p style=\"text-align: justify;\">Plut\u00f4t que <span style=\"font-size: 14pt; color: #ff0000;\"><strong>5 j\u00e9<\/strong><\/span>r\u00e9miades ou <span style=\"color: #ff0000; font-size: 14pt;\"><strong>5 g\u00e9<\/strong><\/span>missements des \u00ab\u00a0tout num\u00e9rique\u00a0\u00bb, voici <span style=\"color: #ff0000; font-size: 14pt;\"><strong>5 g\u00e9<\/strong><\/span>nuflexions pour c\u00e9l\u00e9brer les, plus ou moins, 55555<span style=\"font-size: 14pt; color: #ff0000;\"><strong>5 g\u00ea<\/strong><\/span>neurs qui s\u2019opposent, m\u00eame parmi les me<span style=\"color: #ff0000; font-size: 14pt;\"><strong>ssins que j\u2019\u00e9<\/strong><\/span>paule volontiers, aux <span style=\"color: #ff0000; font-size: 14pt;\"><strong>5 g\u00e9<\/strong><\/span>nocides annonc\u00e9s.<\/p>\n<p style=\"text-align: justify;\"><strong>\u00ab\u00a0<span style=\"font-size: 14pt; color: #ff0000;\">Non \u00e0 la 5 G\u00a0!!!<\/span>\u00a0\u00bb <\/strong>\u00e9crit sur mes moca<span style=\"color: #ff0000;\"><strong><span style=\"font-size: 14pt;\">ssins que j\u2019ai<\/span> <\/strong><\/span>d\u00e9cor\u00e9s\u00a0!<\/p>\n<p style=\"text-align: justify;\"><strong>\u00ab\u00a0<span style=\"font-size: 14pt; color: #ff0000;\">Non \u00e0 la 5 G\u00a0!!!<\/span>\u00a0\u00bb <\/strong>brod\u00e9 sur le traver<span style=\"color: #ff0000; font-size: 14pt;\"><strong>sin que j\u2019\u00e9<\/strong><\/span>crase chaque soir\u00a0!<\/p>\n<p style=\"text-align: justify;\"><strong>\u00ab\u00a0<span style=\"color: #ff0000; font-size: 14pt;\">Non \u00e0 la 5 G\u00a0!!!\u00a0<\/span>\u00bb <\/strong>recopi\u00e9 sur la bouteille d\u2019huile de ri<strong>cin que j\u2019e<\/strong>xige pour ma chevelure\u00a0!<\/p>\n<p style=\"text-align: justify;\"><strong>\u00ab\u00a0<span style=\"color: #ff0000; font-size: 14pt;\">Non \u00e0 la 5 G\u00a0!!!\u00a0<\/span>\u00bb <\/strong>imprim\u00e9 sur le tee-shirt des fanta<span style=\"color: #ff0000; font-size: 14pt;\"><strong>ssins que j\u2019ai<\/strong> <\/span>suivis dans les manifs anti-Linky\u00a0!<\/p>\n<p style=\"text-align: justify;\">\u00ab\u00a0<strong><span style=\"color: #ff0000; font-size: 14pt;\"> Non \u00e0 la 5 G\u00a0!!!\u00a0<\/span>\u00bb<\/strong> trac\u00e9 sur les pancartes de la r\u00e9gion du Ve<span style=\"color: #ff0000; font-size: 14pt;\"><strong>xin, que j\u2019\u00e9<\/strong><\/span>cume r\u00e9guli\u00e8rement\u00a0!<\/p>\n<p style=\"text-align: justify;\">Aux <span style=\"color: #ff0000; font-size: 14pt;\"><strong>5 g\u00e9<\/strong><\/span>ants promoteurs de la <span style=\"color: #ff0000; font-size: 14pt;\"><strong>5 G<\/strong><\/span>, je fais une grimace de capu<span style=\"color: #ff0000; font-size: 14pt;\"><strong>cin. Queue g\u00e9<\/strong><\/span>niale, ce petit singe\u00a0! Mais un regard por<span style=\"color: #ff0000; font-size: 14pt;\"><strong>cin que j\u2019e<\/strong><\/span>xcuse. <span style=\"font-size: 14pt; color: #ff0000;\"><strong>Cinq g\u00e9<\/strong><\/span>raniums pour fleurir ce petit texte\u00a0? Et courage aux <span style=\"color: #ff0000; font-size: 14pt;\"><strong>5 g\u00e9<\/strong><\/span>rontologues qui me soigneront\u2026<\/p>\n<p>&nbsp;<\/p>\n<p style=\"text-align: justify;\">Sign\u00e9 Pascal Dieux . Ceci est un \u00ab\u00a0texte \u00e0 mots cach\u00e9s\u00a0\u00bb dont le contenu d\u00e9pend grandement des mots qui permettent ces homophonies\u2026<\/p>\n","protected":false},"excerpt":{"rendered":"<p>Trop de 5 G !!<\/p>\n","protected":false},"author":4,"featured_media":0,"comment_status":"closed","ping_status":"open","sticky":false,"template":"","format":"standard","meta":{"footnotes":""},"categories":[1],"tags":[],"class_list":["post-7245","post","type-post","status-publish","format-standard","hentry","category-non-classe"],"_links":{"self":[{"href":"https:\/\/collectif-accad.fr\/site\/wp-json\/wp\/v2\/posts\/7245","targetHints":{"allow":["GET"]}}],"collection":[{"href":"https:\/\/collectif-accad.fr\/site\/wp-json\/wp\/v2\/posts"}],"about":[{"href":"https:\/\/collectif-accad.fr\/site\/wp-json\/wp\/v2\/types\/post"}],"author":[{"embeddable":true,"href":"https:\/\/collectif-accad.fr\/site\/wp-json\/wp\/v2\/users\/4"}],"replies":[{"embeddable":true,"href":"https:\/\/collectif-accad.fr\/site\/wp-json\/wp\/v2\/comments?post=7245"}],"version-history":[{"count":5,"href":"https:\/\/collectif-accad.fr\/site\/wp-json\/wp\/v2\/posts\/7245\/revisions"}],"predecessor-version":[{"id":7250,"href":"https:\/\/collectif-accad.fr\/site\/wp-json\/wp\/v2\/posts\/7245\/revisions\/7250"}],"wp:attachment":[{"href":"https:\/\/collectif-accad.fr\/site\/wp-json\/wp\/v2\/media?parent=7245"}],"wp:term":[{"taxonomy":"category","embeddable":true,"href":"https:\/\/collectif-accad.fr\/site\/wp-json\/wp\/v2\/categories?post=7245"},{"taxonomy":"post_tag","embeddable":true,"href":"https:\/\/collectif-accad.fr\/site\/wp-json\/wp\/v2\/tags?post=7245"}],"curies":[{"name":"wp","href":"https:\/\/api.w.org\/{rel}","templated":true}]}}