{"id":7076,"date":"2021-02-28T02:46:51","date_gmt":"2021-02-28T01:46:51","guid":{"rendered":"https:\/\/collectif-accad.fr\/site\/?p=7076"},"modified":"2021-02-26T06:48:40","modified_gmt":"2021-02-26T05:48:40","slug":"a-propos-du-telephone-mobile-et-des-ecrans","status":"publish","type":"post","link":"https:\/\/collectif-accad.fr\/site\/a-propos-du-telephone-mobile-et-des-ecrans\/","title":{"rendered":"A propos du t\u00e9l\u00e9phone mobile et des \u00e9crans"},"content":{"rendered":"<h2 style=\"text-align: left;\"><strong>12 Conseils \u00e9l\u00e9mentaires de pr\u00e9vention afin de limiter l\u2019exposition de l\u2019utilisateur aux rayonnements du T\u00e9l\u00e9phone Mobile<\/strong><\/h2>\n<p><!--more--><\/p>\n<ol style=\"text-align: justify;\">\n<li>Utiliser un kit pi\u00e9ton (main libre) en \u00e9loignant \u00e0 plus de 20\/30 cm le portable de son corps afin de limiter les effets des rayonnements sur sa propre personne [zone s\u00e9curit\u00e9 vid\u00e9o], limiter le nombre et la dur\u00e9e des communications \u00e0 6 minutes maximum qui est le temps n\u00e9cessaire \u00e0 l\u2019autor\u00e9gulation du corps, pass\u00e9 cette dur\u00e9e l\u2019autor\u00e9gulation n\u2019est plus possible [bases r\u00e9glementaires normatives &#8211; Legifrance].<\/li>\n<li>Ne pas porter son t\u00e9l\u00e9phone mobile pr\u00e8s de son corps, m\u00eame en veille et dans tous les cas ne pas t\u00e9l\u00e9phoner \u00e0 moins d\u2019un m\u00e8tre d\u2019une personne, afin de diminuer l\u2019impact de la \u00ab\u00a0T\u00e9l\u00e9phonie Passive\u00a0\u00bb..<\/li>\n<li>D\u00e9conseiller fortement, voire ne pas utiliser un t\u00e9l\u00e9phone mobile en dessous de 15 ans (phase de croissance, avec une masse de tissus moindre, les rayonnements ont une nocivit\u00e9 accrue, notamment par rapport au cerveau, \u00e0 l\u2019ouverture de la Barri\u00e8re H\u00e9mato-Enc\u00e9phalique, \u00e0 la cha\u00eene d\u2019ovaires, etc\u2026).<\/li>\n<li>D\u00e9conseiller l\u2019utilisation d\u2019un t\u00e9l\u00e9phone mobile \u00e0 une personne \u00e2g\u00e9e et \u00e0 toute personne en \u00e9tat dit de faiblesse (les rayonnements affaiblissent encore plus l\u2019organisme), ainsi qu\u2019aux femmes enceintes (le liquide amniotique dans lequel se d\u00e9veloppe l\u2019embryon, puis le foetus est un milieu tr\u00e8s absorbant aux rayonnements artificiels Hautes Fr\u00e9quences micro-ondes des communications mobiles).<\/li>\n<li>Ne t\u00e9l\u00e9phoner que dans des conditions de r\u00e9ceptions optimales, en r\u00e8gle g\u00e9n\u00e9rale ne pas utiliser le portable dans tous les lieux confin\u00e9s comme v\u00e9hicules, bus, m\u00e9tro, avions, trains, ascenseurs, sous-sols, tunnels, etc . . . la puissance d\u2019\u00e9mission et de r\u00e9ception, donc des rayonnements \u00e9tant d\u00e9cupl\u00e9s. De plus, sous certaines conditions, les seuils d\u2019immunit\u00e9 de la Compatibilit\u00e9 \u00c9lectromagn\u00e9tique (CE) peuvent \u00eatre d\u00e9pass\u00e9s et provoquer des bugs sur l\u2019\u00e9lectronique d\u2019asservissement embarqu\u00e9e.<\/li>\n<li>Ne pas t\u00e9l\u00e9phoner en se d\u00e9pla\u00e7ant, trains inclus, la puissance d\u2019\u00e9mission et de r\u00e9ception en irradiation de l\u2019antenne relais de votre mobile sont d\u00e9cupl\u00e9es celle-ci \u00e9tant en recherches constantes de stations. Si le train est \u00e9quip\u00e9 d\u2019un syst\u00e8me relais de connexion satellitaire, c\u2019est non seulement l\u2019utilisateur, mais tous les passagers qui sont irradi\u00e9s en champs proches par toutes les antennes relais indoor.<\/li>\n<li>Ne pas t\u00e9l\u00e9phoner dans un v\u00e9hicule, m\u00eame \u00e0 l\u2019arr\u00eat. Dans un espace m\u00e9tallique ferm\u00e9 il se produit le ph\u00e9nom\u00e8ne dit \u00ab\u00a0cage de Faraday\u00a0\u00bb qui en plus optimise au maximum les effets nocifs des rayonnements par r\u00e9flexions, non seulement sur l\u2019utilisateur, mais aussi sur tous les passagers, notamment les enfants. En cons\u00e9quence, il est imp\u00e9ratif de sortir du v\u00e9hicule pour t\u00e9l\u00e9phoner.<\/li>\n<li>Ne pas garder son portable allum\u00e9 la nuit pr\u00e8s de son lit car m\u00eame en mode veille l\u2019antenne relais du portable se connecte \u00e0 l\u2019antenne relais de la station de base et rayonne par phases [Syndrome M-O].<\/li>\n<li>Acqu\u00e9rir de pr\u00e9f\u00e9rence : &#8211; un portable avec un indice de D\u00e9bit d\u2019Absorption Sp\u00e9cifique des tissus humains appel\u00e9 DAS dont la valeur soit la plus basse possible, notamment \u00e0 celle r\u00e9glementaire de 1,1 W\/Kg des orbites et joues. &#8211; un portable avec une antenne relais apparente, car m\u00eame si le portable est moins ludique, l\u2019antenne relais omnidirectionnelle diffuse de fa\u00e7on optimale, donc \u00e0 moindre puissance par rapport \u00e0 une antenne relais int\u00e9gr\u00e9e, donc pr\u00e9f\u00e9rer le crit\u00e8re sant\u00e9 au \u00ab\u00a0look\u00a0\u00bb du t\u00e9l\u00e9phone mobile..<\/li>\n<li>D\u00e9conseiller l\u2019utilisation d\u2019un mobile \u00e0 toute personne qui poss\u00e8de des \u00e9l\u00e9ments \u00e0 base de m\u00e9tal magn\u00e9tique ou amagn\u00e9tique dans la t\u00eate du type amalgames, proth\u00e8ses, appareils dentaires, plaques, vis, clips, piercings, boucles d\u2019oreilles, lunettes, ce conseil \u00e9tant \u00e9tendu aux utilisateurs de b\u00e9quilles, d\u00e9ambulateurs ou de fauteuils roulants m\u00e9talliques, ceci afin d\u2019\u00e9viter toutes r\u00e9flexions, amplifications, points chauds, ph\u00e9nom\u00e8ne dit de r\u00e9sonance, r\u00e9\u00e9metteurs passifs, etc &#8230;. Pareillement aux personnes ayant re\u00e7ues une injection contenant un ou des adjuvants de d\u00e9riv\u00e9s vaccinaux m\u00e9talliques.<\/li>\n<li>Utiliser des protections anti-ondes personnelles dites m\u00e9caniques (voiles, complexe films m\u00e9talliques, coffrets, etc . . .) qui ont un effet reconnu positif, pareillement pour les lieux de vie.<\/li>\n<li>Passer le plus possible des communications mobiles aux communications filaires sans irradiation, qui en sus sont maintenant la plupart du temps GRATUITES et illimit\u00e9es avec internet, m\u00eame \u00e0 l\u2019international.<\/li>\n<\/ol>\n<p style=\"text-align: justify;\"><strong>\u00a0<\/strong><\/p>\n<p style=\"text-align: justify;\"><strong>next-up<\/strong><\/p>\n<p style=\"text-align: center;\"><strong>** * * * *<\/strong><\/p>\n<p style=\"text-align: center;\"><strong>La Fabrique du cr\u00e9tin digital<\/strong><\/p>\n<p style=\"text-align: justify;\"><strong>Les dangers des \u00e9crans pour nos enfants\u00a0; un livre de Michel Desmurget<\/strong><\/p>\n<p style=\"text-align: justify;\">Cette vid\u00e9o dure un peu moins de 17 minutes\u00a0:<\/p>\n<p style=\"text-align: justify;\"><a href=\"https:\/\/www.youtube.com\/watch?v=cmVN_hdvanM&amp;feature=youtu.be\">https:\/\/www.youtube.com\/watch?v=cmVN_<\/a><\/p>\n<p style=\"text-align: justify;\"><strong>A voir absolument<\/strong><\/p>\n<p style=\"text-align: justify;\">La consommation du num\u00e9rique sous toutes ses formes \u2013 smartphones, tablettes, t\u00e9l\u00e9vision, etc. \u2013 par les nouvelles g\u00e9n\u00e9rations est astronomique. D\u00e8s 2 ans, les enfants des pays occidentaux cumulent chaque jour presque 3 heures d\u2019\u00e9cran. Entre 8 et 12 ans, ils passent \u00e0 pr\u00e8s de 4 h 45. Entre 13 et 18 ans, ils fr\u00f4lent les 6 h 45. En cumuls annuels, ces usages repr\u00e9sentent autour de 1 000 heures pour un \u00e9l\u00e8ve de maternelle (soit davantage que le volume horaire d\u2019une ann\u00e9e scolaire), 1 700 heures pour un \u00e9colier de cours moyen (2 ann\u00e9es scolaires) et 2 400 heures pour un lyc\u00e9en du secondaire (2,5 ann\u00e9es scolaires). Contrairement \u00e0 certaines id\u00e9es re\u00e7ues, cette profusion d\u2019\u00e9crans est loin d\u2019am\u00e9liorer les aptitudes de nos enfants. Bien au contraire, elle a de lourdes cons\u00e9quences : sur la sant\u00e9 (ob\u00e9sit\u00e9, d\u00e9veloppement cardio-vasculaire, esp\u00e9rance de vie r\u00e9duite\u2026), sur le comportement (agressivit\u00e9, d\u00e9pression, conduites \u00e0 risques\u2026) et sur les capacit\u00e9s intellectuelles (langage, concentration, m\u00e9morisation\u2026). Autant d\u2019atteintes qui affectent fortement la r\u00e9ussite scolaire des jeunes. \u00ab Ce que nous faisons subir \u00e0 nos enfants est inexcusable. Jamais sans doute, dans l\u2019histoire de l\u2019humanit\u00e9, une telle exp\u00e9rience de d\u00e9c\u00e9r\u00e9bration n\u2019avait \u00e9t\u00e9 conduite \u00e0 aussi grande \u00e9chelle \u00bb, estime Michel Desmurget. Ce livre, premi\u00e8re synth\u00e8se des \u00e9tudes scientifiques internationales sur les effets r\u00e9els des \u00e9crans, est celui d&rsquo;un homme en col\u00e8re. La conclusion est sans appel : attention \u00e9crans, poisons lents !<\/p>\n<p style=\"text-align: justify;\">Michel Desmurget est docteur en neurosciences et directeur de recherche \u00e0 l\u2019Inserm. Il est l\u2019auteur de TV Lobotomie (Max Milo, 2011) et de L\u2019 Antir\u00e9gime (Belin, 2015), qui ont tous deux remport\u00e9 un large succ\u00e8s public.<\/p>\n<p style=\"text-align: center;\"><strong>** * * * *<\/strong><\/p>\n<p style=\"text-align: center;\"><strong>Dangers du portable : la recherche est b\u00e2illonn\u00e9e<\/strong><\/p>\n<p style=\"text-align: justify;\"><strong>Ce document date de \u2026 2011\u00a0!<\/strong><\/p>\n<p style=\"text-align: justify;\"><strong>\u00ab\u00a0Les constructeurs de portable m\u2019ont coup\u00e9 les cr\u00e9dits parce que mes recherches r\u00e9v\u00e9laient un impact sur le cerveau.\u00a0\u00bb <\/strong><\/p>\n<p style=\"text-align: justify;\"><strong>C\u00e9l\u00e8bre neurobiologiste montpelli\u00e9rain, le professeur Alain Privat d\u00e9nonce les effets nocifs des ondes et la censure des industriels. <\/strong><\/p>\n<p style=\"text-align: justify;\"><em>\u00ab\u00a0Ce que j\u2019ai vu sous le microscope m\u2019a fait peur.\u00a0\u00bb <\/em>Mercredi 18, sur France3 le Montpelli\u00e9rain Alain Privat tire la sonnette d\u2019alarme dans un passionnant documentaire intitul\u00e9 \u00ab\u00a0Mauvaises Ondes\u00a0\u00bb (reportage) Ce neurobiologiste r\u00e9put\u00e9 est connu pour avoir fait remarcher des souris paralys\u00e9es en utilisant les cellules nerveuses. D\u00e8s 2003, ses recherches sur des rats expos\u00e9s au t\u00e9l\u00e9phone portable ont mis en \u00e9vidence des perturbations du cerveau. Retour sur un probl\u00e8me sanitaire controvers\u00e9 qui concerne tous les Fran\u00e7ais&#8230; et leurs 64 millions de portables.<\/p>\n<p style=\"text-align: justify;\"><strong>La Gazette. Quels sont pr\u00e9cis\u00e9ment les impacts du portable sur le cerveau, selon l\u2019exp\u00e9rience que vous avez conduite ? <\/strong><\/p>\n<p style=\"text-align: justify;\"><strong>Professeur Alain Privat. <\/strong>Il s\u2019agit de modifications biochimiques et structurales assez inqui\u00e9tantes. Permettez-moi d\u2019abord de rappeler les modalit\u00e9s de l\u2019exp\u00e9rience men\u00e9e au sein de l\u2019Institut des neurosciences de Montpellier (labo Inserm, bas\u00e9 \u00e0 l\u2019h\u00f4pital Saint-\u00c9loi) par six chercheurs. Nous avons expos\u00e9 douze rats \u00e0 des ondes \u00e9lectromagn\u00e9tiques GSM de 900 m\u00e9gahertz, la fr\u00e9quence des portables, \u00e0 6 watts par kilo, soit un rayonnement trois fois sup\u00e9rieur \u00e0 la limite l\u00e9gale, pendant quinze minutes. Cela a imm\u00e9diatement alt\u00e9r\u00e9 la qualit\u00e9 et la quantit\u00e9 de trois neurotransmetteurs : l\u2019ac\u00e9tylcholine, li\u00e9 \u00e0 la motricit\u00e9, la dopamine, impliqu\u00e9e dans la maladie d\u2019Alzheimer, et l\u2019acide Gaba, qui module l\u2019activit\u00e9 du syst\u00e8me nerveux central. Par ailleurs, nous avons observ\u00e9 l\u2019inflammation d\u2019une partie du cerveau, le striatum, ce qui traduit une souffrance du tissu nerveux.<\/p>\n<p style=\"text-align: justify;\"><strong>En clair, que peut-on craindre pour l\u2019homme ? <\/strong><\/p>\n<p style=\"text-align: justify;\">L\u2019exp\u00e9rience ne prouve pas la toxicit\u00e9 de ces ondes pour l\u2019humain, mais d\u00e9bouche sur une forte suspicion. Ce qu\u2019on peut redouter, c\u2019est que l\u2019utilisation intensive et prolong\u00e9e du t\u00e9l\u00e9phone portable favorise la maladie de Parkinson et l\u2019Alzheimer. L\u2019\u00e9pilepsie pourrait aussi \u00eatre encourag\u00e9e, car elle rel\u00e8ve d\u2019une agitation des cellules nerveuses comparable \u00e0 ce que nous avons vu sous le microscope. Enfin, le neurotransmetteur appel\u00e9 s\u00e9rotonine, qui joue un r\u00f4le dans le rythme veille-sommeil, est aussi affect\u00e9. En revanche, je ne crois pas, comme certains scientifiques, \u00e0 des risques de tumeurs du cerveau, car elles rel\u00e8vent de m\u00e9canismes diff\u00e9rents.<\/p>\n<p style=\"text-align: justify;\"><strong>Fort de ces suspicions, vous souhaitiez poursuivre l\u2019\u00e9tude, mais on vous a coup\u00e9 les cr\u00e9dits&#8230;<\/strong><\/p>\n<p style=\"text-align: justify;\">Il faut savoir que cette recherche faisait partie, en 2003, du projet COMOBIO (COmmunication MObile BIOlogie), financ\u00e9 moiti\u00e9-moiti\u00e9 par le gouvernement et les constructeurs de t\u00e9l\u00e9phone. Une fois notre exp\u00e9rience finie, j\u2019ai red\u00e9pos\u00e9 un dossier pour l\u2019approfondir. Je n\u2019ai pas \u00e9t\u00e9 retenu. Par la suite, j\u2019ai candidat\u00e9 en vain aupr\u00e8s d\u2019un groupe d\u2019experts officiels. On n\u2019a jamais r\u00e9pondu \u00e0 mes demandes d\u2019explication. Mon sentiment, c\u2019est que l\u2019industrie de la t\u00e9l\u00e9phonie \u00e9limine les \u00e9tudes n\u00e9gatives pour des raisons \u00e9conomiques \u2013 tout comme l\u2019a v\u00e9cu \u00e9galement ma coll\u00e8gue montpelli\u00e9raine Madeleine Bastide.<\/p>\n<p style=\"text-align: justify;\"><strong>C\u2019est peut-\u00eatre votre \u00e9tude qui \u00e9tait sujette \u00e0 caution. Un rat est-il comparable \u00e0 un humain ? Et n\u2019est- il pas difficile de conclure sur la base du tr\u00e8s fort rayonnement mis en oeuvre pendant l\u2019exp\u00e9rience ? <\/strong><\/p>\n<p style=\"text-align: justify;\">C\u2019est vrai, le rat est moins r\u00e9sistant que l\u2019humain. Mais son syst\u00e8me nerveux n\u2019est pas tellement \u00e9loign\u00e9 du n\u00f4tre. Et c\u2019est avec des exp\u00e9riences sur des souris que nous essayons de faire remarcher des humains parapl\u00e9giques. Quant au rayonnement, il \u00e9tait, en effet, de 6 W\/kg, alors que les portables tournent autour de 1,5 W\/kg (1). Ces conditions extr\u00eames permettent de r\u00e9v\u00e9ler la toxicit\u00e9. Mais nous souhaitions par la suite reproduire l\u2019exp\u00e9rience \u00e0 des niveaux plus conformes \u00e0 la r\u00e9alit\u00e9.<\/p>\n<p style=\"text-align: justify;\"><strong>Cela signifie-t-il que votre exp\u00e9rience n\u2019est pas vraiment valid\u00e9e ? <\/strong><\/p>\n<p style=\"text-align: justify;\">Elle a \u00e9t\u00e9 publi\u00e9e en 2004 par Neurobiology of Disease, la revue scientifique am\u00e9ricaine de r\u00e9f\u00e9rence. Cela vaut validation. Mais surtout, une autre \u00e9quipe a fait ce que nous voulions faire : exposer les rats \u00e0 seulement 1,5 W\/kg, 45 minutes par jour, pendant 8 semaines. Cette \u00e9quipe de Verneuil-en-Halatte (Oise) a publi\u00e9 ses r\u00e9sultats en 2008 et 2010. Ils sont tout \u00e0 fait comparables aux n\u00f4tres. Pourquoi revenir aujourd\u2019hui sur cette pol\u00e9mique qui met en cause les effets du portable et l\u2019ind\u00e9pendance de la recherche ? Parce que je viens de prendre ma retraite et que je n\u2019ai plus d\u2019obligation de r\u00e9serve. Et parce que je souhaite, dans un souci de sant\u00e9 publique, que de vraies recherches sur le portable soient men\u00e9es avec les images IRM actuelles. Il faut \u00e9viter que les chercheurs soient subventionn\u00e9s par l\u2019industrie. Et que les experts soient juge et partie comme dans l\u2019affaire du Mediator.<\/p>\n<p style=\"text-align: justify;\"><strong>Quels conseils donnez-vous aux accros du portable ? <\/strong><\/p>\n<p style=\"text-align: justify;\">Utilisez le plus possible l\u2019oreillette pour \u00eatre moins expos\u00e9 aux ondes. Et \u00e9vitez, ou limitez, le portable pour les moins de 15 ans : en cours de construction, le cerveau des enfants est beaucoup plus sensible que le n\u00f4tre.<\/p>\n<p style=\"text-align: justify;\"><strong>next-up<\/strong><\/p>\n","protected":false},"excerpt":{"rendered":"<p>12 Conseils \u00e9l\u00e9mentaires de pr\u00e9vention afin de limiter l\u2019exposition de l\u2019utilisateur aux rayonnements du T\u00e9l\u00e9phone Mobile<\/p>\n","protected":false},"author":4,"featured_media":0,"comment_status":"closed","ping_status":"open","sticky":false,"template":"","format":"standard","meta":{"footnotes":""},"categories":[1],"tags":[],"class_list":["post-7076","post","type-post","status-publish","format-standard","hentry","category-non-classe"],"_links":{"self":[{"href":"https:\/\/collectif-accad.fr\/site\/wp-json\/wp\/v2\/posts\/7076","targetHints":{"allow":["GET"]}}],"collection":[{"href":"https:\/\/collectif-accad.fr\/site\/wp-json\/wp\/v2\/posts"}],"about":[{"href":"https:\/\/collectif-accad.fr\/site\/wp-json\/wp\/v2\/types\/post"}],"author":[{"embeddable":true,"href":"https:\/\/collectif-accad.fr\/site\/wp-json\/wp\/v2\/users\/4"}],"replies":[{"embeddable":true,"href":"https:\/\/collectif-accad.fr\/site\/wp-json\/wp\/v2\/comments?post=7076"}],"version-history":[{"count":1,"href":"https:\/\/collectif-accad.fr\/site\/wp-json\/wp\/v2\/posts\/7076\/revisions"}],"predecessor-version":[{"id":7077,"href":"https:\/\/collectif-accad.fr\/site\/wp-json\/wp\/v2\/posts\/7076\/revisions\/7077"}],"wp:attachment":[{"href":"https:\/\/collectif-accad.fr\/site\/wp-json\/wp\/v2\/media?parent=7076"}],"wp:term":[{"taxonomy":"category","embeddable":true,"href":"https:\/\/collectif-accad.fr\/site\/wp-json\/wp\/v2\/categories?post=7076"},{"taxonomy":"post_tag","embeddable":true,"href":"https:\/\/collectif-accad.fr\/site\/wp-json\/wp\/v2\/tags?post=7076"}],"curies":[{"name":"wp","href":"https:\/\/api.w.org\/{rel}","templated":true}]}}