{"id":7074,"date":"2021-02-27T02:43:34","date_gmt":"2021-02-27T01:43:34","guid":{"rendered":"https:\/\/collectif-accad.fr\/site\/?p=7074"},"modified":"2021-02-26T06:46:48","modified_gmt":"2021-02-26T05:46:48","slug":"lere-de-linternet-des-objets-ido-a-nos-portes","status":"publish","type":"post","link":"https:\/\/collectif-accad.fr\/site\/lere-de-linternet-des-objets-ido-a-nos-portes\/","title":{"rendered":"L&rsquo;\u00e8re de l&rsquo;Internet des objets (IdO) \u00e0 nos portes"},"content":{"rendered":"<h2 style=\"text-align: left;\"><strong>Elle sera bient\u00f4t suivie par l&rsquo;Internet des corps (IdC)<\/strong><\/h2>\n<p><!--more--><\/p>\n<p style=\"text-align: justify;\"><strong>Extraits traduits<\/strong><\/p>\n<p style=\"text-align: justify;\">La RAND Corporation, le groupe de r\u00e9flexion \u00e0 l\u2019origine de certaines des id\u00e9es et technologies les plus influentes et les plus effrayantes au monde, a publi\u00e9 un rapport intitul\u00e9 <a href=\"https:\/\/www.rand.org\/pubs\/research_reports\/RR3226.html?fbclid=IwAR36tPF45wXxHwY_M-Bq2urX0SWO83YfvQsc482PyKOryRqwI-hG9feE0z8\"><em>The Internet of Bodies: Opportunities, Risks, and Governance<\/em><\/a><em>. <\/em>[Internet des corps: opportunit\u00e9s, risques et gouvernance].<\/p>\n<p style=\"text-align: justify;\">Vous devez vous m\u00e9fier de tout rapport \u00e9mis par la RAND Corporation. Alex Abella, auteur de <em>Soldiers of Reason: The RAND Corporation and the Rise of American Empire<\/em>, explique pourquoi:<\/p>\n<p style=\"text-align: justify;\">La RAND \u00e9tait et demeure l&rsquo;organisation essentielle de l&rsquo;Establishment. Tout au long de son histoire, la RAND a \u00e9t\u00e9 au c\u0153ur de cet entrelacs de concupiscence et de rapacit\u00e9 financi\u00e8re du Pentagone que le pr\u00e9sident Eisenhower voulait appeler le complexe militaro-industriel-l\u00e9gislatif. La RAND a litt\u00e9ralement remodel\u00e9 le monde moderne \u2013 et tr\u00e8s peu de gens le savent.<\/p>\n<p style=\"text-align: justify;\">Avec cette compr\u00e9hension \u00e0 l&rsquo;esprit, la publication de ce nouveau rapport suscite de nombreuses inqui\u00e9tudes.<\/p>\n<p style=\"text-align: justify;\">\n<p style=\"text-align: justify;\">(&#8230;)<strong> L&rsquo;IdC ouvre la voie \u00e0 la grande r\u00e9initialisation et \u00e0 la 4e r\u00e9volution industrielle<\/strong><\/p>\n<p style=\"text-align: justify;\">Dans son livre paru en 2016 <em>The Fourth Industrial Revolution<\/em>, Klaus Schwab, PDG du Forum \u00e9conomique mondial, a \u00e9crit:<\/p>\n<p style=\"text-align: justify;\">Parmi les nombreux d\u00e9fis divers et fascinants auxquels nous sommes confront\u00e9s aujourd&rsquo;hui, le plus intense et le plus important est de savoir comment comprendre et fa\u00e7onner la nouvelle r\u00e9volution technologique, qui n&rsquo;implique <strong>rien de moins qu&rsquo;une transformation de l&rsquo;humanit\u00e9<\/strong>. Nous sommes au d\u00e9but d&rsquo;une r\u00e9volution qui change fondamentalement la fa\u00e7on dont nous vivons, travaillons et interagissons. Dans son ampleur, sa port\u00e9e et sa complexit\u00e9, ce que je consid\u00e8re comme <strong>la quatri\u00e8me r\u00e9volution industrielle ne ressemble \u00e0 rien de ce que l&rsquo;humanit\u00e9 a connu auparavant<\/strong>.<\/p>\n<p style=\"text-align: justify;\">\u2026 Les changements sont si profonds que, du point de vue de l&rsquo;histoire humaine, <strong>il n&rsquo;y a jamais eu de moment de plus grande promesse ou de p\u00e9ril potentiel<\/strong>.<\/p>\n<p style=\"text-align: justify;\">Pour r\u00e9aliser cette nouvelle r\u00e9volution technologique, Schwab plaide pour l&rsquo;augmentation de la technologie de l&rsquo;IdC, citant que 82% des dirigeants interrog\u00e9s pensent qu&rsquo;un point de basculement se produira d&rsquo;ici 2025, o\u00f9 les gens accepteront facilement les dispositifs implantables.<\/p>\n<p style=\"text-align: justify;\">Les gens sont de plus en plus connect\u00e9s \u00e0 des appareils, et ces appareils <strong>sont de plus en plus connect\u00e9s \u00e0 leur corps<\/strong>. Les appareils ne sont pas seulement port\u00e9s, mais aussi implant\u00e9s dans les corps, servant aux communications, \u00e0 la surveillance de la localisation et du comportement, et aux fonctions de sant\u00e9\u2026 Les tatouages \u200b\u200bintelligents et autres puces uniques pourraient aider \u00e0 l&rsquo;identification et \u00e0 la localisation. Les dispositifs implant\u00e9s aideront probablement aussi \u00e0 <strong>communiquer des pens\u00e9es<\/strong> normalement exprim\u00e9es verbalement via un smartphone \u00abint\u00e9gr\u00e9\u00bb, et des pens\u00e9es ou <strong>des humeurs potentiellement non exprim\u00e9es en lisant des ondes c\u00e9r\u00e9brales<\/strong> et d&rsquo;autres signaux.<\/p>\n<p style=\"text-align: justify;\">Schwab attend avec impatience le jour o\u00f9 les implants biologiques pourront lire dans nos pens\u00e9es! Commencez-vous \u00e0 avoir une vue d&rsquo;ensemble de ce vers quoi tout cela nous m\u00e8ne? La question \u00e0 se poser au fur et \u00e0 mesure que la technologie est d\u00e9velopp\u00e9e et utilis\u00e9e est de savoir qui en profite? Ces initiatives sont-elles vraiment pour le bien de l&rsquo;humanit\u00e9, ou juste de quelques-uns au sommet qui souhaitent plus de contr\u00f4le sur les masses? Je pense qu\u2019un autre \u00e9chantillon des pens\u00e9es de Schwab aidera \u00e0 apporter des r\u00e9ponses d\u00e9finitives \u00e0 ces questions. Dans son livre de suivi de 2018, <em>Shaping the Fourth Industrial Revolution<\/em>, Schwab explique:<\/p>\n<p style=\"text-align: justify;\">Le monde est \u00e0 la crois\u00e9e des chemins. Les syst\u00e8mes sociaux et politiques qui ont sorti des millions de personnes de la pauvret\u00e9 et fa\u00e7onn\u00e9 nos politiques nationales et mondiales pendant un demi-si\u00e8cle nous font d\u00e9faut. Les avantages \u00e9conomiques de l&rsquo;ing\u00e9niosit\u00e9 et de l&rsquo;effort humains sont de plus en plus concentr\u00e9s, les in\u00e9galit\u00e9s augmentent et les externalit\u00e9s n\u00e9gatives de notre \u00e9conomie mondiale int\u00e9gr\u00e9e nuisent \u00e0 l&rsquo;environnement naturel et aux populations vuln\u00e9rables \u2013 les parties prenantes les moins \u00e0 m\u00eame d&rsquo;absorber le co\u00fbt du progr\u00e8s.<\/p>\n<p style=\"text-align: justify;\">La confiance du public dans les entreprises, le gouvernement, les m\u00e9dias et m\u00eame la soci\u00e9t\u00e9 civile a chut\u00e9 au point que plus de la moiti\u00e9 du monde estime que le syst\u00e8me actuel ne r\u00e9pond pas \u00e0 leurs besoins. L\u2019\u00e9cart de confiance grandissant entre les personnes appartenant au quartile de revenu le plus \u00e9lev\u00e9 de leur pays et le reste de la population indique que la coh\u00e9sion sociale est au mieux fragile et, au pire, tr\u00e8s proche de s\u2019effondrer.<\/p>\n<p style=\"text-align: justify;\">C&rsquo;est dans ce contexte politique et social pr\u00e9caire que nous sommes confront\u00e9s \u00e0 la fois aux opportunit\u00e9s et aux d\u00e9fis d&rsquo;une gamme de technologies puissantes et \u00e9mergentes \u2013 de l&rsquo;intelligence artificielle aux biotechnologies, des mat\u00e9riaux avanc\u00e9s \u00e0 l&rsquo;informatique quantique \u2013 qui entra\u00eeneront des changements radicaux dans notre mode de vie, et que j&rsquo;ai d\u00e9crit comme faisant partie de la quatri\u00e8me r\u00e9volution industrielle.<\/p>\n<p style=\"text-align: justify;\">Pour mettre tout cela en termes clairs, Schwab et ses semblables aggravent des probl\u00e8mes tels que la pauvret\u00e9, les in\u00e9galit\u00e9s, les troubles civils, la m\u00e9fiance \u00e0 l&rsquo;\u00e9gard du gouvernement et la d\u00e9gradation de l&rsquo;environnement pour amener l&rsquo;humanit\u00e9 \u00e0 d\u00e9sirer une meilleure voie. C&rsquo;est ce qu&rsquo;il appelle la quatri\u00e8me r\u00e9volution industrielle. Combin\u00e9e aux plans de la Grande R\u00e9initialisation, la cabale, qui comprend le Forum \u00e9conomique mondial et de nombreuses autres entit\u00e9s mondiales, pr\u00e9voit d\u2019offrir une solution qui r\u00e9soudra tous les maux de l\u2019humanit\u00e9, mais qui, en r\u00e9alit\u00e9, servira \u00e0 nous asservir davantage. Vous serez contr\u00f4l\u00e9 par la technologie qu&rsquo;ils cr\u00e9ent \u00e0 une vitesse vertigineuse et soumis \u00e0 une forme moindre d&rsquo;humanit\u00e9 en la d\u00e9guisant en progr\u00e8s et en merveilleux d\u00e9veloppements. En ce qui concerne sa vision de refaire l&rsquo;humanit\u00e9 \u00e0 son image, Schwab poursuit:<\/p>\n<p style=\"text-align: justify;\">L&rsquo;avenir mettra au d\u00e9fi notre compr\u00e9hension de ce que signifie \u00eatre humain, tant d&rsquo;un point de vue biologique que social. Les programmes de biotechnologie \u00e9mergents promettent d&rsquo;am\u00e9liorer et d&rsquo;augmenter la dur\u00e9e de vie humaine et d&rsquo;am\u00e9liorer la sant\u00e9 physique et mentale. L&rsquo;opportunit\u00e9 d&rsquo;int\u00e9gration des technologies num\u00e9riques avec les tissus biologiques se d\u00e9veloppe \u00e9galement, et ce que cela laisse pr\u00e9sager pour les prochaines d\u00e9cennies inspire une gamme d&rsquo;\u00e9motions, de l&rsquo;espoir \u00e0 l&rsquo;\u00e9merveillement en passant par la peur. Les optimistes d\u00e9peignent un monde plus durable, exempt des maladies que nous combattons aujourd&rsquo;hui. Les pessimistes mettent en garde contre un avenir dystopique de b\u00e9b\u00e9s \u00e0 la carte et d&rsquo;acc\u00e8s in\u00e9gal aux fruits de la biotechnologie.<\/p>\n<p style=\"text-align: justify;\">Je suppose que Schwab n&rsquo;a jamais lu des r\u00e9cits de mise en garde d&rsquo;hommes essayant de jouer \u00e0 Dieu comme <em>Frankenstein<\/em> et <em>L&rsquo;\u00eele du Dr Moreau<\/em>? Traitez-moi de pessimiste, mais je ne crois pas au futur cauchemardesque que Schwab, la RAND Corporation et tous leurs co-conspirateurs souhaitent cr\u00e9er. Dans une interview avec le lanceur d&rsquo;alerte de la RAND Alex Abella, Paul Joseph Watson a r\u00e9v\u00e9l\u00e9 ce qui a vraiment aliment\u00e9 les efforts de l&rsquo;organisation:<\/p>\n<p style=\"text-align: justify;\"><em>Le but ultime de RAND \u00e9tait de faire en sorte que les technocrates dirigent tous les aspects de la soci\u00e9t\u00e9 \u00e0 la poursuite d&rsquo;un gouvernement mondial unique qui serait administr\u00e9 sous \u00abla r\u00e8gle de la raison\u00bb, un monde impitoyable o\u00f9 l&rsquo;efficacit\u00e9 \u00e9tait roi et les hommes n&rsquo;\u00e9taient gu\u00e8re plus que des machines, ce qui explique pourquoi la RAND a \u00e9tudi\u00e9 les sciences sociales parce qu&rsquo;ils ne savaient pas comment traiter les gens ni pourquoi les \u00eatres humains n&rsquo;agissaient pas toujours dans leurs propres int\u00e9r\u00eats pr\u00e9visibles. Il n&rsquo;y a pas de place pour l&rsquo;amour, l&#8217;empathie ou l&rsquo;altruisme dans le nouvel ordre mondial que la RAND et la Fondation Ford s&rsquo;efforcent de cr\u00e9er, et le patriotisme et l&rsquo;altruisme sont contraires \u00e0 leurs objectifs.<\/em><\/p>\n<p style=\"text-align: justify;\">Les v\u00e9ritables objectifs de l&rsquo;Internet des corps et d&rsquo;autres programmes comme l&rsquo;Agenda 2030, la grande r\u00e9initialisation et la quatri\u00e8me r\u00e9volution industrielle ne sont pas altruistes, mais diaboliques. Soyez averti que cette technologie peut vous faciliter la vie \u00e0 court terme, mais son objectif \u00e0 long terme est de faire de vous un esclave d\u00e9shumanis\u00e9.<\/p>\n<p style=\"text-align: justify;\">Pour creuser davantage ce sujet, voir<\/p>\n<p style=\"text-align: justify;\"><a href=\"https:\/\/l.facebook.com\/l.php?u=https%3A%2F%2Fwww.stopponsla5g.ca%2Fil-faut-un-debat-public%3Ffbclid%3DIwAR0cHcc9OKxivKfof8m4r3u7RfiUXCwCIHbGD-8ynVIjcqLZI-iep9RBRYA&amp;h=AT3yvt9KXlKBHKpamOeWTffY15yiJq2EWQb-FAtIRSLAGE8MEx3JJJLW5FfEwm9L8c5B1ZOIfhh98RIqsBqaFS1tBNtOKhjVqi_VflOehxtrCLEgSzay33iE-hyxqYTg3Kq-G4bWeaY1zJfGgrl-&amp;__tn__=-UK-y-R&amp;c%5b0%5d=AT2pVxXknEDOw7AhlUJj0q_ZCKBcu5FrxWEH4zfT5iocN-xq2Qit29sPpAG7GFMTUJJ7Gf2n_yzAmBt__3rs4w33CVbkgZmmq1x4_VWh42oqb4F83g4trzPCOPmh57oCYJeV2W3LuYwTslo0nBGBJAGFvu7v1F--5Jyg0pvXwQ9x7ouNm_07xXYRzIXIdNoGzhboigXAoSTcGC5FvxLiszhzFRte99UwxopoadDfcWJsmB5wDW4\">https:\/\/www.stopponsla5g.ca\/il-faut-un-debat-public<\/a><\/p>\n<p style=\"text-align: justify;\">dont voici un extrait&#8230;<\/p>\n<p style=\"text-align: justify;\">\n<p style=\"text-align: justify;\"><strong>Il y a un important choix \u00e0 faire&#8230;<\/strong><\/p>\n<p style=\"text-align: justify;\"><strong><em>et c&rsquo;est \u00e0 nous qu&rsquo;il revient de le faire !<\/em><\/strong><\/p>\n<p style=\"text-align: justify;\">Pour r\u00e9sumer et simplifier, deux options, deux routes tr\u00e8s diff\u00e9rentes s&rsquo;offrent \u00e0 nous : ou bien nous continuons \u00e0 foncer t\u00eate baiss\u00e9e vers un avenir pens\u00e9 par et pour les grandes entreprises au service du grand capital, avec la b\u00e9n\u00e9diction inconditionnelle des gouvernements qui, pour l&rsquo;essentiel, sont sous leur contr\u00f4le, ou bien nous cessons de nous leurrer sur leurs pr\u00e9tendues bonnes intentions \u00e0 notre \u00e9gard, et nous d\u00e9finissons <em>nous-m\u00eames<\/em> le genre d&rsquo;avenir que nous voulons avoir et l\u00e9guer \u00e0 nos enfants.<\/p>\n<p style=\"text-align: justify;\">La <a href=\"https:\/\/l.facebook.com\/l.php?u=https%3A%2F%2Fwww.stopponsla5g.ca%2Fpost%2Fnouveau-front-qu%25C3%25A9b%25C3%25A9cois-contre-la-triade-5g-ido-ia%3Ffbclid%3DIwAR14_1UfbUZlSCZ48Jhm0dR8twuhs64EhHnN0R1HkPXYUwiJhHjZutK-HmU&amp;h=AT2NTC0ztY4A0phTLiQ1_lYz96J3OGhM2q3ZhUWxEXgZAuiWdxbL5JAPbOR2T5HecOgrISiVZkUPVXCXGUiiS1HiaTcCBjG_iWoojUmhNfNi80UnIj73OSab-IA8yJS8kNQ5bCmWc8pfyTTxkRLd&amp;__tn__=-UK-y-R&amp;c%5b0%5d=AT2pVxXknEDOw7AhlUJj0q_ZCKBcu5FrxWEH4zfT5iocN-xq2Qit29sPpAG7GFMTUJJ7Gf2n_yzAmBt__3rs4w33CVbkgZmmq1x4_VWh42oqb4F83g4trzPCOPmh57oCYJeV2W3LuYwTslo0nBGBJAGFvu7v1F--5Jyg0pvXwQ9x7ouNm_07xXYRzIXIdNoGzhboigXAoSTcGC5FvxLiszhzFRte99UwxopoadDfcWJsmB5wDW4\"><strong>triade 5G\/IdO\/IA<\/strong><\/a> nous m\u00e8ne tout droit \u00e0 un avenir dystopique de surveillance int\u00e9grale o\u00f9 l&rsquo;humain deviendra subordonn\u00e9, visiblement ou subtilement, aux machines intelligentes et \u00e0 ceux qui les cr\u00e9ent et les contr\u00f4lent \u00e0 l&rsquo;insu de tous&#8230; <strong><em>jusqu&rsquo;au jour o\u00f9 ils en perdront le contr\u00f4le<\/em><\/strong>. Tous les signes annonciateurs de ce qui arrivera \u2013 <em>si nous les laissons faire<\/em> \u2013 sont d\u00e9j\u00e0 clairement perceptibles pour qui veut bien les voir.<\/p>\n<p style=\"text-align: justify;\"><em>\u00ab L\u2019autoritarisme num\u00e9rique n\u2019est pas, h\u00e9las, de la fantaisie dystopique, mais d\u2019une r\u00e9alit\u00e9 \u00e9mergente. \u00bb<\/em><\/p>\n<p style=\"text-align: justify;\">\u2013 Boris Jonhson &#8211; Tir\u00e9 de son <a href=\"https:\/\/l.facebook.com\/l.php?u=https%3A%2F%2Fwww.stopponsla5g.ca%2Fpost%2Fle-programme-des-villes-intelligentes-pourrait-%25C3%25AAtre-une-technologie-malfaisante%3Ffbclid%3DIwAR0cHcc9OKxivKfof8m4r3u7RfiUXCwCIHbGD-8ynVIjcqLZI-iep9RBRYA&amp;h=AT2dlfpOPsdOaK_HoWOtA_fSRvOXt_SaG67WLviPM9ovRJDE1lOhCZmOdSrxo-CQZq49nY5sTMYQVlzskApaOBy6ThqLxrUu87zLFJMDjYY_HH7g0OfGIH6SDijLb2FYnnVMxoH0RcnDJW79O2Yh&amp;__tn__=-UK-y-R&amp;c%5b0%5d=AT2pVxXknEDOw7AhlUJj0q_ZCKBcu5FrxWEH4zfT5iocN-xq2Qit29sPpAG7GFMTUJJ7Gf2n_yzAmBt__3rs4w33CVbkgZmmq1x4_VWh42oqb4F83g4trzPCOPmh57oCYJeV2W3LuYwTslo0nBGBJAGFvu7v1F--5Jyg0pvXwQ9x7ouNm_07xXYRzIXIdNoGzhboigXAoSTcGC5FvxLiszhzFRte99UwxopoadDfcWJsmB5wDW4\"><strong>discours aux Nations unies<\/strong><\/a> le 24 septembre 2019<\/p>\n<p style=\"text-align: justify;\"><em>Un tel avenir n&rsquo;est pas in\u00e9vitable.<\/em> Nous avons encore le pouvoir de choisir une autre voie, et stopper la 5G, <a href=\"https:\/\/l.facebook.com\/l.php?u=https%3A%2F%2Fwww.stopponsla5g.ca%2Fce-que-nous-voulons%3Ffbclid%3DIwAR3Q2_5GM1aSJl07irm7EeygapuIsCULyn4n0o1q7obfG3euRLNPVGZjN_I&amp;h=AT2R_BNlgk5k558OD6J5Tp35IEppyN567KspB1VnhWJV0LrbLXFTe4qAubRtyfr6Cnyf3MVrWWlkzxxYYUWLYovgpAncjaH-aSR47q78D4bfZTz4iMOjYgULYYO3HNGCS4Cs2-Wo9e0ECUZAFVti&amp;__tn__=-UK-y-R&amp;c%5b0%5d=AT2pVxXknEDOw7AhlUJj0q_ZCKBcu5FrxWEH4zfT5iocN-xq2Qit29sPpAG7GFMTUJJ7Gf2n_yzAmBt__3rs4w33CVbkgZmmq1x4_VWh42oqb4F83g4trzPCOPmh57oCYJeV2W3LuYwTslo0nBGBJAGFvu7v1F--5Jyg0pvXwQ9x7ouNm_07xXYRzIXIdNoGzhboigXAoSTcGC5FvxLiszhzFRte99UwxopoadDfcWJsmB5wDW4\"><strong>exiger un moratoire<\/strong><\/a> \u00e0 son d\u00e9ploiement jusqu&rsquo;\u00e0 ce que nous l&rsquo;obtenions, constitue le meilleur, et sans doute le seul moyen de nous donner le temps n\u00e9cessaire pour choisir collectivement \u00e0 quoi nous <strong><em>voulons<\/em><\/strong> que notre avenir ressemble.<\/p>\n<p style=\"text-align: justify;\">C&rsquo;est pourquoi, \u00e0 l&rsquo;instar d&rsquo;autres groupes activement impliqu\u00e9s dans le <a href=\"https:\/\/l.facebook.com\/l.php?u=https%3A%2F%2Fwww.globalresearch.ca%2Ftelcos-losing-battle-impose-5g%2F5691065%3Ffbclid%3DIwAR3XC_73egcJwSAz00YJFkP0S_0P2WyR-QNrMhsTMZC7GLt6_joSKwUFS6Y&amp;h=AT0pto8hHiZCrwnuewfie9oQvijJoR_wx14P4hqVVzFRl3zls7nlH_w0KvJRzk6q6zKWEZprayz0FSoAzfkhsVpcZNc7QtmrdsiBCgOmBR-J2IKOBCA-Ga8wyMTq7yvlmATOEJMQHCfd9mSwNci0&amp;__tn__=-U-UK-y-R&amp;c%5b0%5d=AT2pVxXknEDOw7AhlUJj0q_ZCKBcu5FrxWEH4zfT5iocN-xq2Qit29sPpAG7GFMTUJJ7Gf2n_yzAmBt__3rs4w33CVbkgZmmq1x4_VWh42oqb4F83g4trzPCOPmh57oCYJeV2W3LuYwTslo0nBGBJAGFvu7v1F--5Jyg0pvXwQ9x7ouNm_07xXYRzIXIdNoGzhboigXAoSTcGC5FvxLiszhzFRte99UwxopoadDfcWJsmB5wDW4\"><strong>combat contre la 5G<\/strong><\/a> ailleurs dans le monde, nous reconnaissons l&rsquo;urgente n\u00e9cessit\u00e9 de lancer un vaste d\u00e9bat public afin que chacun de nous ait son mot \u00e0 dire sur le choix que nous demandons d&rsquo;avoir entre ces deux chemins nous entra\u00eenant chacun vers un avenir tr\u00e8s diff\u00e9rent.<\/p>\n<p>J. Hudon<\/p>\n<p style=\"text-align: justify;\"><u><a href=\"https:\/\/www.rand.org\/pubs\/research_reports\/RR3226.html?fbclid=IwAR3ADNh6gZ_748ZpDSw2OQ1XIAb8_cl2BH6YBJpgGJ-HtxyKqJJK9Z2V0Zc\">rand.org<\/a><\/u><\/p>\n<p style=\"text-align: justify;\"><a href=\"https:\/\/truthunmuted.org\/the-internet-of-bodies\/?fbclid=IwAR34A9_isjNnLQzTU10RcjMqbhTsin4A0_prE8ytGDbfv-VGHJi2EyMHsV0\">https:\/\/truthunmuted.org\/the-internet-of-bodies\/<\/a><\/p>\n<p style=\"text-align: justify;\">\n<p style=\"text-align: justify;\">\n","protected":false},"excerpt":{"rendered":"<p>Elle sera bient\u00f4t suivie par l&rsquo;Internet des corps (IdC)<\/p>\n","protected":false},"author":4,"featured_media":0,"comment_status":"closed","ping_status":"open","sticky":false,"template":"","format":"standard","meta":{"footnotes":""},"categories":[1],"tags":[],"class_list":["post-7074","post","type-post","status-publish","format-standard","hentry","category-non-classe"],"_links":{"self":[{"href":"https:\/\/collectif-accad.fr\/site\/wp-json\/wp\/v2\/posts\/7074","targetHints":{"allow":["GET"]}}],"collection":[{"href":"https:\/\/collectif-accad.fr\/site\/wp-json\/wp\/v2\/posts"}],"about":[{"href":"https:\/\/collectif-accad.fr\/site\/wp-json\/wp\/v2\/types\/post"}],"author":[{"embeddable":true,"href":"https:\/\/collectif-accad.fr\/site\/wp-json\/wp\/v2\/users\/4"}],"replies":[{"embeddable":true,"href":"https:\/\/collectif-accad.fr\/site\/wp-json\/wp\/v2\/comments?post=7074"}],"version-history":[{"count":1,"href":"https:\/\/collectif-accad.fr\/site\/wp-json\/wp\/v2\/posts\/7074\/revisions"}],"predecessor-version":[{"id":7075,"href":"https:\/\/collectif-accad.fr\/site\/wp-json\/wp\/v2\/posts\/7074\/revisions\/7075"}],"wp:attachment":[{"href":"https:\/\/collectif-accad.fr\/site\/wp-json\/wp\/v2\/media?parent=7074"}],"wp:term":[{"taxonomy":"category","embeddable":true,"href":"https:\/\/collectif-accad.fr\/site\/wp-json\/wp\/v2\/categories?post=7074"},{"taxonomy":"post_tag","embeddable":true,"href":"https:\/\/collectif-accad.fr\/site\/wp-json\/wp\/v2\/tags?post=7074"}],"curies":[{"name":"wp","href":"https:\/\/api.w.org\/{rel}","templated":true}]}}