{"id":7059,"date":"2021-02-26T02:02:58","date_gmt":"2021-02-26T01:02:58","guid":{"rendered":"https:\/\/collectif-accad.fr\/site\/?p=7059"},"modified":"2021-02-25T14:50:05","modified_gmt":"2021-02-25T13:50:05","slug":"changement-de-gaz-dans-les-hauts-de-france","status":"publish","type":"post","link":"https:\/\/collectif-accad.fr\/site\/changement-de-gaz-dans-les-hauts-de-france\/","title":{"rendered":"Changement de gaz dans les Hauts de France"},"content":{"rendered":"<h2 style=\"text-align: left;\">On va passer du gaz B au gaz H<\/h2>\n<p><!--more--><\/p>\n<p style=\"text-align: justify;\">Ces r\u00e9glages sont dus au changement de gaz qui ne viendra plus de Hollande.<\/p>\n<p style=\"text-align: justify;\">Ils sont n\u00e9cessaires \u2026 donc obligatoires<\/p>\n<p style=\"text-align: justify;\">Le changement se finit en 2029.<\/p>\n<p style=\"text-align: justify;\">Il y a \u00a0possibilit\u00e9 de faire appel \u00e0 un intervenant habituel d\u2019entretien ou de laisser GRDF en missionner un. Quel que soit l\u2019intervenant choisi, il sera form\u00e9 par GRDF.<\/p>\n<p style=\"text-align: justify;\">La pr\u00e9sence du locataire ou du propri\u00e9taire\u00a0 lors des r\u00e9glages est indispensable.<br \/>\nCela ne devrait rien co\u00fbter : se m\u00e9fier des \u00e9ventuels d\u00e9rapages.<br \/>\nPour l\u2019instant, on cherche le planning pr\u00e9cis\u00a0 pour notre r\u00e9gion.<\/p>\n<p style=\"text-align: justify;\"><strong>Ce que l&rsquo;on sait<\/strong><\/p>\n<p><strong>Actuellement le changement se fait dans la r\u00e9gion de Saint-Omer et\u00a0 Calais.<\/strong><\/p>\n<p style=\"text-align: justify;\"><strong>Pour la r\u00e9gion de Lens ; cela se fera en 2022<\/strong><\/p>\n<p style=\"text-align: justify;\">En tout cas, il est clair que cela ne signifie pas changer de compteur pour mettre un gazpar. Il faudra \u00e9videmment le repr\u00e9ciser quand tu accepteras la venue du technicien.<\/p>\n<p style=\"text-align: justify;\"><strong>Pour d\u2019autres infos\u00a0:<\/strong><\/p>\n<p style=\"text-align: justify;\"><a href=\"https:\/\/site.grdf.fr\/web\/changement-de-gaz\/particuliers\">https:\/\/site.grdf.fr\/web\/changement-de-gaz\/particuliers<\/a><\/p>\n<p style=\"text-align: justify;\"><a href=\"https:\/\/site.grdf.fr\/documents\/16752176\/0\/Changement+de+gaz+-+Le+gaz+naturel+en+toute+s%C3%A9r%C3%A9nit%C3%A9\/c70050f3-ffdf-4965-9fb9-f0953fc58d03\">https:\/\/site.grdf.fr\/documents\/16752176\/0\/Changeme<\/a><\/p>\n<p style=\"text-align: justify;\"><a href=\"http:\/\/site.grdf.fr\/documents\/16752176\/86b58796-4155-4033-a022-c9aeb1c62b22\">http:\/\/site.grdf.fr\/documents\/16752176\/86b58796-<\/a><\/p>\n<p style=\"text-align: justify;\"><a href=\"https:\/\/www.ahc-plomberie-chauffage.com\/2019\/04\/29\/changement-de-gaz-2\/\">https:\/\/www.ahc-plomberie-chauffage.com\/2019\/<\/a><\/p>\n<p style=\"text-align: justify;\"><a href=\"https:\/\/france3-regions.francetvinfo.fr\/hauts-de-france\/13-million-habitants-hauts-france-vont-passer-du-gaz-b-au-gaz-h-ce-que-ca-change-vous-1627469.html\">https:\/\/france3-regions.francetvinfo.fr\/hauts-de-f<\/a><\/p>\n","protected":false},"excerpt":{"rendered":"<p>On va passer du gaz B au gaz H<\/p>\n","protected":false},"author":4,"featured_media":0,"comment_status":"closed","ping_status":"open","sticky":false,"template":"","format":"standard","meta":{"footnotes":""},"categories":[1],"tags":[],"class_list":["post-7059","post","type-post","status-publish","format-standard","hentry","category-non-classe"],"_links":{"self":[{"href":"https:\/\/collectif-accad.fr\/site\/wp-json\/wp\/v2\/posts\/7059","targetHints":{"allow":["GET"]}}],"collection":[{"href":"https:\/\/collectif-accad.fr\/site\/wp-json\/wp\/v2\/posts"}],"about":[{"href":"https:\/\/collectif-accad.fr\/site\/wp-json\/wp\/v2\/types\/post"}],"author":[{"embeddable":true,"href":"https:\/\/collectif-accad.fr\/site\/wp-json\/wp\/v2\/users\/4"}],"replies":[{"embeddable":true,"href":"https:\/\/collectif-accad.fr\/site\/wp-json\/wp\/v2\/comments?post=7059"}],"version-history":[{"count":4,"href":"https:\/\/collectif-accad.fr\/site\/wp-json\/wp\/v2\/posts\/7059\/revisions"}],"predecessor-version":[{"id":7071,"href":"https:\/\/collectif-accad.fr\/site\/wp-json\/wp\/v2\/posts\/7059\/revisions\/7071"}],"wp:attachment":[{"href":"https:\/\/collectif-accad.fr\/site\/wp-json\/wp\/v2\/media?parent=7059"}],"wp:term":[{"taxonomy":"category","embeddable":true,"href":"https:\/\/collectif-accad.fr\/site\/wp-json\/wp\/v2\/categories?post=7059"},{"taxonomy":"post_tag","embeddable":true,"href":"https:\/\/collectif-accad.fr\/site\/wp-json\/wp\/v2\/tags?post=7059"}],"curies":[{"name":"wp","href":"https:\/\/api.w.org\/{rel}","templated":true}]}}