{"id":7055,"date":"2021-02-24T02:55:04","date_gmt":"2021-02-24T01:55:04","guid":{"rendered":"https:\/\/collectif-accad.fr\/site\/?p=7055"},"modified":"2021-02-22T05:57:34","modified_gmt":"2021-02-22T04:57:34","slug":"etude-sur-lelectrosensibilite","status":"publish","type":"post","link":"https:\/\/collectif-accad.fr\/site\/etude-sur-lelectrosensibilite\/","title":{"rendered":"Etude sur l\u2019\u00e9lectrosensibilit\u00e9"},"content":{"rendered":"<h2 style=\"text-align: left;\"><strong>Une \u00e9tude de JPC<\/strong><\/h2>\n<p><!--more--><\/p>\n<p style=\"text-align: justify;\"><strong>Extraits<\/strong><\/p>\n<p style=\"text-align: justify;\"><strong>Le syndrome des micro-ondes<\/strong><\/p>\n<p style=\"text-align: justify;\">D\u00e8s 1942, des militaires en contact avec les radars se sont plaints de maux de t\u00eate, naus\u00e9es, vertiges, cuisson, irritations et autres sympt\u00f4mes qui ont \u00e9t\u00e9 attribu\u00e9s aux rayonnements de micro-ondes \u00e9mis par ces radars; ces sympt\u00f4mes ont rapidement \u00e9t\u00e9 regroup\u00e9s sous le nom de \u00ab\u00a0syndrome des micro-ondes\u00a0\u00bb, et donn\u00e9 \u00e0 un industriel l&rsquo;id\u00e9e de concevoir le four \u00e0 micro-ondes.<\/p>\n<p style=\"text-align: justify;\">Pourtant, soixante ans plus tard, des ministres de la sant\u00e9 du monde entier ont autoris\u00e9 l&rsquo;industrie des t\u00e9l\u00e9communications \u00e0 lancer sur toute la population des technologies bas\u00e9es sur ces m\u00eames micro-ondes, en supposant qu&rsquo;\u00e0 des intensit\u00e9s plus faibles, le \u00ab\u00a0syndrome des micro-ondes\u00a0\u00bb n&rsquo;appara\u00eetrait pas. Supposition qui semble toutefois ne pas coller \u00e0 la r\u00e9alit\u00e9, car d\u00e8s 2003, des utilisateurs d&rsquo;internet sans fil wifi et de t\u00e9l\u00e9phones portables sont tomb\u00e9s malades et ayant fait le rapprochement, ont abandonn\u00e9 ces technologies et t\u00e9moign\u00e9 sur internet. Comme les micro-ondes portent nettement plus loin que les propri\u00e9t\u00e9s des utilisateurs, et traversent murs, plafonds et fen\u00eatres, des voisins sensibles ont \u00e9galement commenc\u00e9 \u00e0 en souffrir, mais eux n&rsquo;ont pas eu la possibilit\u00e9 de couper les \u00e9metteurs.<\/p>\n<p style=\"text-align: justify;\">Au lieu d&rsquo;arr\u00eater tout de suite l&rsquo;exp\u00e9rience, les ministres de la sant\u00e9 ont pr\u00e9f\u00e9r\u00e9 consid\u00e9rer les \u00ab\u00a0\u00e9lectro-sensibles\u00a0\u00bb comme des cas isol\u00e9s, et leurs plaintes comme psychosomatiques. Ils ont pr\u00e9f\u00e9r\u00e9 accepter la fulgurante escalade qui s&rsquo;en est suivi, non seulement des \u00e9metteurs priv\u00e9s, mais cette fois aussi d&rsquo;antennes publiques de wifi, wimax et umts (la nouvelle g\u00e9n\u00e9ration de Gsm dont l&rsquo;\u00e9cran peut afficher internet ou la T\u00e9l\u00e9vision). Tous \u00e9mettent des micro-ondes de 2 gigahertz et plus, comparables \u00e0 celles utilis\u00e9es dans les fours. Les nouvelles antennes-relais ont \u00e9t\u00e9 et continuent d&rsquo;\u00eatre ajout\u00e9es \u00e0 celles de l&rsquo;ancien r\u00e9seau Gsm, dont se plaignent pourtant les riverains d&rsquo;antennes depuis longtemps, parfois plus de 15 ans.<\/p>\n<p style=\"text-align: justify;\"><strong>Des micro-ondes pour \u00e9viter les fils<\/strong><\/p>\n<p style=\"text-align: justify;\">Umts, Wifi, Wimax, Mimo, Icity, Dect, Blue Tooth, alarmes sans fil &#8230; Toutes ces technologies ont un point commun: elles utilisent l&rsquo;air au lieu de c\u00e2bles, pour la transmission de signaux \u00e9lectriques digitaux. Ces signaux \u00e9lectriques sont m\u00e9lang\u00e9s \u00e0 un autre signal \u00e9lectrique de tr\u00e8s haute fr\u00e9quence, 2 GHz (gigahertz) ou plus, appel\u00e9 porteuse. Le r\u00e9sultat est un signal modul\u00e9, un peu comme du morse, qui, une fois envoy\u00e9 \u00e0 une antenne d&rsquo;\u00e9mission, entra\u00eene spontan\u00e9ment un rayonnement de micro-ondes au d\u00e9part de l&rsquo;antenne. Ces micro-ondes propagent et \u00e9parpillent dans l&rsquo;air l&rsquo;\u00e9nergie du signal \u00e9lectrique, sous forme de paquets \u00e9l\u00e9mentaires d&rsquo;\u00e9nergie que nous appellerons \u00ab photons \u00bb. Au plus loin de l&rsquo;antenne que l\u2019on se trouve, au plus les \u00ab photons \u00bb sont \u00e9parpill\u00e9s, donc moins les \u00eatres vivants n&rsquo;en re\u00e7oivent sur eux, et aussi moins les antennes des r\u00e9cepteurs (gsm3G, 4G, pc portable, t\u00e9l\u00e9phone portable, modem&#8230;) n&rsquo;en captent. Le nombre de ces particules charg\u00e9es \u00e9lectriquement, que nous appelons d\u00e9sormais injustement \u00ab photons \u00bb, diminue, mais l&rsquo;\u00e9nergie de chaque \u00ab photon \u00bb reste la m\u00eame \u00e0 1 centim\u00e8tre ou \u00e0 10 kilom\u00e8tres de l&rsquo;antenne.<\/p>\n<p style=\"text-align: justify;\">A partir d&rsquo;une certaine distance de l&rsquo;\u00e9metteur, on d\u00e9passe le champ d&rsquo;action ou \u00ab\u00a0port\u00e9e\u00a0\u00bb : la quantit\u00e9 de \u00ab photons\u00bb devient insuffisante pour qu&rsquo;un r\u00e9cepteur puisse d\u00e9coder le signal \u00ab\u00a0morse\u00a0\u00bb. Mais les \u00eatres vivants, plus volumineux, restent bombard\u00e9s de \u00ab photons \u00bb bien plus loin que la port\u00e9e d&rsquo;\u00e9metteur. M\u00eame \u00e0 une distance o\u00f9 un mesureur de champ ne d\u00e9tecterait plus rien. Pour rappel, chacun de ces \u00ab photons \u00bb ne devient pas moins \u00e9nerg\u00e9tique ou dangereux lorsqu&rsquo;il est plus loin de l&rsquo;\u00e9metteur.<\/p>\n<p style=\"text-align: justify;\">C&rsquo;est seulement le nombre de \u00ab photons \u00bb qui diminue, vu la dispersion.<\/p>\n<p style=\"text-align: justify;\">Par contre, l&rsquo;\u00e9nergie des \u00ab photons \u00bb d\u00e9pend de la fr\u00e9quence de la porteuse, et de rien d&rsquo;autre d&rsquo;ailleurs : disons que sous 1 GHz, on a de \u00ab\u00a0petits\u00a0\u00bb \u00ab photons \u00bb, et \u00e0 partir de 1 GHz, de \u00ab\u00a0gros\u00a0\u00bb \u00ab photons \u00bb.<\/p>\n<p style=\"text-align: justify;\">A 2 GHz, les \u00ab photons \u00bb sont deux fois plus gros qu&rsquo;\u00e0 1 GHz, et ainsi de suite.<\/p>\n<p style=\"text-align: justify;\"><strong>Une pluie incessante de photons<\/strong><\/p>\n<p style=\"text-align: justify;\">Les \u00e9metteurs utilis\u00e9s pour la radio et la t\u00e9l\u00e9vision utilisent des porteuses de fr\u00e9quence plus \u00ab\u00a0petites\u00a0\u00bb (quelques centaines de kilohertz \u00e0 quelques centaines de m\u00e9gahertz tout de m\u00eame), et donc des \u00ab photons \u00bb d&rsquo;\u00e9nergie plus petite, que les nouvelles technologies. Bien que pr\u00e9sents en tr\u00e8s grand nombre, car issus d&rsquo;\u00e9metteurs tr\u00e8s puissants, ces \u00ab\u00a0petits\u00a0\u00bb \u00ab photons \u00bb semblent inoffensifs. En effet, les gens vivent en moyenne plus longtemps qu&rsquo;au 19\u00e8me si\u00e8cle, or les \u00e9missions radio ininterrompues ont commenc\u00e9 en 1907 avec l\u2019invention de la radio.<\/p>\n<p style=\"text-align: justify;\">Pour autant que l&rsquo;on ne change pas le type de modulation utilis\u00e9e pour ces transmissions \u00ab\u00a0basse\u00a0\u00bb fr\u00e9quence, il n&rsquo;y aurait donc pas lieu de s&rsquo;en inqui\u00e9ter (h\u00e9las il est pr\u00e9vu de changer cela aussi).<\/p>\n<p style=\"text-align: justify;\">Pourquoi de plus gros \u00ab photons \u00bb seraient-ils dangereux ? La r\u00e9ponse est peut-\u00eatre donn\u00e9e par la spectrophotom\u00e9trie. Elle montre qu&rsquo;un seul gros \u00ab photon \u00bb issu d&rsquo;un \u00e9metteur d&rsquo;ondes giga hertziennes suffit \u00e0 modifier l&rsquo;\u00e9tat d&rsquo;un atome de potassium, pr\u00e9sent dans nos cellules, et fondamental pour notre physiologie, alors qu&rsquo;une grande quantit\u00e9 de petits \u00ab photons \u00bb issus d&rsquo;un \u00e9metteur d&rsquo;ondes m\u00e9ga hertziennes n&rsquo;y parvient pas.<\/p>\n<p style=\"text-align: justify;\">D&rsquo;autres \u00e9l\u00e9ments que le potassium sont dans le cas, et au plus on monte en fr\u00e9quence, au plus d&rsquo;\u00e9l\u00e9ments changent d&rsquo;\u00e9tat.<\/p>\n<p style=\"text-align: justify;\">Oui mais pour la lumi\u00e8re alors, les \u00ab photons \u00bb sont encore bien plus gros ? Exact, seulement les \u00ab photons \u00bb de lumi\u00e8re sont arr\u00eat\u00e9s par la peau, alors que ceux de micro-ondes p\u00e9n\u00e8trent sous la peau. Car les ondes, et donc les \u00ab photons \u00bb qu&rsquo;elles transportent, ont la propri\u00e9t\u00e9 de p\u00e9n\u00e9trer notre organisme d&rsquo;autant moins profond\u00e9ment que leur fr\u00e9quence est grande, ou dit autrement, que leur longueur d&rsquo;onde est petite. L\u00e0 o\u00f9 les \u00ab photons \u00bb s&rsquo;arr\u00eatent, leur \u00e9nergie continue sous une autre forme : thermique, \u00e9lectrique&#8230;<\/p>\n<p style=\"text-align: justify;\">Notre peau est certainement con\u00e7ue pour arr\u00eater les \u00ab photons de lumi\u00e8re \u00bb, et g\u00e9rer la transformation de leur \u00e9nergie: la lumi\u00e8re existait bien avant nous, et pourtant nous sommes l\u00e0. M\u00eame si la capacit\u00e9 de la peau \u00e0 effectuer cette t\u00e2che varie d&rsquo;un individu \u00e0 l&rsquo;autre, on peut se prot\u00e9ger du soleil, l&rsquo;OMS le recommande d&rsquo;ailleurs, il faut \u00e9teindre la lumi\u00e8re avant de se mettre au lit.<\/p>\n<p style=\"text-align: justify;\">Contrairement \u00e0 la lumi\u00e8re :<\/p>\n<p style=\"text-align: justify;\">1) le bombardement de gros \u00ab photons \u00bb de micro-ondes est un ph\u00e9nom\u00e8ne nouveau, du moins \u00e0 grande \u00e9chelle, sur toute la population : pour certains, c&rsquo;est depuis 20 ans, pour d&rsquo;autres, depuis quelques ann\u00e9es.<\/p>\n<p style=\"text-align: justify;\">2) Il a lieu 24 heures sur 24, m\u00eame au lit.<\/p>\n<p style=\"text-align: justify;\">3) Il n&rsquo;est h\u00e9las pas d\u00e9conseill\u00e9 par l&rsquo;OMS.<\/p>\n<p style=\"text-align: justify;\">4) Il est tr\u00e8s difficile, voire impossible d&rsquo;y \u00e9chapper.<\/p>\n<p style=\"text-align: justify;\">5) Une grande partie de ces \u00ab photons \u00bb traverse la peau, atteignant des organes probablement non con\u00e7us pour y r\u00e9sister, on en reparlera plus loin.<\/p>\n<p style=\"text-align: justify;\"><strong>Multiplication des antennes-relais<\/strong><\/p>\n<p style=\"text-align: justify;\">Dans le cas des appareils priv\u00e9s, un r\u00e9cepteur ne peut fonctionner qu&rsquo;\u00e0 l&rsquo;int\u00e9rieur du p\u00e9rim\u00e8tre de port\u00e9e. Mais dans le cas des \u00e9metteurs publics, comme les op\u00e9rateurs ont une mission, n&rsquo;est-ce pas ? Celle de couvrir tout le territoire, afin de pouvoir capter partout, sans c\u00e2ble Internet ou la T\u00e9l\u00e9vision \u00ab\u00a0haut d\u00e9bit\u00a0\u00bb (il faut mentionner cette pr\u00e9cision car capter la TV n&rsquo;importe o\u00f9 est d\u00e9j\u00e0 possible depuis des d\u00e9cennies), pour cela ils ont d\u00fb recourir \u00e0 3 solutions :<\/p>\n<p style=\"text-align: justify;\">-Augmenter la puissance des \u00e9metteurs, ce qui allonge la port\u00e9e<\/p>\n<p style=\"text-align: justify;\">-Recourir \u00e0 des antennes directionnelles, ce qui allonge \u00e9galement la port\u00e9e (mais elles nous visent comme des canons)<\/p>\n<p style=\"text-align: justify;\">-Quadriller tout le territoire avec de nombreux sites d&rsquo;antennes-relais qui \u00e9mettent le m\u00eame signal au del\u00e0 de la port\u00e9e, autrement dit qui bombardent de \u00ab photons \u00bb les endroits o\u00f9 il n&rsquo;y en avait pas assez.<\/p>\n<p style=\"text-align: justify;\">Malheureusement cette pluie ininterrompue et omnipr\u00e9sente de micro-ondes et de \u00ab photons \u00bb de micro-ondes, semble insupportable pour un certain nombre d&rsquo;\u00eatres vivants. Pas seulement pour les personnes qui se consid\u00e8rent elles-m\u00eames comme \u00ab\u00a0\u00e9lectro-sensibles\u00a0\u00bb, rares selon nos autorit\u00e9s, quoiqu&rsquo;il n&rsquo;existe aucun recensement \u00e0 ce sujet ! Mais combien d&rsquo;autres ont-ils perdu leur sant\u00e9 \u00e0 cause des micro-ondes, sans s&rsquo;en douter ? L&rsquo;incompr\u00e9hensible attitude de rejet par la plupart des m\u00e9decins n&rsquo;aidant \u00e9videmment pas&#8230;<\/p>\n<p style=\"text-align: justify;\">Est-il si insens\u00e9 de faire un parall\u00e9lisme entre le fulgurant d\u00e9ploiement d&rsquo;\u00e9metteurs et antennes-relais de ces derni\u00e8res ann\u00e9es, et une multiplication de malaises soudains, cancers, crises cardiaques, ruptures d&rsquo;an\u00e9vrisme, maladies de peau, de gorge, des yeux, des nerfs, du dos, acouph\u00e8nes, fatigue chronique, allergies, asthme, d\u00e9pressions, accidents de la route et autres traumatismes&#8230; Mais aussi une \u00e9trange explosion d&rsquo;agressivit\u00e9 et de violence gratuite, \u00e0 propos desquelles nos politiciens crient au scandale, sans pouvoir donner d&rsquo;explication plausible.<\/p>\n<p style=\"text-align: justify;\">Il vaudrait mieux le prendre au s\u00e9rieux, ce parall\u00e9lisme, car si la puissance des irradiations fait sourire certains, il y a une autre donn\u00e9e que nos responsables politiques ont eu tort de n\u00e9gliger: l&rsquo;accumulation d&rsquo;\u00e9nergie absorb\u00e9e par notre organisme. La relation entre les deux ? La dur\u00e9e d&rsquo;exposition, qui elle ne fait qu&rsquo;augmenter : \u00e9nergie = puissance x temps.<\/p>\n<p style=\"text-align: justify;\">Voyez ce qu&rsquo;il advient des aliments dans un four \u00e0 micro-ondes apr\u00e8s 3 minutes. Si la puissance des nouvelles technologies sans fil est plus faible qu&rsquo;\u00e0 l&rsquo;int\u00e9rieur d&rsquo;un four, la dur\u00e9e d&rsquo;exposition, elle, est infiniment plus importante, donc aussi l&rsquo;\u00e9nergie absorb\u00e9e par notre organisme, \u00e0 laquelle celui-ci doit faire face en permanence pour ne pas cuire. Malheureusement cette autod\u00e9fense est \u00e9puisante. Ce sont d&rsquo;abord de petits picotements, puis des \u00e9tats de fatigue, acc\u00e9l\u00e9rations cardiaques, malaises, \u00e9chauffements, auxquels beaucoup ne pr\u00eatent plus attention, mais les \u00ab photons \u00bb de micro-ondes continuent discr\u00e8tement leur oeuvre de destruction, jusqu&rsquo;aux complications ou malaise final. Des premiers cas de mort subite et incompr\u00e9hensible ont eu lieu ces derniers mois. Il faut h\u00e9las en pr\u00e9voir une acc\u00e9l\u00e9ration soudaine.<\/p>\n<p style=\"text-align: justify;\"><strong>Chaleur insupportable et micro-ondes<\/strong><\/p>\n<p style=\"text-align: justify;\">Avez-vous d\u00e9j\u00e0 ressenti que le soleil \u00ab\u00a0tape\u00a0\u00bb plus fort qu&rsquo;avant ? Ces nouvelles antennes d&rsquo;umts, wifi, wimax, qui poussent partout, sur les toits, sur de vilains pyl\u00f4nes ou camoufl\u00e9es dans les postes de transformation \u00e9l\u00e9ctrique sous le vocable de \u00ab concentrateurs \u00bb, et ces millions de t\u00e9l\u00e9phones sans fil, alarmes sans fil, internet sans fil, Blue Tooth introduits innocemment chez soi &#8230; pourraient-ils contribuer \u00e0 rendre la chaleur estivale insupportable ? Vous pouvez vous en rendre compte par vous-m\u00eame, en tentant l&rsquo;exp\u00e9rience suivante :<\/p>\n<p style=\"text-align: justify;\">1) D\u00e9branchez du r\u00e9seau \u00e9lectrique vos \u00e9metteurs priv\u00e9s (T\u00e9l\u00e9phones, Box, Wifi, Blue Tooth, ect..) et surtout enlevez les piles, m\u00eame si vous pensez qu&rsquo;ils ne sont pas en cours d&rsquo;utilisation<\/p>\n<p style=\"text-align: justify;\">2) Couvrez les chassis de vos fen\u00eatres de moustiquaire en aluminium, c\u00f4t\u00e9 ext\u00e9rieur si possible<\/p>\n<p style=\"text-align: justify;\">3) Couvrez vos murs et plafonds de feuilles d&rsquo;aluminium, \u00e9lectriquement reli\u00e9es entre elles et \u00e0 la terre.<\/p>\n<p style=\"text-align: justify;\">A chacune des \u00e9tapes, si vous constatez un agr\u00e9able soulagement, vous saurez que votre inconfort \u00e9tait d\u00fb &#8230;aux micro-ondes !<\/p>\n<p style=\"text-align: justify;\">Explication. Il y a beaucoup de chance pour que vos t\u00e9l\u00e9phones sans fil en \u00e9mettent en permanence, m\u00eame lorsque vous n&rsquo;\u00eates pas en conversation, m\u00eame lorsqu&rsquo;ils sont repos\u00e9s sur leur socle. Les mailles des moustiquaires laissent entrer le soleil, mais att\u00e9nuent fortement les micro-ondes t\u00e9l\u00e9com en provenance des voisins et des antennes publiques. En couvrant aussi les murs, vous arr\u00eaterez les micro-ondes qui passent au travers, et retrouverez le climat agr\u00e9able des \u00e9t\u00e9s pr\u00e9c\u00e9dents, sans recours aux climatiseurs. Je vous parle d&rsquo;exp\u00e9rience. Ces travaux vous seront b\u00e9n\u00e9fiques aussi aux autres saisons. Et non seulement vous vous sentirez mieux, vous dormirez mieux aussi, d&rsquo;un sommeil r\u00e9parateur stoppant la fatigue chronique.<\/p>\n<p style=\"text-align: justify;\"><strong>Destruction du comportement social, violence gratuite et meurtri\u00e8re<\/strong><\/p>\n<p style=\"text-align: justify;\">Il faut tout de m\u00eame admettre que des nouveaux acc\u00e8s de violence nous tombent dessus en m\u00eame temps que la multiplication d&rsquo;\u00e9metteurs et antennes de micro-ondes \u00e0 2 gigahertz ou plus. Pur hasard ? Des exp\u00e9riences ont montr\u00e9 que notre taux de s\u00e9rotonine diminue sous une irradiation de micro-ondes, avec comme cons\u00e9quence, selon les pr\u00e9dispositions de chacun : mal-\u00eatre, d\u00e9pression, suicide, agressivit\u00e9 ou violence. A mon humble avis, en g\u00e9n\u00e9ral, ce serait plut\u00f4t la violence pour les jeunes, souffrance et suicide chez les plus de 40 ans.<\/p>\n<p style=\"text-align: justify;\">De plus en plus d&rsquo;individus se laissent emporter par une violence spontan\u00e9e, allant parfois jusqu&rsquo;\u00e0 commettre des actes barbares que ni un \u00e9l\u00e9mentaire calcul d&rsquo;enjeu, ni le moindre sentiment de justice \u00ab\u00a0cette personne ne m&rsquo;a rien fait\u00a0\u00bb ou de peur \u00ab\u00a0si on me prend je serai condamn\u00e9\u00a0\u00bb ne viennent inhiber. Or, pour beaucoup de scientifiques, un tel comportement agressif serait inn\u00e9, chez tous les \u00eatres humains, le comportement social ne se d\u00e9veloppant qu&rsquo;ensuite, avec l&rsquo;\u00e9ducation.<\/p>\n<p style=\"text-align: justify;\"><strong>A consulter <\/strong><\/p>\n<p style=\"text-align: justify;\"><a href=\"http:\/\/www.sciencepresse.qc.ca\/jdm\/jdm93.html\">http:\/\/www.sciencepresse.qc.ca\/jdm\/jdm93.html<\/a><\/p>\n<p style=\"text-align: justify;\"><a href=\"http:\/\/www.arte-tv.com\/fr\/histoire-societe\/archives\/colere\/827176,CmC=838720.html\">http:\/\/www.arte-tv.com\/fr\/histoire-societe\/arch<\/a><\/p>\n<p style=\"text-align: justify;\">En d\u00e9truisant nos facult\u00e9s mentales, les micro-ondes pourraient faire oublier cet apprentissage, et agir comme \u00ab\u00a0catalyseur\u00a0\u00bb en quelque sorte, sur des individus pr\u00e9dispos\u00e9s (ados \u00e9duqu\u00e9s dans un environnement raciste, anciens pervers consid\u00e9r\u00e9s comme gu\u00e9ris,&#8230;). Tout comme la prise de drogue ou d&rsquo;alcool. Pire m\u00eame, car il s&rsquo;agit ici de \u00ab\u00a0prise en continu\u00a0\u00bb !<\/p>\n<p style=\"text-align: justify;\">Notons que les champs \u00e9lectromagn\u00e9tiques \u00e9taient d\u00e9j\u00e0 connus des tortionnaires au XX\u00e8me si\u00e8cle, ils ont \u00e9t\u00e9 utilis\u00e9s pour faire parler ou faire souffrir. Aujourd&rsquo;hui le Ministre de la Sant\u00e9 a pris la place des dictateurs pour autoriser cette arme avec encore plus de m\u00e9chancet\u00e9, puisque de mani\u00e8re permanente, sur toute la population, qui ne lui a rien fait et dont il a la sant\u00e9 sous sa responsabilit\u00e9 !<\/p>\n<p style=\"text-align: justify;\">Si l&rsquo;intensit\u00e9 est plus faible, elle est loin d&rsquo;\u00eatre n\u00e9gligeable, car l&rsquo;organisme humain est beaucoup plus sensible qu&rsquo;on ne le croit, cela s&rsquo;est v\u00e9rifi\u00e9 avec les potions au radium, les rayons X, le tabagisme passif, l&rsquo;amiante, certains vaccins, &#8230; A ces intensit\u00e9s faibles, le drame n&rsquo;apparaissait pas tout de suite, mais avec le temps &#8230;<\/p>\n<p style=\"text-align: justify;\"><strong>Insouciance du Minist\u00e8re de la Sant\u00e9<\/strong><\/p>\n<p style=\"text-align: justify;\">\u2026<\/p>\n<p style=\"text-align: justify;\"><strong>Pour lire l\u2019article complet\u00a0:<\/strong><\/p>\n<p style=\"text-align: justify;\"><a href=\"https:\/\/collectif-accad.fr\/site\/wp-content\/uploads\/2021\/02\/Etude-sur-lelectrosensibilite.pdf\">Etude sur l\u2019\u00e9lectrosensibilit\u00e9<\/a><\/p>\n<p style=\"text-align: justify;\"><strong>\u00a0<\/strong><\/p>\n","protected":false},"excerpt":{"rendered":"<p>Une \u00e9tude de JPC<\/p>\n","protected":false},"author":4,"featured_media":0,"comment_status":"closed","ping_status":"open","sticky":false,"template":"","format":"standard","meta":{"footnotes":""},"categories":[1],"tags":[],"class_list":["post-7055","post","type-post","status-publish","format-standard","hentry","category-non-classe"],"_links":{"self":[{"href":"https:\/\/collectif-accad.fr\/site\/wp-json\/wp\/v2\/posts\/7055","targetHints":{"allow":["GET"]}}],"collection":[{"href":"https:\/\/collectif-accad.fr\/site\/wp-json\/wp\/v2\/posts"}],"about":[{"href":"https:\/\/collectif-accad.fr\/site\/wp-json\/wp\/v2\/types\/post"}],"author":[{"embeddable":true,"href":"https:\/\/collectif-accad.fr\/site\/wp-json\/wp\/v2\/users\/4"}],"replies":[{"embeddable":true,"href":"https:\/\/collectif-accad.fr\/site\/wp-json\/wp\/v2\/comments?post=7055"}],"version-history":[{"count":2,"href":"https:\/\/collectif-accad.fr\/site\/wp-json\/wp\/v2\/posts\/7055\/revisions"}],"predecessor-version":[{"id":7058,"href":"https:\/\/collectif-accad.fr\/site\/wp-json\/wp\/v2\/posts\/7055\/revisions\/7058"}],"wp:attachment":[{"href":"https:\/\/collectif-accad.fr\/site\/wp-json\/wp\/v2\/media?parent=7055"}],"wp:term":[{"taxonomy":"category","embeddable":true,"href":"https:\/\/collectif-accad.fr\/site\/wp-json\/wp\/v2\/categories?post=7055"},{"taxonomy":"post_tag","embeddable":true,"href":"https:\/\/collectif-accad.fr\/site\/wp-json\/wp\/v2\/tags?post=7055"}],"curies":[{"name":"wp","href":"https:\/\/api.w.org\/{rel}","templated":true}]}}