{"id":7045,"date":"2021-02-22T02:38:00","date_gmt":"2021-02-22T01:38:00","guid":{"rendered":"https:\/\/collectif-accad.fr\/site\/?p=7045"},"modified":"2021-04-05T06:31:56","modified_gmt":"2021-04-05T04:31:56","slug":"infos-5g-du-22-fevrier-2021","status":"publish","type":"post","link":"https:\/\/collectif-accad.fr\/site\/infos-5g-du-22-fevrier-2021\/","title":{"rendered":"Infos 5G du 22 f\u00e9vrier 2021"},"content":{"rendered":"<p><img loading=\"lazy\" decoding=\"async\" class=\"wp-image-7049 aligncenter\" src=\"https:\/\/collectif-accad.fr\/site\/wp-content\/uploads\/2021\/02\/RevueDessinee_Linky-03.jpg\" alt=\"\" width=\"693\" height=\"529\" srcset=\"https:\/\/collectif-accad.fr\/site\/wp-content\/uploads\/2021\/02\/RevueDessinee_Linky-03.jpg 786w, https:\/\/collectif-accad.fr\/site\/wp-content\/uploads\/2021\/02\/RevueDessinee_Linky-03-300x229.jpg 300w, https:\/\/collectif-accad.fr\/site\/wp-content\/uploads\/2021\/02\/RevueDessinee_Linky-03-768x586.jpg 768w\" sizes=\"auto, (max-width: 693px) 100vw, 693px\" \/><\/p>\n<h2 style=\"text-align: justify;\"><strong>Au sommaire\u00a0<\/strong><\/h2>\n<p style=\"text-align: justify;\"><strong>Micros-rebelles ; La 5G en Belgique ; des oppositions \u00e0 Sam\u00e9on, Pl\u00e9rin, en Vend\u00e9e, \u00e0 Hy\u00e8res, en Haute-Garonne ; Strasbourg, Lyon, Paris, Bordeaux laissent faire ; chaine stop-Linky et 5G ; initiative europ\u00e9enne ; des poneys en guerre ; satellites radieux \u2026<\/strong><\/p>\n<p style=\"text-align: center;\"><!--more--><\/p>\n<p style=\"text-align: center;\"><strong>Micros Rebelles le 19 f\u00e9vrier<\/strong><\/p>\n<p style=\"text-align: justify;\">Cette web radio a mentionn\u00e9 le collectif\u00a0 ACCAD dans son \u00e9mission hebdo qui a lieu tous les vendredis \u00e0 partir de 18 h (environ une heure d\u2019\u00e9coute)<\/p>\n<p style=\"text-align: justify;\"><a href=\"https:\/\/www.micros-rebelles.fr\/site\/emissions\/20\/micros-rebelles-hebdo\/\">https:\/\/www.micros-rebelles.fr\/site\/emissions\/20\/mi<\/a><\/p>\n<p style=\"text-align: justify;\">Le communiqu\u00e9 de 5 minutes \u00a0\u00e0 partir de 4\u201930\u2019\u2019\u00a0; mais il faut \u00e9couter toute l\u2019\u00e9mission.<\/p>\n<p style=\"text-align: center;\">************\u00a0\u00a0\u00a0\u00a0\u00a0\u00a0 ***********<\/p>\n<p style=\"text-align: justify;\"><strong>Sam\u00e9on \u2013entre Orchies et Saint-Amand- contre \u00ab\u00a0l&rsquo;antenne Free\u00a0\u00bb de TDF<\/strong><\/p>\n<p style=\"text-align: justify;\">Le juge des r\u00e9f\u00e9r\u00e9s a tranch\u00e9 le\u00a0<strong>24 janvier<\/strong>\u00a0en rejetant la requ\u00eate de TDF et en le condamnant \u00e0 verser\u00a0<strong>1500 euros \u00e0 la commune de Sam\u00e9on.<\/strong><\/p>\n<p style=\"text-align: justify;\">(&#8230;)<\/p>\n<p style=\"text-align: justify;\">\u00ab\u00a0<strong><em>C\u2019est la premi\u00e8re fois\u00a0<\/em><\/strong><em>\u00e0 ma connaissance\u00a0<strong>que le juge retient le crit\u00e8re paysager<\/strong>, du moins dans la r\u00e9gion<\/em>\u00a0\u00bb\u00a0 confie M<sup>e<\/sup>\u00a0Gros.\u00a0 \u00ab\u00a0<em>On ne juge pas sur le fond, que sur l&rsquo;aspect de l&rsquo;atteinte au paysage<\/em>\u00ab\u00a0<em>\u00a0<\/em>se r\u00e9jouit de son c\u00f4t\u00e9 Thierry Hot, de l&rsquo;APRESam\u00e9on.\u00a0<em>C&rsquo;est le seul argument qui a \u00e9t\u00e9 retenu par le tribunal administratif de Lille.\u00a0<strong>C&rsquo;est fou comme truc !<\/strong><\/em>\u00ab\u00a0<\/p>\n<p style=\"text-align: justify;\">Pour en savoir plus\u00a0:<\/p>\n<p style=\"text-align: justify;\"><a href=\"https:\/\/collectif-accad.fr\/site\/wp-content\/uploads\/2021\/02\/Sameon-contre-lantenne-Free.docx\">Sam\u00e9on contre l&rsquo;antenne Free<\/a><\/p>\n<p style=\"text-align: center;\">************\u00a0\u00a0\u00a0\u00a0\u00a0\u00a0 ***********<\/p>\n<p style=\"text-align: center;\"><strong>Moratoire 5G en Vend\u00e9e<\/strong><\/p>\n<p style=\"text-align: justify;\">Lire la pi\u00e8ce jointe<\/p>\n<p><a href=\"https:\/\/collectif-accad.fr\/site\/wp-content\/uploads\/2021\/02\/Premier-moratoire-5G-en-Vendee.docx\">Premier moratoire 5G en Vend\u00e9e<\/a><\/p>\n<p style=\"text-align: center;\">************\u00a0\u00a0\u00a0\u00a0\u00a0\u00a0 ***********<\/p>\n<p style=\"text-align: center;\"><strong>Pl\u00e9rin<\/strong><\/p>\n<p style=\"text-align: justify;\">Pl\u00e9rin s\u2019oppose \u00e0 la d\u00e9cision d\u2019implantation d\u2019une antenne<\/p>\n<p style=\"text-align: justify;\">il existe au moins une d\u00e9cision d&rsquo;appel en faveur d&rsquo;une commune. Il s&rsquo;agit de la d\u00e9cision de la CAA de Nantes qui valide l&rsquo;arr\u00eat\u00e9 d&rsquo;opposition \u00e0 la demande pr\u00e9alable d&rsquo;Orange pour l&rsquo;implantation d&rsquo;une antenne pris par le Maire de Pl\u00e9rin. Apr\u00e8s avoir gagn\u00e9 en premi\u00e8re instance, la commune s&rsquo;est vu\u00a0 poursuivie en appel par Orange. La Chambre Administrative de Nantes a confirm\u00e9 le jugement de premi\u00e8re instance et \u00e0 d\u00e9bout\u00e9 Orange de sa demande.<br \/>\nJe vous joins la d\u00e9cision de la CAA de Nantes et l&rsquo;arr\u00eat\u00e9 pris par le Maire. Il est int\u00e9ressant de noter que cette d\u00e9cision repose sur les r\u00e8gles d&rsquo;urbanismes du PLU et qui plus est sur une disposition assez secondaire. Mais cela prouve qu&rsquo;il existe tout de m\u00eame des moyens de droit de faire capoter un projet, il suffit de bien chercher et de ne rien n\u00e9gliger m\u00eame ce qui pourrait sembler \u00eatre un d\u00e9tail.<\/p>\n<p style=\"text-align: justify;\"><strong>Voil\u00e0 les deux documents\u00a0:<\/strong><\/p>\n<p style=\"text-align: justify;\"><a href=\"https:\/\/collectif-accad.fr\/site\/wp-content\/uploads\/2021\/02\/Plerin_arrete-opposition-DP-ORANGE-rue-Lequier.pdf\">Pl\u00e9rin_arrete opposition DP ORANGE rue Lequier<\/a><\/p>\n<p style=\"text-align: justify;\"><a href=\"https:\/\/collectif-accad.fr\/site\/wp-content\/uploads\/2021\/02\/Plerin_CAA-de-NANTES-5eme-chambre-07-02-2020-19NT00771.pdf\">Pl\u00e9rin_CAA de NANTES 5\u00e8me chambre 07 02 2020 19NT00771<\/a><\/p>\n<p style=\"text-align: center;\">************\u00a0\u00a0\u00a0\u00a0\u00a0\u00a0 ***********<\/p>\n<p style=\"text-align: center;\"><strong>La 5G\u00a0\u00e0 Hy\u00e8res\u00a0; bient\u00f4t la 6\u00a0!<\/strong><\/p>\n<p style=\"text-align: justify;\">Cela se passe \u00e0 Hy\u00e8res. Le message qui suit a \u00e9t\u00e9 envoy\u00e9 par une habitante de la commune<\/p>\n<p style=\"text-align: justify;\"><em>On se bat contre la 5G\u00a0; mais on voudrait la 6\u00a0!<\/em><\/p>\n<p style=\"text-align: justify;\"><em>Regardez la vid\u00e9o avant de lire la suite\u00a0:<\/em><\/p>\n<p style=\"text-align: justify;\"><a href=\"https:\/\/youtu.be\/VPaRY8maM6E\"><em>https:\/\/youtu.be\/VPaRY8maM6E<\/em><\/a><\/p>\n<p style=\"text-align: justify;\"><em>Nous esp\u00e9rons bien pouvoir b\u00e2tir cette antenne qui ressemble un peu \u00e0 un phallus de 20m de hauteur, il faut bien l&rsquo;avouer et f\u00eater cet \u00e9v\u00e9nement autour d&rsquo;un barbecue \u00e0 l&rsquo;ombre de cette antenne.<\/em><\/p>\n<p style=\"text-align: justify;\"><em>Si toutefois le projet ne voyait pas le jour, les investisseurs seraient rembours\u00e9s int\u00e9gralement.<\/em><\/p>\n<p style=\"text-align: justify;\"><em>Voil\u00e0, notre projet un peu fou et d\u00e9mesur\u00e9 en r\u00e9ponse \u00e0 ces antennes qui poussent comme des champignons !!!!!!!!<\/em><\/p>\n<p style=\"text-align: justify;\"><a href=\"http:\/\/fr.ulule.com\/une-antenne-6g\/\"><em>http:\/\/fr.ulule.com\/une-antenne-6g\/<\/em><\/a><\/p>\n<p style=\"text-align: center;\">************\u00a0\u00a0\u00a0\u00a0\u00a0\u00a0 ***********<\/p>\n<p style=\"text-align: justify;\"><strong>Haute-Garonne : des habitants se mobilisent contre l&rsquo;installation d&rsquo;une antenne relais 5G <\/strong><\/p>\n<p><a href=\"https:\/\/france3-regions.francetvinfo.fr\/occitanie\/haute-garonne\/toulouse\/haute-garonne-des-habitants-se-mobilisent-contre-l-installation-d-une-antenne-relais-5g-1965631.html\">https:\/\/france3-regions.francetvinfo.fr\/occita<\/a><\/p>\n<p style=\"text-align: center;\">************\u00a0\u00a0\u00a0\u00a0\u00a0\u00a0 ***********<\/p>\n<p style=\"text-align: center;\"><strong>La cha\u00eene stop-linky et 5G<\/strong><\/p>\n<p style=\"text-align: justify;\"><a href=\"https:\/\/www.youtube.com\/channel\/UCTdB-BX0oG4roxEqkby9qtQ\">https:\/\/www.youtube.com\/channel\/UCTdB-BX<\/a><\/p>\n<p style=\"text-align: center;\">************\u00a0\u00a0\u00a0\u00a0\u00a0\u00a0 ***********<\/p>\n<p style=\"text-align: center;\"><strong>Des opposants \u00e0 la 5G en Belgique<\/strong><\/p>\n<p style=\"text-align: justify;\">Le d\u00e9ploiement de la 5G : une exp\u00e9rimentation mondiale sans pr\u00e9c\u00e9dent qui menace l\u2019humanit\u00e9, la biodiversit\u00e9 et les \u00e9quilibres plan\u00e9taires.<\/p>\n<p style=\"text-align: justify;\">Lire le document joint\u00a0:<\/p>\n<p style=\"text-align: justify;\"><a href=\"https:\/\/collectif-accad.fr\/site\/wp-content\/uploads\/2021\/02\/5G-en-Belgique.docx\">5G en Belgique<\/a><\/p>\n<p style=\"text-align: center;\">************\u00a0\u00a0\u00a0\u00a0\u00a0\u00a0 ***********<\/p>\n<p style=\"text-align: justify;\"><strong>5G \u00e0 Paris : accord mairie-op\u00e9rateurs pour un d\u00e9ploiement \u00ab\u00a0dans les prochaines semaines\u00a0\u00bb<\/strong><br \/>\n<a href=\"https:\/\/www.ouest-france.fr\">https:\/\/www.ouest-france.fr<\/a><br \/>\nQuand il est question d&rsquo;une \u00ab\u00a0nouvelle charte de la t\u00e9l\u00e9phonie mobile\u00a0\u00bb\u00a0!<br \/>\nQuand <strong>\u00ab\u00a0Les op\u00e9rateurs montrent, une fois de plus, leur volont\u00e9 et leur capacit\u00e9 \u00e0 dialoguer avec les \u00e9lus locaux de mani\u00e8re constructive, et au b\u00e9n\u00e9fice de tous\u00a0\u00bb\u00a0<\/strong>!<\/p>\n<p style=\"text-align: justify;\">Quand \u00ab\u00a0Plusieurs villes, au d\u00e9part r\u00e9calcitrantes, ont ainsi fini par laisser les op\u00e9rateurs allumer leurs r\u00e9seaux 5G, \u00e0 l\u2019image de Strasbourg, Lyon ou Bordeaux.\u00a0Bordeaux, dirig\u00e9e par l\u2019\u00e9cologiste Pierre Hurmic, s\u2019est m\u00eame dite <strong>\u00ab\u00a0d\u00e9sol\u00e9e\u00a0\u00bb<\/strong> de l\u2019ouverture de la 5G dans la ville d\u00e9but f\u00e9vrier malgr\u00e9 ses r\u00e9ticences.\u00a0\u00bb\u00a0!<br \/>\nQuand: etc&#8230;\u00a0!!!!<br \/>\nQue de bonnes nouvelles pour passer une bonne journ\u00e9e !<\/p>\n<p style=\"text-align: justify;\"><strong>stoplinkyriezvie.85<\/strong><\/p>\n<p style=\"text-align: justify;\"><strong>Sur ce sujet, un commentaire du <\/strong><strong>collectif Stop Linky 5G Loire<\/strong><\/p>\n<p style=\"text-align: justify;\">Ouais, \u00e7a c&rsquo;est Paris, les \u00e9colos&#8230;<\/p>\n<p style=\"text-align: justify;\">Il est \u00e0 noter qu&rsquo;une \u00ab\u00a0conf\u00e9rence citoyenne m\u00e9tropolitaine\u00a0\u00bb a eu lieu, assez s\u00e9rieuse, ce qui n&rsquo;est pas une garantie.<\/p>\n<p style=\"text-align: justify;\">Le combat continue, dans nos campagnes !<\/p>\n<p style=\"text-align: justify;\">Des liens :<\/p>\n<p style=\"text-align: justify;\">&#8211; com sur le site de la ville<\/p>\n<p style=\"text-align: justify;\"><a href=\"https:\/\/www.paris.fr\/pages\/paris-et-les-operateurs-de-telephonie-mobile-trouvent-un-accord-sur-le-deploiement-de-la-5g-16817\">https:\/\/www.paris.fr\/pages\/paris-et-les-operateurs-de-t<\/a><\/p>\n<p style=\"text-align: justify;\">&#8211; 1e voeu en octobre (pour d\u00e9cider de la conf\u00e9rence)<\/p>\n<p style=\"text-align: justify;\">\u00a0<a href=\"http:\/\/a06.apps.paris.fr\/a06\/jsp\/site\/plugins\/solr\/modules\/ods\/DoDownload.jsp?id_document=154559&amp;items_per_page=20&amp;sort_name=&amp;sort_order=&amp;terms=%20rapport%20de%20la%20Conf%C3%A9rence%20citoyenne%20sur%20la%205G&amp;query=%20rapport%20de%20la%20Conf%C3%A9rence%20citoyenne%20sur%20la%205G\">http:\/\/a06.apps.paris.fr\/a06\/jsp\/site\/plugins\/so<\/a><\/p>\n<p style=\"text-align: justify;\">&#8211; rapport de la conf\u00e9rence<\/p>\n<p style=\"text-align: justify;\"><a href=\"https:\/\/cdn.paris.fr\/paris\/2021\/01\/07\/dfd87246463fda12db3debff6f996997.pdf\">https:\/\/cdn.paris.fr\/paris\/2021\/01\/07\/dfd87<\/a><\/p>\n<p style=\"text-align: justify;\">&#8211; 2e en f\u00e9vrier (pour d\u00e9cider &#8230; du d\u00e9ploiement)<\/p>\n<p style=\"text-align: justify;\"><a href=\"http:\/\/a06.apps.paris.fr\/a06\/jsp\/site\/plugins\/solr\/modules\/ods\/DoDownload.jsp?id_document=155990&amp;items_per_page=20&amp;sort_name=&amp;sort_order=&amp;terms=%20rapport%20de%20la%20Conf%C3%A9rence%20citoyenne%20sur%20la%205G&amp;query=%20rapport%20de%20la%20Conf%C3%A9rence%20citoyenne%20sur%20la%205G\">http:\/\/a06.apps.paris.fr\/a06\/jsp\/site\/plugi<\/a><\/p>\n<p style=\"text-align: justify;\">&#8211; article du Monde (heureux ! Free, tout \u00e7a)<\/p>\n<p style=\"text-align: justify;\"><a href=\"https:\/\/www.lemonde.fr\/pixels\/article\/2021\/02\/19\/la-5g-pourrait-etre-deployee-a-paris-dans-les-prochaines-semaines_6070611_4408996.html\">https:\/\/www.lemonde.fr\/pixels\/article\/2021\/02\/19\/l<\/a><\/p>\n<p style=\"text-align: center;\">************\u00a0\u00a0\u00a0\u00a0\u00a0\u00a0 ***********<\/p>\n<p style=\"text-align: center;\"><strong>Des poneys en guerre contre Orange<\/strong><\/p>\n<p style=\"text-align: justify;\"><a href=\"https:\/\/www.robindestoits.org\/Des-poneys-en-guerre-contre-Orange-15-02-2021_a3035.html?TOKEN_RETURN\">https:\/\/www.robindestoits.org\/Des-poneys-en-guer<\/a><\/p>\n<p style=\"text-align: justify;\">\u00a0<strong>Saint-Sylvestre-Pragoulin : la propri\u00e9taire du Poney Club de Champlong en guerre contre l&rsquo;op\u00e9rateur Orange<\/strong><br \/>\nLa propri\u00e9taire du centre \u00e9questre tente de freiner la construction du pyl\u00f4ne avec plusieurs arguments juridiques. <strong>S&rsquo;installer \u00e0 la campagne pour fuir les nuisances citadines.<\/strong><br \/>\n<strong>Mais le r\u00eave champ\u00eatre ne dure qu&rsquo;un temps.<\/strong> En 2019, Orange sillonne les routes de Saint-Sylvestre-Pragoulin \u00e0 la recherche d&rsquo;un endroit o\u00f9 b\u00e2tir un nouveau pyl\u00f4ne \u00e9lectrique. L&rsquo;objectif\u00a0: respecter son <em>\u00ab\u00a0engagement tr\u00e8s fort \u00e0 couvrir en 4G l\u2019ensemble du territoire, en particulier pour donner acc\u00e8s au tr\u00e8s haut d\u00e9bit \u00e0 une tr\u00e8s grande majorit\u00e9 de fran\u00e7ais\u00a0\u00bb<\/em>, explique Nathalie Dumontet-Coste, attach\u00e9e de presse de l\u2019op\u00e9rateur. La d\u00e9cision est prise\u00a0: le poteau sortira de terre \u00e0 120 m\u00e8tres du Poney Club. \u00a0\u00bb<br \/>\nPour lire la totalit\u00e9 :<br \/>\n<a href=\"https:\/\/www.francebleu.fr\/infos\/faits-divers-justice\/saint-sylvestre-pragoulin-la-proprietaire-du-poney-club-de-chanlon-en-guerre-contre-l-operateur-1613393848\">https:\/\/www.francebleu.fr\/infos\/faits-divers-justice\/saint<\/a><\/p>\n<p style=\"text-align: center;\">************\u00a0\u00a0\u00a0\u00a0\u00a0\u00a0 ***********<\/p>\n<p style=\"text-align: center;\"><strong>EDF et sa base de donn\u00e9es<\/strong><\/p>\n<p style=\"text-align: justify;\">Rions un peu\u00a0!<\/p>\n<p style=\"text-align: justify;\"><a href=\"https:\/\/collectif-accad.fr\/site\/wp-content\/uploads\/2021\/02\/EDF111-11_0.pps\">EDF111-11_0<\/a><\/p>\n<p style=\"text-align: center;\">************\u00a0\u00a0\u00a0\u00a0\u00a0\u00a0 ***********<\/p>\n<p style=\"text-align: center;\"><strong>Signer contre la biom\u00e9trie<\/strong><\/p>\n<p style=\"text-align: justify;\">La Quadrature du Net nous invite \u00e0 signer l&rsquo;Initiative Citoyenne Europ\u00e9enne contre la biom\u00e9trie (vid\u00e9osurveillance automatis\u00e9e, reconnaissance faciale&#8230;).<\/p>\n<p style=\"text-align: justify;\">Lire la pi\u00e8ce jointe\u00a0:<\/p>\n<p><a href=\"https:\/\/collectif-accad.fr\/site\/wp-content\/uploads\/2021\/02\/Initiative-citoyenne-europeenne.docx\">Initiative citoyenne europ\u00e9enne<\/a><\/p>\n<p style=\"text-align: center;\">************\u00a0\u00a0\u00a0\u00a0\u00a0\u00a0 ***********<\/p>\n<p style=\"text-align: center;\"><strong>Les satellites et l\u2019avenir radieux\u00a0!<\/strong><\/p>\n<p style=\"text-align: justify;\">Une \u00e9mission &#8211; de promotion &#8211; sur les satellites, de France Culture. Un avenir radieux nous est promis gr\u00e2ce \u00e0 eux (et gr\u00e2ce \u00e0 Thales, cocorico de rigueur).<\/p>\n<p style=\"text-align: justify;\"><a href=\"https:\/\/www.franceculture.fr\/emissions\/entendez-vous-leco\/entendez-vous-leco-emission-du-mercredi-17-fevrier-2021\">https:\/\/www.franceculture.fr\/emissions\/en<\/a><\/p>\n<p style=\"text-align: justify;\">Pour \u00e9largir le d\u00e9bat, j&rsquo;ai vu passer sur cette liste il y a quelques temps un d\u00e9nigrement en r\u00e8gle de la fibre, parce qu&rsquo;elle sert \u00e0 la liaison avec les antennes. Il faudrait vraiment r\u00e9fl\u00e9chir l\u00e0 dessus : les EHS qui contestent le sans fil (DECT, wifi et bien s\u00fbr les 4, 5, 6G) demandent \u00e0 leurs voisins d&rsquo;utiliser du filaire.<\/p>\n<p style=\"text-align: justify;\">Pour \u00e9viter les satellites et 5G, ne faudra-t-il pas demander la g\u00e9n\u00e9ralisation de la fibre ? En tout cas c&rsquo;est dans ce sens que nous n\u00e9gocions actuellement avec les organisations des autres pays autour de l&rsquo;Initiative Citoyenne Europ\u00e9enne.<\/p>\n<p style=\"text-align: justify;\">Le collectif Stop Linky 5G Loire<\/p>\n","protected":false},"excerpt":{"rendered":"<p>Au sommaire\u00a0 Micros-rebelles ; La 5G en Belgique ; des oppositions \u00e0 Sam\u00e9on, Pl\u00e9rin, en Vend\u00e9e, \u00e0 Hy\u00e8res, en Haute-Garonne ; Strasbourg, Lyon, Paris, Bordeaux laissent faire ; chaine stop-Linky et 5G ; initiative europ\u00e9enne ; des poneys en guerre ; satellites radieux \u2026<\/p>\n","protected":false},"author":4,"featured_media":0,"comment_status":"closed","ping_status":"open","sticky":false,"template":"","format":"standard","meta":{"footnotes":""},"categories":[1],"tags":[],"class_list":["post-7045","post","type-post","status-publish","format-standard","hentry","category-non-classe"],"_links":{"self":[{"href":"https:\/\/collectif-accad.fr\/site\/wp-json\/wp\/v2\/posts\/7045","targetHints":{"allow":["GET"]}}],"collection":[{"href":"https:\/\/collectif-accad.fr\/site\/wp-json\/wp\/v2\/posts"}],"about":[{"href":"https:\/\/collectif-accad.fr\/site\/wp-json\/wp\/v2\/types\/post"}],"author":[{"embeddable":true,"href":"https:\/\/collectif-accad.fr\/site\/wp-json\/wp\/v2\/users\/4"}],"replies":[{"embeddable":true,"href":"https:\/\/collectif-accad.fr\/site\/wp-json\/wp\/v2\/comments?post=7045"}],"version-history":[{"count":6,"href":"https:\/\/collectif-accad.fr\/site\/wp-json\/wp\/v2\/posts\/7045\/revisions"}],"predecessor-version":[{"id":7274,"href":"https:\/\/collectif-accad.fr\/site\/wp-json\/wp\/v2\/posts\/7045\/revisions\/7274"}],"wp:attachment":[{"href":"https:\/\/collectif-accad.fr\/site\/wp-json\/wp\/v2\/media?parent=7045"}],"wp:term":[{"taxonomy":"category","embeddable":true,"href":"https:\/\/collectif-accad.fr\/site\/wp-json\/wp\/v2\/categories?post=7045"},{"taxonomy":"post_tag","embeddable":true,"href":"https:\/\/collectif-accad.fr\/site\/wp-json\/wp\/v2\/tags?post=7045"}],"curies":[{"name":"wp","href":"https:\/\/api.w.org\/{rel}","templated":true}]}}