{"id":7036,"date":"2021-02-23T02:34:25","date_gmt":"2021-02-23T01:34:25","guid":{"rendered":"https:\/\/collectif-accad.fr\/site\/?p=7036"},"modified":"2021-02-19T07:36:22","modified_gmt":"2021-02-19T06:36:22","slug":"les-insectes-disparaissent-a-une-vitesse-affolante","status":"publish","type":"post","link":"https:\/\/collectif-accad.fr\/site\/les-insectes-disparaissent-a-une-vitesse-affolante\/","title":{"rendered":"Les insectes disparaissent \u00e0 une vitesse affolante"},"content":{"rendered":"<h2 style=\"text-align: left;\">La 5G ne fera qu&rsquo;acc\u00e9l\u00e9rer ce d\u00e9clin<\/h2>\n<p><!--more--><\/p>\n<p style=\"text-align: justify;\"><strong>Comment la 5G pourrait radicalement transformer notre monde naturel<\/strong><\/p>\n<p style=\"text-align: justify;\"><em>Les scientifiques ont prouv\u00e9 que le rayonnement des radiofr\u00e9quences (RF) peut \u00eatre absorb\u00e9 par les insectes, \u00e9levant ainsi leur temp\u00e9rature interne, interf\u00e9rant avec leur reproduction ou d\u00e9clenchant d\u2019autres r\u00e9actions. Cela a des impacts consid\u00e9rables sur notre monde naturel alors que les fournisseurs de technologie 5G poursuivent leurs projets de couverture du pays avec de puissantes antennes 4G et 5G.<\/em><\/p>\n<p style=\"text-align: justify;\">Les abeilles sont essentielles \u00e0 l\u2019approvisionnement alimentaire de notre pays. Elles pollinisent nos cultures, augmentent les rendements et am\u00e9liorent la qualit\u00e9 des cultures. En fait, bon nombre des aliments que nous consommons tous les jours n&rsquo;existeraient pas sans le travail de pollinisation des abeilles durant la floraison.<\/p>\n<p style=\"text-align: justify;\">Les scientifiques ont d\u00e9couvert que les insectes comme les abeilles peuvent \u00eatre s\u00e9rieusement affect\u00e9es par les hautes fr\u00e9quences associ\u00e9es \u00e0 la 5G. Ces fr\u00e9quences plus \u00e9lev\u00e9es peuvent faire augmenter la temp\u00e9rature interne de l&rsquo;abeille, entra\u00eenant des changements de comportement et de physiologie, avec des r\u00e9sultats inconnus et impr\u00e9visibles.<\/p>\n<p style=\"text-align: justify;\">M\u00eame les fr\u00e9quences moins \u00e9lev\u00e9es du rayonnement des RF peuvent avoir un impact significatif sur le comportement des abeilles. Des \u00e9tudes ont montr\u00e9 que les signaux provenant de t\u00e9l\u00e9phones portables ordinaires \u00e0 proximit\u00e9 imm\u00e9diate d&rsquo;une ruche peuvent amener les abeilles \u00e0 ressentir une urgence imminente comme si la colonie \u00e9tait attaqu\u00e9e.<\/p>\n<p style=\"text-align: justify;\">Le rayonnement des RF peut perturber la \u00abboussole\u00bb magn\u00e9tique utilis\u00e9e par de nombreux oiseaux et insectes migrateurs, provoquant leur d\u00e9sorientation et \u00e9ventuellement perturbant les trajets migratoires.<\/p>\n<p style=\"text-align: justify;\">Plus de cinquante pour cent des pupes de col\u00e9opt\u00e8res expos\u00e9es au rayonnement des RF n&rsquo;ont pu se d\u00e9velopper normalement par rapport \u00e0 un groupe t\u00e9moin, ce qui entra\u00eene une maturation irr\u00e9guli\u00e8re des parties du corps. Vingt-cinq pour cent des col\u00e9opt\u00e8res expos\u00e9s sont morts.<\/p>\n<p style=\"text-align: justify;\">Le rayonnement des RF est couramment utilis\u00e9 pour tuer les insectes dans le bois et les produits du bois en les exposant \u00e0 certaines fr\u00e9quences \u00e9lev\u00e9es qui r\u00e9sonnent dans leur corps, provoquant un \u00e9chauffement di\u00e9lectrique et la mort.<\/p>\n<p style=\"text-align: justify;\"><em>Les ing\u00e9nieurs en t\u00e9l\u00e9communications savent peut-\u00eatre comment fonctionnent leurs nouvelles technologies, mais ce qu\u2019ils ne savent pas, c\u2019est comment ces nouvelles technologies affecteront notre monde naturel.<\/em><\/p>\n<p style=\"text-align: justify;\"><em>Des \u00e9tudes suppl\u00e9mentaires sont n\u00e9cessaires de toute urgence avant de proc\u00e9der au d\u00e9ploiement \u00e0 grande \u00e9chelle de nouvelles et puissantes antennes 4G et 5G.<\/em><\/p>\n<p style=\"text-align: justify;\">Voir les r\u00e9f\u00e9rences scientifiques \u00e0<\/p>\n<p style=\"text-align: justify;\"><a href=\"https:\/\/l.facebook.com\/l.php?u=https%3A%2F%2Fbit.ly%2F2LXESwp%3Ffbclid%3DIwAR1N0TTJ_UVla2nOfvRTSfXJLcFAIzS48rjaP8qegJLES0_cSzHm9tnZgUw&amp;h=AT3SEUKcmwFHwqaiqsF7WnRMeUyCUGiz1z5z3t1TWVvtIJVya5BFxoGyzLAGqfy5qCfWiAmc482E7D0e4Lsnah5K05fdPla-q7gFY34qLLIzzxQaGyY_5gjVDD7B9-jVNhwSg1JYVCVbnRuR5ZiJ&amp;__tn__=-UK-y-R&amp;c%5b0%5d=AT3aaJBBtLMjPBPUqIBw4eC5L8ZqmhuWkJ9tF7Ts-CNyygla-pN26sxxzJN3xkAKPnGIM2SN3VhW0GbsGRhKJKHu4SGUE8KqfJv8Rfvl_YAjnC9bJsxse8HN4yldPdmRZXiLRdTC0otztlPLQnlvKljxZUZVkcr5J3VmkS7VtpMgCPs5HqCuinQnPE8yMT0CFr26gQIWduu1qK_HzYMrfpcVvRZMFXQ09w89wC4BIHaM0X82528\">https:\/\/bit.ly\/2LXESwp<\/a><\/p>\n<p style=\"text-align: justify;\">d&rsquo;o\u00f9 ceci a \u00e9t\u00e9 tir\u00e9 et traduit.<\/p>\n<p style=\"text-align: justify;\">Voir aussi&#8230;<\/p>\n<p style=\"text-align: justify;\"><strong>D\u00e9clin mondial sans pr\u00e9c\u00e9dent chez les insectes <\/strong><\/p>\n<p style=\"text-align: justify;\"><a href=\"https:\/\/l.facebook.com\/l.php?u=https%3A%2F%2Fwww.lapresse.ca%2Fenvironnement%2Fespeces-menacees%2F201902%2F11%2F01-5214259-declin-mondial-sans-precedent-chez-les-insectes.php%3Ffbclid%3DIwAR3riEAvaoYx7m8jJB2JDoN2SNDASg1Uc8hj6N8xsDqHhNY47-j04VoDcvY&amp;h=AT1vyhEZ4jB0TrFB2mDn1w6lpCQa9JCQsVf9sbX6X8Gg2UvD7K98aFU6PhaMBpoga4ZeGZ5nEPHPhlsQQ_3HIuRvH2FnwQXsIHz9dVnQrmU8o1yIU8sf1WwLKiLpOPpbV3nO2H8nZgrV4iOQjJHa&amp;__tn__=-UK-y-R&amp;c%5b0%5d=AT3aaJBBtLMjPBPUqIBw4eC5L8ZqmhuWkJ9tF7Ts-CNyygla-pN26sxxzJN3xkAKPnGIM2SN3VhW0GbsGRhKJKHu4SGUE8KqfJv8Rfvl_YAjnC9bJsxse8HN4yldPdmRZXiLRdTC0otztlPLQnlvKljxZUZVkcr5J3VmkS7VtpMgCPs5HqCuinQnPE8yMT0CFr26gQIWduu1qK_HzYMrfpcVvRZMFXQ09w89wC4BIHaM0X82528\">https:\/\/www.lapresse.ca\/&#8230;\/01-5214259<\/a><\/p>\n<p style=\"text-align: justify;\"><strong>Extinction de masse : les insectes disparaissent \u00e0 une vitesse alarmante<\/strong><\/p>\n<p style=\"text-align: justify;\"><a href=\"https:\/\/l.facebook.com\/l.php?u=https%3A%2F%2Fwww.nationalgeographic.fr%2Fenvironment%2Fextinction-de-masse-les-insectes-disparaissent-une-vitesse-alarmante%3Ffbclid%3DIwAR3Q2_5GM1aSJl07irm7EeygapuIsCULyn4n0o1q7obfG3euRLNPVGZjN_I&amp;h=AT0WGHLuZD0g_b9yMl4bP0p244J0RRKyqAigOPdQJdzm74REMHZuget9EMagMYk7_eLZmuvaKXOXM8IF5cE1DvP0JWXoJgFSVjTOOqMErNZb-6HhAtY-89NBkf8F57jTtNJdbd0EqFemQ22o3U3u&amp;__tn__=-UK-y-R&amp;c%5b0%5d=AT3aaJBBtLMjPBPUqIBw4eC5L8ZqmhuWkJ9tF7Ts-CNyygla-pN26sxxzJN3xkAKPnGIM2SN3VhW0GbsGRhKJKHu4SGUE8KqfJv8Rfvl_YAjnC9bJsxse8HN4yldPdmRZXiLRdTC0otztlPLQnlvKljxZUZVkcr5J3VmkS7VtpMgCPs5HqCuinQnPE8yMT0CFr26gQIWduu1qK_HzYMrfpcVvRZMFXQ09w89wC4BIHaM0X82528\">https:\/\/www.nationalgeographic.fr\/&#8230;\/ext<\/a><\/p>\n<p style=\"text-align: justify;\">Une \u00e9tude publi\u00e9e dans la revue Biological Conservation alerte sur l\u2019\u00e9tat de la faune entomologique : plus de 30 % des esp\u00e8ces d\u2019insectes sont menac\u00e9es d\u2019extinction.<\/p>\n<p style=\"text-align: justify;\">\n<p style=\"text-align: justify;\"><strong>Effets n\u00e9gatifs de la 5G sur les blattes<\/strong><\/p>\n<p style=\"text-align: justify;\"><a href=\"https:\/\/l.facebook.com\/l.php?u=https%3A%2F%2Fyoutu.be%2F1tuk86OQQKA%3Ffbclid%3DIwAR3XC_73egcJwSAz00YJFkP0S_0P2WyR-QNrMhsTMZC7GLt6_joSKwUFS6Y&amp;h=AT3JqFuw18ZILu4BJzUb_U2qwr-WgM-uYK9s4fTfXnYIhPN7IBMxkB0QKYz3IRuKafCeTPADnrYKen_qmrLb-h9UMR83IfKknRcgAmWg-nxO-Q2FTt52Wp-2JpdbCouV_jIwhaoa2st3U6bZcOlq&amp;__tn__=-UK-y-R&amp;c%5b0%5d=AT3aaJBBtLMjPBPUqIBw4eC5L8ZqmhuWkJ9tF7Ts-CNyygla-pN26sxxzJN3xkAKPnGIM2SN3VhW0GbsGRhKJKHu4SGUE8KqfJv8Rfvl_YAjnC9bJsxse8HN4yldPdmRZXiLRdTC0otztlPLQnlvKljxZUZVkcr5J3VmkS7VtpMgCPs5HqCuinQnPE8yMT0CFr26gQIWduu1qK_HzYMrfpcVvRZMFXQ09w89wC4BIHaM0X82528\">https:\/\/youtu.be\/1tuk86OQQKA<\/a><\/p>\n<p style=\"text-align: justify;\">Les blattes, ou cafards, sont parmi les insectes les plus r\u00e9sistants au monde, pourtant leur comportement change drastiquement s&rsquo;ils sont soumis aux ondes \u00e9lectromagn\u00e9tiques de la 5G : ils ne cherchent plus l&rsquo;ombre ou l&rsquo;obscurit\u00e9 pour se cacher, mais plus grave, ils ne se reproduisent plus et ne s&rsquo;alimentent plus. Qu&rsquo;en serait-il des hommes soumis \u00e0 des antennes aux puissances bien sup\u00e9rieures ?<\/p>\n<p style=\"text-align: justify;\">* * *<\/p>\n<p style=\"text-align: justify;\"><em>Pour une meilleure compr\u00e9hension des graves impacts d\u00e9montr\u00e9s par la science sur nos pr\u00e9cieux insectes qui ach\u00e8vent de dispara\u00eetre partout dans le monde o\u00f9 leurs habitats ont \u00e9t\u00e9 perturb\u00e9s par l&rsquo;homme, voir&#8230;<\/em><\/p>\n<p style=\"text-align: justify;\"><strong>Effets des rayonnements \u00e9lectromagn\u00e9tiques sur l\u2019environnement et la faune<\/strong> (24 min de lecture )<\/p>\n<p style=\"text-align: justify;\"><a href=\"https:\/\/www.stopponsla5g.ca\/post\/effets-des-rayonnements-%C3%A9lectromagn%C3%A9tiques-sur-l-environnement-et-la-faune?fbclid=IwAR1nNKVH8xm7a6qK4P-PyKQHJX5SBXtIaYldTmzdYyLCwJcdCCmdE_D2B8w\">https:\/\/www.stopponsla5g.ca\/post\/effets-des-rayo<\/a><\/p>\n<p style=\"text-align: justify;\"><em>Voir aussi&#8230;<\/em><\/p>\n<p style=\"text-align: justify;\"><strong>Mobile phone-induced honeybee worker piping<\/strong> (mai 2011)<\/p>\n<p style=\"text-align: justify;\"><a href=\"https:\/\/www.researchgate.net\/publication\/225679194_Mobile_phone-induced_honeybee_worker_piping?fbclid=IwAR2buFPjwgoZpxDsDmt61-HJuz47VTZQYemJ7uIE4kRCqETzHgHKYGn4l54\">https:\/\/www.researchgate.net\/&#8230;\/225679194<\/a><\/p>\n<p style=\"text-align: justify;\">Traduction: L&rsquo;entretien mondial de l&rsquo;abeille domestique a des implications \u00e9cologiques, \u00e9conomiques et politiques majeures. Dans la pr\u00e9sente \u00e9tude, les ondes \u00e9lectromagn\u00e9tiques provenant des t\u00e9l\u00e9phones mobiles ont \u00e9t\u00e9 test\u00e9es pour les effets potentiels sur le comportement des abeilles. Des t\u00e9l\u00e9phones portables ont \u00e9t\u00e9 plac\u00e9s \u00e0 proximit\u00e9 des abeilles. Le son \u00e9mis par les abeilles a \u00e9t\u00e9 enregistr\u00e9 et analys\u00e9. Les audiogrammes et les spectrogrammes ont r\u00e9v\u00e9l\u00e9 que les combin\u00e9s de t\u00e9l\u00e9phones mobiles actifs ont un impact dramatique sur le comportement des abeilles, notamment en induisant le signal d&rsquo;alerte des ouvri\u00e8res. Dans des conditions naturelles, ce signal \u00e9mis par les ouvriers annonce soit le processus d&rsquo;essaimage de la colonie d&rsquo;abeilles, soit le signal d&rsquo;une colonie d&rsquo;abeilles perturb\u00e9e.<\/p>\n<p style=\"text-align: justify;\"><strong>Colony Collapse Disorder (CCD) in Honey Bees Caused by EMF Radiation<\/strong> (21 d\u00e9cembre 2018)<\/p>\n<p style=\"text-align: justify;\"><a href=\"https:\/\/l.facebook.com\/l.php?u=https%3A%2F%2Fwww.ncbi.nlm.nih.gov%2Fpmc%2Farticles%2FPMC6563664%2F%3Ffbclid%3DIwAR1vALHC-r_o5p2zntOP0Ykzd0HOJr7GlCvI4piRsSkmCwXQ3Gy2wv3dUB8&amp;h=AT1oQc-us_dx9LB4rNwwmksEI5lbQD3pWgtMW2XAgyCkFjvNsGRsXpI9y4AzNVyYrbOqabQAEwMjrel9GiKMxAOQWRhR661Sqx_forZ9JUmkwusYYljIvxsbS1-p6_WzMesiQgPDwh-3Iy9R0WWY&amp;__tn__=-UK-y-R&amp;c%5b0%5d=AT3aaJBBtLMjPBPUqIBw4eC5L8ZqmhuWkJ9tF7Ts-CNyygla-pN26sxxzJN3xkAKPnGIM2SN3VhW0GbsGRhKJKHu4SGUE8KqfJv8Rfvl_YAjnC9bJsxse8HN4yldPdmRZXiLRdTC0otztlPLQnlvKljxZUZVkcr5J3VmkS7VtpMgCPs5HqCuinQnPE8yMT0CFr26gQIWduu1qK_HzYMrfpcVvRZMFXQ09w89wC4BIHaM0X82528\">https:\/\/www.ncbi.nlm.nih.gov\/pmc\/a<\/a><\/p>\n<p style=\"text-align: justify;\">\u00ab Un facteur environnemental non compris, qui pourrait par exemple impliquer le d\u00e9passement d&rsquo;un seuil de bioaccumulation d&rsquo;un (ou plusieurs) polluant, \u00e9ventuel perturbateur ph\u00e9romonal, avec pour effet inattendu de perturber la capacit\u00e9 \u00e0 retrouver leur ruche. Une synergie entre plusieurs des causes \u00e9voqu\u00e9es ci-dessus pourrait \u00eatre \u00e0 l&rsquo;origine d&rsquo;un syndrome de type dit \u00ab maladie environnementale \u00bb. C&rsquo;est l&rsquo;hypoth\u00e8se qui semble la plus probable, m\u00e9diatis\u00e9e par exemple en 2007 par le professeur Joe Cummins de l&rsquo;Institute of Science in Society qui met en cause \u00e0 la fois des champignons parasites utilis\u00e9s en lutte int\u00e9gr\u00e9e agricole, des virus, bact\u00e9ries et <strong>la pollution \u00e9lectromagn\u00e9tique croissante \u00e0 laquelle sont expos\u00e9s les insectes (notamment depuis l\u2019av\u00e8nement du t\u00e9l\u00e9phone portable et du Wi-Fi)<\/strong>. Selon lui, ces causes combin\u00e9es affaibliraient le syst\u00e8me immunitaire des abeilles, mais le r\u00f4le des pesticides reste pour partie ni\u00e9 par les industriels producteurs. \u00bb<\/p>\n<p style=\"text-align: justify;\">&#8211; Tir\u00e9 de<\/p>\n<p style=\"text-align: justify;\"><a href=\"https:\/\/l.facebook.com\/l.php?u=https%3A%2F%2Ffr.wikipedia.org%2Fwiki%2FSyndrome_d%2527effondrement_des_colonies_d%2527abeilles%3Ffbclid%3DIwAR3LTKzKrPRdfS2O6utfRXg_Yq6EXzOYVgISzA4Mr93tvRgFTss1PQhHW6s%23Causes_environnementales_possibles&amp;h=AT2bADFoikJVJA3IQW2C3lPuqJbv1SmJ8NfBqtzMi-t727ty-X0byoeEAihhg2vkT5aga2cPjtvSy_NWoUWQIB8hmWk-phqsrHldaXu8TcZ0_gd0_mKpYWAKVTv9miuygWuf7tpokSTaP8_tli_r&amp;__tn__=-UK-y-R&amp;c%5b0%5d=AT3aaJBBtLMjPBPUqIBw4eC5L8ZqmhuWkJ9tF7Ts-CNyygla-pN26sxxzJN3xkAKPnGIM2SN3VhW0GbsGRhKJKHu4SGUE8KqfJv8Rfvl_YAjnC9bJsxse8HN4yldPdmRZXiLRdTC0otztlPLQnlvKljxZUZVkcr5J3VmkS7VtpMgCPs5HqCuinQnPE8yMT0CFr26gQIWduu1qK_HzYMrfpcVvRZMFXQ09w89wC4BIHaM0X82528\">https:\/\/fr.wikipedia.org\/&#8230;\/Syndrome_d%2<\/a><\/p>\n<p style=\"text-align: justify;\"><em>Voir aussi&#8230;<\/em><\/p>\n<p style=\"text-align: justify;\"><strong>Electromagnetic fields, 5G and health: what about the precautionary principle ?<\/strong><\/p>\n<p style=\"text-align: justify;\"><a href=\"https:\/\/l.facebook.com\/l.php?u=https%3A%2F%2Fjech.bmj.com%2Fcontent%2Fearly%2F2021%2F01%2F04%2Fjech-2019-213595%3Ffbclid%3DIwAR36tPF45wXxHwY_M-Bq2urX0SWO83YfvQsc482PyKOryRqwI-hG9feE0z8&amp;h=AT2LyiTni_WJM3YZsAOV7hXscBTx-r9lvzr3nhe_Y9jfPx9ksXcWpEdHsmP80BUns7WTaThSFxJDm167DhBIqJeF7XSCifcXOZUIQyOVcE8z8Eh6bsJPjL-e5JzfbdTZmrtGAbPgtzf4XqkytLd1&amp;__tn__=-UK-y-R&amp;c%5b0%5d=AT3aaJBBtLMjPBPUqIBw4eC5L8ZqmhuWkJ9tF7Ts-CNyygla-pN26sxxzJN3xkAKPnGIM2SN3VhW0GbsGRhKJKHu4SGUE8KqfJv8Rfvl_YAjnC9bJsxse8HN4yldPdmRZXiLRdTC0otztlPLQnlvKljxZUZVkcr5J3VmkS7VtpMgCPs5HqCuinQnPE8yMT0CFr26gQIWduu1qK_HzYMrfpcVvRZMFXQ09w89wC4BIHaM0X82528\">https:\/\/jech.bmj.com\/&#8230;\/early\/2021\/01\/04\/jech-<\/a><\/p>\n<p style=\"text-align: justify;\">\n<p style=\"text-align: justify;\"><strong>Traduction: Champs \u00e9lectromagn\u00e9tiques, 5G et sant\u00e9: qu&rsquo;en est-il du principe de pr\u00e9caution ?<\/strong><\/p>\n<p style=\"text-align: justify;\">R\u00c9SUM\u00c9<\/p>\n<p style=\"text-align: justify;\">Les nouveaux syst\u00e8mes de t\u00e9l\u00e9communications de cinqui\u00e8me g\u00e9n\u00e9ration (5G), en cours de d\u00e9ploiement \u00e0 l&rsquo;\u00e9chelle mondiale, sont devenus le sujet d&rsquo;une vive controverse. Certaines agences de protection de la sant\u00e9 et leurs comit\u00e9s consultatifs scientifiques ont conclu qu&rsquo;il n&rsquo;y avait aucune preuve scientifique concluante de leur nocivit\u00e9. Cependant, plusieurs analyses r\u00e9centes men\u00e9es par des scientifiques ind\u00e9pendants sugg\u00e8rent qu&rsquo;il existe une incertitude significative sur cette question, avec des preuves \u00e9mergeant rapidement des effets biologiques potentiellement nocifs r\u00e9sultant des expositions aux champs \u00e9lectromagn\u00e9tiques de radiofr\u00e9quence (CEM-RF), aux niveaux que le d\u00e9ploiement de la 5G entra\u00eenera.<\/p>\n<p style=\"text-align: justify;\">Cet essai identifie quatre sources pertinentes d&rsquo;incertitude et de pr\u00e9occupation scientifiques:<\/p>\n<p style=\"text-align: justify;\">(1) le manque de clart\u00e9 sur la technologie incluse dans la 5G;<\/p>\n<p style=\"text-align: justify;\">(2) un ensemble de plus en plus volumineux d&rsquo;\u00e9tudes en laboratoire documentant les effets perturbateurs in vitro et in vivo des CEM-RF \u2013 mais avec de nombreuses lacunes;<\/p>\n<p style=\"text-align: justify;\">(3) un manque presque total (jusqu&rsquo;\u00e0 pr\u00e9sent) d&rsquo;\u00e9tudes \u00e9pid\u00e9miologiques de haute qualit\u00e9 sur les effets n\u00e9fastes sur la sant\u00e9 humaine de l&rsquo;exposition aux CEM de la 5G en particulier, bien qu&rsquo;il y ait des preuves \u00e9pid\u00e9miologiques de plus en plus nombreuses de ces effets relativement \u00e0 l&rsquo;exposition aux CEM-RF des pr\u00e9c\u00e9dentes g\u00e9n\u00e9rations de r\u00e9seaux de t\u00e9l\u00e9communications;<\/p>\n<p style=\"text-align: justify;\">(4) des all\u00e9gations persistantes selon lesquelles certaines autorit\u00e9s nationales de r\u00e9gulation des t\u00e9l\u00e9communications ne fondent pas leurs politiques de s\u00e9curit\u00e9 en mati\u00e8re de CEM-RF sur les derni\u00e8res donn\u00e9es scientifiques, suite \u00e0 des conflits d&rsquo;int\u00e9r\u00eats non g\u00e9r\u00e9s.<\/p>\n<p style=\"text-align: justify;\">L&rsquo;auteur, un \u00e9pid\u00e9miologiste exp\u00e9riment\u00e9, conclut que l&rsquo;on ne peut ignorer les pr\u00e9occupations de sant\u00e9 croissantes concernant les CEM-RF, en particulier \u00e0 une \u00e9poque o\u00f9 des niveaux d&rsquo;exposition plus \u00e9lev\u00e9s de la population se produisent sur une vaste \u00e9chelle, en raison des \u00e9metteurs spatialement denses dont les syst\u00e8mes 5G ont besoin. Sur la base du principe de pr\u00e9caution, l&rsquo;auteur fait \u00e9cho aux appels des autres scientifiques en faveur d&rsquo;un moratoire sur la poursuite du d\u00e9ploiement des syst\u00e8mes 5G dans le monde, en attendant des recherches plus concluantes sur leur s\u00e9curit\u00e9.<\/p>\n<p style=\"text-align: justify;\">* * *<\/p>\n<p style=\"text-align: justify;\"><em>Merci de votre aide pour inviter d&rsquo;autres personnes \u00e0 lire et signer notre Appel \u00e0<\/em><\/p>\n<p style=\"text-align: justify;\"><em>\u00a0<\/em><a href=\"https:\/\/l.facebook.com\/l.php?u=http%3A%2F%2Fwww.appel5gappeal.ca%2Ffr%3Ffbclid%3DIwAR1GGPORBPeJPxUGYvufVLde18Jdjl1dVEYZEoLUWbhD8A3ItQshDKTme4A&amp;h=AT2ZP6YL0V-9XmZxTBjsZYf4JaEh7oFkuK9dzLTpXDWIdU4N_THQaFGeHWzTWIroInpk2SnqoUS2jDzkGNw3T30UX27i_DsywgL6kccuXeDSPM3GTvvl26Se_uk-0y3WoR5pj9hEwumw9vQbtuV_&amp;__tn__=-UK-y-R&amp;c%5b0%5d=AT3aaJBBtLMjPBPUqIBw4eC5L8ZqmhuWkJ9tF7Ts-CNyygla-pN26sxxzJN3xkAKPnGIM2SN3VhW0GbsGRhKJKHu4SGUE8KqfJv8Rfvl_YAjnC9bJsxse8HN4yldPdmRZXiLRdTC0otztlPLQnlvKljxZUZVkcr5J3VmkS7VtpMgCPs5HqCuinQnPE8yMT0CFr26gQIWduu1qK_HzYMrfpcVvRZMFXQ09w89wC4BIHaM0X82528\">www.appel5gappeal.ca\/fr<\/a><\/p>\n<p style=\"text-align: justify;\"><em>et \u00e0 rejoindre ce groupe Facebook. Veuillez consulter notre description \u00e0<\/em><\/p>\n<p style=\"text-align: justify;\"><em>\u00a0<\/em><a href=\"https:\/\/www.facebook.com\/groups\/Appel5GAppeal\/about?__cft__%5b0%5d=AZWVItmFmia2A5f7kOKdZvkNs-NgIXZdKoRa-4I4Pc_HJRwL0QTMi1V0M-HIpGQwaeIGcnZcAGk09iBkUxRu7FcresVR94wcBuo-_zg9P0IiVWs4GTWo79OSqKgKSinHZEz30bosK8Ax3y980ZgyJDHbXF2meTaThFkfCaB3bfLTlKQGzBnZe7HOSNHvlnlrmhZ7ZD6qpRjcuEoH79cz5jIN&amp;__tn__=-UK-y-R\">www.facebook.com\/groups\/Appel5GA<\/a><\/p>\n<p style=\"text-align: justify;\">\n","protected":false},"excerpt":{"rendered":"<p>La 5G ne fera qu&rsquo;acc\u00e9l\u00e9rer ce d\u00e9clin<\/p>\n","protected":false},"author":4,"featured_media":0,"comment_status":"closed","ping_status":"open","sticky":false,"template":"","format":"standard","meta":{"footnotes":""},"categories":[1],"tags":[],"class_list":["post-7036","post","type-post","status-publish","format-standard","hentry","category-non-classe"],"_links":{"self":[{"href":"https:\/\/collectif-accad.fr\/site\/wp-json\/wp\/v2\/posts\/7036","targetHints":{"allow":["GET"]}}],"collection":[{"href":"https:\/\/collectif-accad.fr\/site\/wp-json\/wp\/v2\/posts"}],"about":[{"href":"https:\/\/collectif-accad.fr\/site\/wp-json\/wp\/v2\/types\/post"}],"author":[{"embeddable":true,"href":"https:\/\/collectif-accad.fr\/site\/wp-json\/wp\/v2\/users\/4"}],"replies":[{"embeddable":true,"href":"https:\/\/collectif-accad.fr\/site\/wp-json\/wp\/v2\/comments?post=7036"}],"version-history":[{"count":1,"href":"https:\/\/collectif-accad.fr\/site\/wp-json\/wp\/v2\/posts\/7036\/revisions"}],"predecessor-version":[{"id":7037,"href":"https:\/\/collectif-accad.fr\/site\/wp-json\/wp\/v2\/posts\/7036\/revisions\/7037"}],"wp:attachment":[{"href":"https:\/\/collectif-accad.fr\/site\/wp-json\/wp\/v2\/media?parent=7036"}],"wp:term":[{"taxonomy":"category","embeddable":true,"href":"https:\/\/collectif-accad.fr\/site\/wp-json\/wp\/v2\/categories?post=7036"},{"taxonomy":"post_tag","embeddable":true,"href":"https:\/\/collectif-accad.fr\/site\/wp-json\/wp\/v2\/tags?post=7036"}],"curies":[{"name":"wp","href":"https:\/\/api.w.org\/{rel}","templated":true}]}}