{"id":7032,"date":"2021-02-20T02:01:52","date_gmt":"2021-02-20T01:01:52","guid":{"rendered":"https:\/\/collectif-accad.fr\/site\/?p=7032"},"modified":"2021-02-18T11:03:13","modified_gmt":"2021-02-18T10:03:13","slug":"electro-hyper-sensibilite-2","status":"publish","type":"post","link":"https:\/\/collectif-accad.fr\/site\/electro-hyper-sensibilite-2\/","title":{"rendered":"Electro Hyper Sensibilit\u00e9"},"content":{"rendered":"<h2 style=\"text-align: left;\"><strong>Comment vraiment savoir si l\u2019on est hyper-sensible\u00a0?\u00a0<\/strong><\/h2>\n<p><!--more--><\/p>\n<ul style=\"text-align: justify;\">\n<li>Comment apprivoiser cet \u00e9tat qui toucherait 15 \u00e0 20\u202f% de la population g\u00e9n\u00e9rale\u00a0?<\/li>\n<li>Comment s\u2019accorder au mieux \u00e0 son environnement\u00a0?<\/li>\n<li>Comment bien vivre avec ses proches, sa famille, ses amis, ses coll\u00e8gues de travail, sa moiti\u00e9\u00a0?<\/li>\n<\/ul>\n<p style=\"text-align: justify;\"><em>Extraits de l&rsquo;\u00e9mission ci-dessous<\/em><\/p>\n<p style=\"text-align: justify;\"><strong>Portrait type d&rsquo;un hypersensible<\/strong><\/p>\n<p style=\"text-align: justify;\">Charlotte Wils\u00a0: \u00ab\u00a0La premi\u00e8re chose, souvent, c&rsquo;est\u00a0<strong>un sentiment de d\u00e9calage<\/strong>. On va ressentir un sentiment de d\u00e9calage avec les autres, au travail, et parfois m\u00eame au sein de sa propre famille ou dans une relation de couple. On peut aussi nommer\u00a0<strong>une grande empathie<\/strong>, c&rsquo;est-\u00e0-dire que non seulement on va avoir de l&#8217;empathie pour les autres, mais on va aussi\u00a0<strong>ressentir ce que les autres vont ressentir<\/strong>\u00ab\u00a0.<\/p>\n<p style=\"text-align: justify;\"><strong>Trop, c&rsquo;est l&rsquo;adverbe qui caract\u00e9rise de nombreux hypersensibles. Trop de bruit, trop d&rsquo;odeurs, trop d\u2019\u00e9motions, d&#8217;empathie, de pens\u00e9es.<\/strong><\/p>\n<p style=\"text-align: justify;\">Fabrice Midal t\u00e9moigne de son exp\u00e9rience personnelle\u00a0: \u00ab\u00a0Quand j&rsquo;\u00e9tais enfant, c&rsquo;\u00e9tait vraiment tr\u00e8s difficile. Mes parents avaient l&rsquo;impression que je me croyais tout le temps sur une sc\u00e8ne de th\u00e9\u00e2tre parce qu&rsquo;ils allumaient la t\u00e9l\u00e9vision et je pouvais exploser en sanglots. Et au fond, la grande lib\u00e9ration, pour un hypersensible, c&rsquo;est de savoir qu&rsquo;il est hypersensible. On ne se rend pas compte \u00e0 quel point \u00e7a change tout puisque au lieu de vous sentir anormal, bizarre, vous comprenez juste que vous avez une singularit\u00e9 qui peut devenir un don formidable si jamais vous apprenez \u00e0 l&rsquo;explorer.<\/p>\n<p style=\"text-align: justify;\">Il y a dix ans, un neuroscientifique m&rsquo;a expliqu\u00e9 que j&rsquo;\u00e9tais hypersensible. Au d\u00e9but, j&rsquo;avais pris \u00e7a un peu comme une insulte, j&rsquo;avais cette image que les hypersensibles sont des pauvres petites choses donc je ne me reconnaissais pas trop. Mais en fait c&rsquo;est \u00ab\u00a0au niveau des sensations, des \u00e9motions, de l&#8217;empathie, de l&rsquo;intelligence (une sorte d&rsquo;intelligence fulgurante qui peut aller d&rsquo;un peu dans tous les sens)\u00a0: il y a une un mot qui dit \u00e0 la fois ces quatre ph\u00e9nom\u00e8nes.\u00a0<strong>C&rsquo;est comme si les pi\u00e8ces du puzzle se mettaient ensemble<\/strong>.<\/p>\n<p style=\"text-align: justify;\">Il y a une phrase du po\u00e8te Marina Tsveta\u00efeva, qui \u00e9tait une autre hypersensible, qui dit\u00a0<strong>\u00ab\u00a0Je n&rsquo;exag\u00e8re rien, je minimise tout\u00a0\u00bb<\/strong>. Et moi, j&rsquo;ai l&rsquo;impression que c&rsquo;est ma phrase\u00a0: tout le monde me dit que j&rsquo;exag\u00e8re or j&rsquo;ai l&rsquo;impression que je n&rsquo;exag\u00e8re pas. Si on savait ce que je sentais, on verrait \u00e0 quel point je fais vraiment attention\u00a0\u00bb.<\/p>\n<p style=\"text-align: justify;\">Maurice Barth\u00e9l\u00e9my, hypersensible lui aussi, dit avoir l&rsquo;impression de vivre avec une parabole au-dessus de la t\u00eate, avec la sensation de capter beaucoup d&rsquo;informations olfactives, auditives, visuelles, d&rsquo;\u00eatre submerg\u00e9 par un flot d&rsquo;informations et de sensations. \u00ab\u00a0Je rapproche plus l&rsquo;hypersensibilit\u00e9 de l&rsquo;information que de l&rsquo;\u00e9motion, c&rsquo;est-\u00e0-dire que j&rsquo;ai\u00a0<strong>trop d&rsquo;informations qui m&rsquo;assaillent<\/strong>\u00a0et au final je suis un peu confus et fatigu\u00e9. Tout le travail que j&rsquo;essaye de faire maintenant, c&rsquo;est de calmer cet afflux d&rsquo;informations et de faire le tri pour y voir plus clair et pouvoir prendre des d\u00e9cisions plus facilement\u00a0\u00bb.<\/p>\n<p style=\"text-align: justify;\"><strong>Hypersensible, \u00e7a n&rsquo;est pas juste un mot \u00e0 la mode<\/strong><\/p>\n<p style=\"text-align: justify;\">Fabrice Midal a men\u00e9 une enqu\u00eate sur le sujet \u00e0 travers toute l&rsquo;histoire occidentale. \u00ab\u00a0<strong>Aristote<\/strong>\u00a0parle des hypersensibles de mani\u00e8re tr\u00e8s pr\u00e9cise\u00a0\u00bb, explique-t-il. \u00ab\u00a0Ce qui m&rsquo;a beaucoup surpris, c&rsquo;est que les grands hommes politiques, les grands scientifiques, Hercule lui-m\u00eame, \u00e9taient des hypersensibles. Nous, \u00e0 la rigueur, on accepte que les artistes soient hypersensibles, mais on a du mal \u00e0 imaginer qu&rsquo;un grand homme politique le soit aussi. Mais les grands hommes politiques sont hypersensibles parce qu&rsquo;<strong>ils arrivent \u00e0 voir des signaux faibles<\/strong>\u00a0que les autres ne voient pas. Ce n&rsquo;est pas juste un mot \u00e0 la mode qui appara\u00eet maintenant, mais cela correspond \u00e0 une longue histoire\u00a0\u00bb.<\/p>\n<p style=\"text-align: justify;\"><strong>L&rsquo;hypersensible et son environnement<\/strong><\/p>\n<p style=\"text-align: justify;\">Fabrice Midal\u00a0: \u00ab\u00a0L&rsquo;environnement permet que l&rsquo;hypersensibilit\u00e9 ne devienne pas quelque chose qui vous \u00e9touffe mais une chance, c&rsquo;est-\u00e0-dire que l&rsquo;hyper sensible a besoin plus que les autres d&rsquo;un\u00a0<strong>environnement empathique, \u00eatre accueilli,<\/strong>\u00a0et c&rsquo;est cet accueil l\u00e0, dans son enfance, qui va faire que l&rsquo;hyper sensible va r\u00e9ussir \u00e0 en faire une force, tandis que dans l&rsquo;autre cas, il va perdre ses moyens.<\/p>\n<p style=\"text-align: justify;\"><strong>Les enfants hypersensibles sont un peu comme des orchid\u00e9es\u00a0: ils ont besoin d&rsquo;\u00e9norm\u00e9ment de soins pour grandir. Mais si on prend bien soin d&rsquo;eux, ils vont pouvoir grandir et m\u00eame avoir des qualit\u00e9s tout \u00e0 fait \u00e9tonnantes.\u00a0<\/strong><\/p>\n<p style=\"text-align: justify;\">Il y a une enqu\u00eate que je trouve assez int\u00e9ressante, qui a \u00e9t\u00e9 faite aux Etats-Unis avec des enfants hypersensibles. On les met dans une pi\u00e8ce dans laquelle il y a une table avec des vieux jeux cass\u00e9s et de beaux jouets neufs. Et on demande \u00e0 l&rsquo;enfant hypersensible &lsquo;Tu peux jouer avec ce que tu veux sur cette table-l\u00e0, mais les beaux jouets pas encore, il faut que je demande l&rsquo;autorisation&rsquo;. On met une vitre sans tain et on observe\u00a0: l&rsquo;enfant hypersensible r\u00e9siste plus que les autres \u00e0 ne pas jouer avec les Jeux.\u00a0<strong>Il est pris par un engagement moral de respect de la parole.<\/strong>\u00a0Mais \u00e7a, \u00e7a d\u00e9pend du fait qu&rsquo;il soit bien accompagn\u00e9. Et donc, l&rsquo;environnement est central. Et quand on n&rsquo;a pas eu cette s\u00e9curit\u00e9 affective dans l&rsquo;enfance, on a besoin plus tard de se la cr\u00e9er parce que\u00a0<strong>l&rsquo;environnement est absolument central<\/strong>. Donc, tout hypersensible doit se cr\u00e9er un environnement de s\u00e9cure pour pouvoir faire face \u00e0 cet afflux d&rsquo;informations\u00a0\u00bb.<\/p>\n<p style=\"text-align: justify;\"><strong>L&rsquo;hypersensibilit\u00e9 est-elle acquise ou inn\u00e9e\u00a0?<\/strong><\/p>\n<p style=\"text-align: justify;\">Fabrice Midal\u00a0: \u00ab\u00a0Il semblerait qu&rsquo;il y a un grand facteur g\u00e9n\u00e9tique, il y a pas mal de recherches qui semblent le montrer. Maintenant, c&rsquo;est vrai aussi que, dans la violence sociale dans lequel on est, il y a des gens qui deviennent hypersensibles. Vous mettez n&rsquo;importe qui dans un open space, j&rsquo;ai l&rsquo;impression qu&rsquo;apr\u00e8s quelques temps, il pourrait devenir hypersensible, c&rsquo;est quand m\u00eame quelque chose d&rsquo;humain. L&rsquo;hypersensibilit\u00e9 est une singularit\u00e9, mais celle-ci met en avant certains traits que tous les \u00eatres humains ont.<\/p>\n<p style=\"text-align: justify;\"><strong>On n&rsquo;est pas un Martien parce qu&rsquo;on est hypersensible, mais certains traits que tout le monde a sont juste g\u00e9n\u00e9tiquement plus plus intensifi\u00e9s.<\/strong><\/p>\n<p style=\"text-align: justify;\"><strong>Pour les parents ou les enseignants, comment rep\u00e9rer un enfant \/ ado hypersensible\u00a0?\u00a0<\/strong><\/p>\n<p style=\"text-align: justify;\">Charlotte Wils\u00a0: \u00ab\u00a0<strong>L&rsquo;enfant ne va pas forc\u00e9ment \u00eatre dans les grands groupes, avec les \u00e9l\u00e8ves populaires. Il va s&rsquo;isoler un peu dans la cour de r\u00e9cr\u00e9ation, qui va \u00eatre tr\u00e8s sociable, qui va \u00eatre content d&rsquo;avoir des amis, mais qui va avoir peur un peu de rentrer dans les groupes ou de se faire remarquer<\/strong>\u00ab\u00a0.<\/p>\n<p style=\"text-align: justify;\">Fr\u00e9d\u00e9ric Midal t\u00e9moigne\u00a0: \u00ab\u00a0En tant qu&rsquo;hypersensible, on n&rsquo;aime pas les grands groupes parce qu&rsquo;on a\u00a0<strong>besoin d&rsquo;intimit\u00e9 et d&rsquo;harmonie<\/strong>. Du reste, au boulot, on voit bien\u00a0: les hypersensibles ne sont pas ceux qui vont se battre pour \u00e9craser les autres et avoir le pouvoir, \u00e7a ne les int\u00e9resse pas du tout. Ils ont\u00a0<strong>un souci d&rsquo;harmonie intense<\/strong>. Donc, dans la cour de r\u00e9cr\u00e9ation, l&rsquo;objectif c&rsquo;est plut\u00f4t de trouver la personne avec qui on a un lien d&rsquo;amiti\u00e9 profond, avec qui on peut\u00a0<strong>parler en v\u00e9rit\u00e9<\/strong>, parce qu&rsquo;on a besoin de ce rapport d&#8217;empathie.<\/p>\n<p style=\"text-align: justify;\"><strong>L&rsquo;hypersensibilit\u00e9 vue par une psychiatre<\/strong><\/p>\n<p style=\"text-align: justify;\">Aur\u00e9lia Schneider\u00a0: \u00ab\u00a0Heureusement que \u00e7a n&rsquo;est pas une pathologie d&rsquo;\u00eatre sensible, ou hypersensible. On peut avoir cette aptitude de ressentir, de percevoir, d&rsquo;exprimer tr\u00e8s fortement des \u00e9motions, des sentiments\u00a0: c&rsquo;est selon moi \u00e0 rapprocher de l&rsquo;<strong>empathie<\/strong>. Quand j&rsquo;ai des patients comme \u00e7a qui sont un peu comme du cristal, je leur dit \u00ab\u00a0Mais vous n&rsquo;\u00eates pas empathique, vous \u00eates hyperpathique\u00a0\u00bb, \u00e7a leur pla\u00eet beaucoup.\u00a0<strong>C&rsquo;est une comp\u00e9tence variable et instable selon un m\u00eame individu.<\/strong>\u00a0Il y a des p\u00e9riodes de la vie o\u00f9 on est plus hypersensible que d&rsquo;autres, \u00e0 cause des \u00e9v\u00e9nements (heureux ou malheureux) que l&rsquo;on vit, des bouleversements hormonaux, etc.<\/p>\n<p style=\"text-align: justify;\">J&rsquo;ai \u00e9t\u00e9 sensible \u00e0 ce qu&rsquo;a dit Fabrice Midal sur la perception de signaux faibles\u00a0:\u00a0<strong>ce sont souvent des gens qui rep\u00e8rent les \u00e9motions avant m\u00eame les personnes qui sont elles-m\u00eames vectrices de ces \u00e9motions.<\/strong>\u00a0C&rsquo;est-\u00e0-dire qu&rsquo;il y a\u00a0<strong>une perception de l&rsquo;\u00e9motion sans que l&rsquo;autre ait parl\u00e9, comme une panne de courant \u00e9lectrique,<\/strong>directement dans la peau de l&rsquo;hypersensible.<\/p>\n<p style=\"text-align: justify;\">Mais \u00e7a n&rsquo;est pas, du tout, psychiatrique. Loin de l\u00e0.\u00a0\u00bb<\/p>\n<p style=\"text-align: justify;\"><strong>Comment faire pour g\u00e9rer son hypersensibilit\u00e9\u00a0?<\/strong><\/p>\n<p style=\"text-align: justify;\">Le conseil de Fr\u00e9d\u00e9ric Midal\u00a0:<\/p>\n<p style=\"text-align: justify;\"><strong>Je pense qu&rsquo;une des cl\u00e9s pour l&rsquo;hypersensible, c&rsquo;est d&rsquo;accepter de ne pas contr\u00f4ler ses \u00e9motions et de ne pas chercher \u00e0 se calmer.\u00a0<\/strong><\/p>\n<p style=\"text-align: justify;\">\u00ab\u00a0Ce qui m&rsquo;a fait beaucoup de tort, c&rsquo;est qu&rsquo;\u00e0 un moment, je pensais \u00ab\u00a0Je ressens trop donc il faut que je me calme\u00a0\u00bb. Or plus vous voulez calmer un hypersensible, et pire il va \u00eatre parce qu&rsquo;on ne peut pas se calmer.\u00a0<strong>Il faut d&rsquo;abord accepter pleinement d&rsquo;\u00eatre hypersensible.<\/strong>\u00a0Il faut faire l&rsquo;inverse.<\/p>\n<p style=\"text-align: justify;\">C&rsquo;est pour \u00e7a que, par exemple, la m\u00e9ditation de pleine conscience, ce n&rsquo;est pas du tout pour moi. Je crois que c&rsquo;est pas du tout pour les hypersensibles parce qu&rsquo;essayer de se calmer, de faire le vide dans sa t\u00eate, \u00e7a ne marche pas du tout, \u00e7a rend les choses pires. Donc, il faut essayer de faire d&rsquo;autres formes de m\u00e9ditation dans lesquelles on se fout la paix. On entre en rapport \u00e0 ce qu&rsquo;on vit. On accepte d&rsquo;\u00eatre heureux d&rsquo;avoir de l&#8217;empathie pour soi-m\u00eame, de l&#8217;empathie pour son empathie. Mais je crois qu&rsquo;il faut sortir de l&rsquo;id\u00e9e qu&rsquo;il faudrait contr\u00f4ler\u00a0\u00bb<\/p>\n<p style=\"text-align: justify;\"><strong>L&rsquo;hypersensibilit\u00e9, \u00e7a n&rsquo;est pas une faiblesse, c&rsquo;est une vuln\u00e9rabilit\u00e9. Mais la vuln\u00e9rabilit\u00e9, c&rsquo;est aussi une capacit\u00e9 de voir ce que les autres ne voient pas et de pouvoir aider le monde.<\/strong><\/p>\n<p style=\"text-align: justify;\">Les hypersensibles ne veulent pas l\u00e2cher et malheureusement, dans certaines entreprises, on en profite parce qu&rsquo;on sait qu&rsquo;ils vont faire le boulot jusqu&rsquo;au bout &#8211; du coup, ils sont plus\u00a0<strong>sensibles aux burn-out<\/strong>, pas parce qu&rsquo;ils sont hypersensibles, mais parce qu&rsquo;ils vont travailler jusqu&rsquo;\u00e0 plus d&rsquo;heure, parce qu&rsquo;ils ne veulent pas laisser tomber leurs coll\u00e8gues.<\/p>\n<p style=\"text-align: justify;\">Il faut cultiver son hypersensibilit\u00e9. Moi, par exemple, je passe beaucoup de temps \u00e0 \u00e9couter de la musique. Je me suis form\u00e9, j&rsquo;ai beaucoup de plaisir \u00e0 \u00e9couter, j&rsquo;affirme, j&rsquo;affirme mon go\u00fbt, mais \u00e7a peut \u00eatre aller dans la nature\u2026\u00a0<strong>C&rsquo;est important de trouver par o\u00f9 on profite de ces antennes. On a des antennes, autant autant les les explorer<\/strong>\u00ab\u00a0.<\/p>\n<p style=\"text-align: justify;\">Fr\u00e9d\u00e9ri Midal recommande aussi aux hypersensibles d&rsquo;<strong>accueillir leurs \u00e9motions, qu&rsquo;elles soient n\u00e9gatives ou positives<\/strong>\u00a0: \u00ab\u00a0il faut laisser tomber cette id\u00e9e (que je trouve compl\u00e8tement absurde) qu&rsquo;il y a des \u00e9motions positives et des \u00e9motions n\u00e9gatives. Pour un hypersensible, toute \u00e9motion a quelque chose \u00e0 lui dire. Il y a des \u00e9motions agr\u00e9ables ou d\u00e9sagr\u00e9ables, mais la col\u00e8re, la tristesse, le chagrin sont des \u00e9motions que vous devez explorer. Vous verrez, elles ont des choses formidables \u00e0 vous dire.\u00a0\u00bb<\/p>\n<p style=\"text-align: justify;\"><strong>Attention \u00e0 ne pas trop confondre l&rsquo;hyper \u00e9motivit\u00e9 et l&rsquo;hypersensibilit\u00e9<\/strong><\/p>\n<p style=\"text-align: justify;\">Maurice Barth\u00e9l\u00e9my\u00a0: \u00ab\u00a0Il faut faire attention \u00e0 ne pas trop confondre l&rsquo;hyper \u00e9motivit\u00e9 et l&rsquo;hypersensibilit\u00e9. Oui, les hypersensibles sont \u00e9motifs, s\u00fbrement, mais il y a plein d&rsquo;autres caract\u00e9ristiques et souvent, il y a une confusion. Et on dit que les hypersensibles sont fragiles, qu&rsquo;ils vont s&rsquo;effondrer en larmes devant la t\u00e9l\u00e9, etc. Alors oui, certains le sont, mais moi, par exemple, je suis un hypersensible qui ne suis pas tr\u00e8s, tr\u00e8s, tr\u00e8s \u00e9motif\u00a0\u00bb<\/p>\n<p style=\"text-align: justify;\"><strong>Quelques cl\u00e9s pour l&rsquo;entourage d&rsquo;un hypersensible\u00a0<\/strong><\/p>\n<p style=\"text-align: justify;\">Charlotte Wils\u00a0: \u00ab\u00a0\u00c7a va \u00eatre d&rsquo;\u00e9couter les propos des personnes hypersensibles. Ils ont pas forc\u00e9ment besoin, si vous voulez que l&rsquo;autre r\u00e9agisse de la m\u00eame mani\u00e8re, mais ils ont un grand besoin d&rsquo;\u00eatre compris. La compr\u00e9hension, pour eux, est essentielle. Donc, \u00e7a va d&rsquo;abord \u00eatre de les \u00e9couter. Et puis essayer de les comprendre\u00a0\u00bb.<\/p>\n<p style=\"text-align: justify;\">Fr\u00e9d\u00e9ric Midal\u00a0: \u00ab\u00a0En fait, c&rsquo;est tout b\u00eate. Il suffit de reconna\u00eetre que l&rsquo;autre ne fonctionne pas tout \u00e0 fait comme nous et de pouvoir et de pouvoir l&rsquo;\u00e9couter. Et \u00e7a change vraiment tout.<\/p>\n<p style=\"text-align: justify;\">On ne se rend pas compte \u00a0: quand on est hypersensible on vit avec le sentiment qu&rsquo;on est en faute de ressentir, le moment o\u00f9 on comprend que \u00e7a n&rsquo;est pas une faute mais une singularit\u00e9, et qu&rsquo;on va pouvoir vivre\u00a0: ce pouvoir de l&rsquo;acceptation, c&rsquo;est fou comme il est puissant et comme il change tout\u00a0\u00bb<\/p>\n<p style=\"text-align: justify;\"><strong>Quels sont les risques de refuser son hypersensibilit\u00e9\u00a0?\u00a0<\/strong><\/p>\n<p style=\"text-align: justify;\">Quand on refuse son hypersensibilit\u00e9, le \u00ab\u00a0faux self\u00a0\u00bb\u00a0prend le pas sur le\u00a0\u00ab\u00a0v\u00e9ritable moi\u00a0\u00bb (Ce concept de faux self a \u00e9t\u00e9 \u00e9labor\u00e9 par le p\u00e9diatre et psychanalyste britannique Donald Winnicott). Le faux self, c&rsquo;est cette carapace qui se construit peu \u00e0 peu au gr\u00e9 des circonstances et qui fait oublier le v\u00e9ritable moi&#8230;<\/p>\n<p style=\"text-align: justify;\">Fr\u00e9d\u00e9ric Midal\u00a0: \u00ab\u00a0On essaye de correspondre \u00e0 l&rsquo;image qu&rsquo;on pense que la soci\u00e9t\u00e9 veut de nous. On se coupe de ce que l&rsquo;on sent, on essaye de se forcer \u00e0 entrer dans un moule, on vit avec une carapace, c&rsquo;est de plus en plus douloureux. On a l&rsquo;impression de passer \u00e0 c\u00f4t\u00e9 de sa vie, mais on ne s&rsquo;en rend m\u00eame pas compte.\u00a0<strong>On sent qu&rsquo;il y a un malaise, mais on n&rsquo;arrive m\u00eame plus tr\u00e8s bien \u00e0 savoir parce qu&rsquo;on est on est prisonnier dedans.<\/strong><\/p>\n<p style=\"text-align: justify;\"><strong>\u00ab\u00a0C&rsquo;est le paradoxe de l&rsquo;hypersensibilit\u00e9\u00a0: au lieu de vouloir se prot\u00e9ger, il faut explorer\u00a0\u00bb.\u00a0<\/strong><\/p>\n<p style=\"text-align: justify;\"><a href=\"https:\/\/www.franceinter.fr\/emissions\/grand-bien-vous-fasse\/grand-bien-vous-fasse-19-janvier-2021\">https:\/\/www.franceinter.fr\/emissions\/grand-bien-vo<\/a><\/p>\n<p style=\"text-align: justify;\"><strong>\u00a0<\/strong><\/p>\n<p style=\"text-align: justify;\">\n","protected":false},"excerpt":{"rendered":"<p>Comment vraiment savoir si l\u2019on est hyper-sensible\u00a0?\u00a0<\/p>\n","protected":false},"author":4,"featured_media":0,"comment_status":"closed","ping_status":"open","sticky":false,"template":"","format":"standard","meta":{"footnotes":""},"categories":[1],"tags":[],"class_list":["post-7032","post","type-post","status-publish","format-standard","hentry","category-non-classe"],"_links":{"self":[{"href":"https:\/\/collectif-accad.fr\/site\/wp-json\/wp\/v2\/posts\/7032","targetHints":{"allow":["GET"]}}],"collection":[{"href":"https:\/\/collectif-accad.fr\/site\/wp-json\/wp\/v2\/posts"}],"about":[{"href":"https:\/\/collectif-accad.fr\/site\/wp-json\/wp\/v2\/types\/post"}],"author":[{"embeddable":true,"href":"https:\/\/collectif-accad.fr\/site\/wp-json\/wp\/v2\/users\/4"}],"replies":[{"embeddable":true,"href":"https:\/\/collectif-accad.fr\/site\/wp-json\/wp\/v2\/comments?post=7032"}],"version-history":[{"count":1,"href":"https:\/\/collectif-accad.fr\/site\/wp-json\/wp\/v2\/posts\/7032\/revisions"}],"predecessor-version":[{"id":7033,"href":"https:\/\/collectif-accad.fr\/site\/wp-json\/wp\/v2\/posts\/7032\/revisions\/7033"}],"wp:attachment":[{"href":"https:\/\/collectif-accad.fr\/site\/wp-json\/wp\/v2\/media?parent=7032"}],"wp:term":[{"taxonomy":"category","embeddable":true,"href":"https:\/\/collectif-accad.fr\/site\/wp-json\/wp\/v2\/categories?post=7032"},{"taxonomy":"post_tag","embeddable":true,"href":"https:\/\/collectif-accad.fr\/site\/wp-json\/wp\/v2\/tags?post=7032"}],"curies":[{"name":"wp","href":"https:\/\/api.w.org\/{rel}","templated":true}]}}