{"id":7030,"date":"2021-02-19T02:09:29","date_gmt":"2021-02-19T01:09:29","guid":{"rendered":"https:\/\/collectif-accad.fr\/site\/?p=7030"},"modified":"2021-02-18T10:10:26","modified_gmt":"2021-02-18T09:10:26","slug":"5g-le-meilleur-ou-le-pire-pour-la-sante","status":"publish","type":"post","link":"https:\/\/collectif-accad.fr\/site\/5g-le-meilleur-ou-le-pire-pour-la-sante\/","title":{"rendered":"5G, le meilleur ou le pire pour la sant\u00e9\u00a0?"},"content":{"rendered":"<h2 style=\"text-align: left;\"><strong>Les ondes mobiles, prochain scandale sanitaire<\/strong><\/h2>\n<p><!--more--><\/p>\n<p style=\"text-align: justify;\">Entre op\u00e9rateurs mobiles, la concurrence est rude sur les sites, les r\u00e9seaux et les forfaits. Tout le monde ne partage pas cette fr\u00e9n\u00e9sie, certains alertent sur les dangers de la 5G, dans l\u2019attente d\u2019un rapport \u00e0 venir de l\u2019ANSES.<\/p>\n<p style=\"text-align: justify;\"><strong>Omnipr\u00e9sence des t\u00e9l\u00e9phones portables, multiplication des applications utilisant les radiofr\u00e9quences, r\u00e8glement laxiste, m\u00e9dias musel\u00e9s \u2026 Dans \u00ab\u00a0Phonegate\u00a0\u00bb, l\u2019auteur Marc Arazi, qui pr\u00e9side l\u2019association <em>Alerte Phonegate,<\/em> s\u2019alarme des risques sanitaires li\u00e9s aux expositions aux ondes. A l\u2019heure du d\u00e9ploiement de la 5G, il d\u00e9nonce et redoute une catastrophe sanitaire.<\/strong><\/p>\n<p style=\"text-align: justify;\">1G, 2G, 3G, 4G et maintenant 5G. Une r\u00e9volution technologique qui a mis les ondes des radiofr\u00e9quences (RF), celles de nos t\u00e9l\u00e9phones portables, de nos tablettes, des objets connect\u00e9s, de nos antennes-relais et du wifi au cours de nos vies et de nos soci\u00e9t\u00e9s.<\/p>\n<p style=\"text-align: justify;\">Les industriels du secteur et leurs lobbys n\u2019ont eu de cesse depuis 30 ans de nous affirmer, experts scientifiques pro industrie \u00e0 l\u2019appui, qu\u2019il n\u2019existe aucun risque li\u00e9 aux RF pour la sant\u00e9 humaine. Ils ont trouv\u00e9 des agences nationales et internationales, des pouvoirs publics parfaitement dispos\u00e9s \u00e0 les croire sur parole. El\u00e9ments de langage \u00e0 l\u2019appui de leur parfait d\u00e9monstration, ils ont inond\u00e9 la plan\u00e8te de leur pr\u00eat \u00e0 penser du \u00ab\u00a0<em>aucun danger, consommez tranquille<\/em>\u00a0\u00bb.<\/p>\n<p style=\"text-align: justify;\">Et il faut le reconnaitre, en quelques ann\u00e9es nous sommes devenus compl\u00e8tement \u00ab\u00a0addicts\u00a0\u00bb \u00e0 ces formidables concentr\u00e9s de technologies. Ils ne nous quittent plus du matin au soir, ils sont \u00e0 notre oreille, dans nos poches et jusque dans notre lit.<br \/>\nNous ne savions pas que la r\u00e9glementation cens\u00e9e prot\u00e9ger notre sant\u00e9 des ondes de nos mobiles \u00e9tait parfaitement d\u00e9faillante.<\/p>\n<p style=\"text-align: justify;\">C\u2019est l\u2019Agence Nationale de S\u00e9curit\u00e9 Sanitaire de l\u2019alimentation, de l\u2019environnement et du travail (ANSES) qui r\u00e9v\u00e8le la v\u00e9rit\u00e9, en juillet 2016, dans un rapport \u00ab\u00a0<em>ondes des radiofr\u00e9quences et sant\u00e9 des enfants<\/em>\u00a0\u00bb. Dans cet avis, pass\u00e9 \u00e0 l\u2019\u00e9poque compl\u00e8tement inaper\u00e7u, l\u2019ANSES nous apprend que 9 t\u00e9l\u00e9phones portables sur 10 test\u00e9s par l\u2019agence des fr\u00e9quences en 2015 d\u00e9passent les limites r\u00e9glementaires pour les D\u00e9bits d\u2019Absorptions Sp\u00e9cifiques (DAS) mesur\u00e9s au niveau du corps (2 W\/kg). Et son directeur g\u00e9n\u00e9ral, Roger genet, de lancer un appel pressant aux pouvoirs publics pour revoir urgemment et en profondeur les limites des seuils d\u2019exposition du grand public.<\/p>\n<p style=\"text-align: justify;\">La \u00ab\u00a0bombe\u00a0\u00bb n\u2019explosera pas\u00a0! Aucun m\u00e9dia ne va pousser l\u2019investigation de ce qui deviendra quelques mois plus tard le scandale du \u00ab\u00a0Phonegate\u00a0\u00bb. Un m\u00e9lange entre scandale de l\u2019amiante et du Dieselgate. Une r\u00e9glementation europ\u00e9enne et internationale plus que laxiste, des t\u00e9l\u00e9phones pr\u00e9par\u00e9s lors de certifications, des logiciels dans nos mobiles qui peuvent faire varier les DAS lors des rares contr\u00f4les. Une machine infernale qui a eu pour cons\u00e9quence de tous nous surexposer de mani\u00e8re aigue et chronique depuis plus de 20 ans.<\/p>\n<p style=\"text-align: justify;\">Pour contr\u00f4ler l\u2019information, cette industrie surpuissante a musel\u00e9 le pouvoir politique, \u00a0est devenue actionnaire des m\u00e9dias les plus influents et a plac\u00e9 ses hommes aux postes strat\u00e9giques.<\/p>\n<p style=\"text-align: justify;\"><strong>L\u2019urgence d\u2019un moratoire sur la 5G<\/strong><\/p>\n<p style=\"text-align: justify;\">Certains pr\u00e9tendent qu\u2019il n\u2019y a pas eu d\u2019augmentation des cancers du cerveau. C\u2019est d\u2019ailleurs ce que disait en d\u00e9cembre sur RTL le Dr Michel Cymes en parlant de la 5G. Voici ce que dit le m\u00e9decin pr\u00e9f\u00e9r\u00e9 des fran\u00e7ais\u00a0: \u00ab\u00a0<em>Ensuite, toujours selon la recherche, on ne constate pas d\u2019augmentation des cas de cancer du cerveau dans le monde occidental, o\u00f9 le t\u00e9l\u00e9phone portable s\u2019est g\u00e9n\u00e9ralis\u00e9<\/em>\u00a0\u00bb.<\/p>\n<p style=\"text-align: justify;\">Or, cette affirmation est parfaitement contredite par les statistiques publi\u00e9es en 2019 par <em>Sant\u00e9 publique France<\/em>. Entre 1990 et2018, le nombre annuel de nouveaux cas de glioblastomes a \u00e9t\u00e9 multipli\u00e9 par quatre et plus pour les deux sexes.\u00a0 Soit 50\u00a0000 morts ces vingt derni\u00e8res ann\u00e9es \u2026 En conclusion de son analyse, l\u2019agence sanitaire consid\u00e8re que\u00a0 \u00ab\u00a0\u2026 <em>les derni\u00e8res \u00e9tudes \u00e9pid\u00e9miologiques et les exp\u00e9rimentations animales seraient en faveur du r\u00f4le carcinog\u00e8ne des expositions aux champs \u00e9lectromagn\u00e9tiques.\u00a0\u00bb<\/em><\/p>\n<p style=\"text-align: justify;\">Ce sont aussi pr\u00e8s de 3 millions de personnes \u00e9lectro hypersensibles (chiffres ANSES 2018) qui subissent le d\u00e9veloppement de la t\u00e9l\u00e9phonie mobile et qui le subiront encore plus avec l\u2019augmentation exponentielle li\u00e9e aux ondes de la 5G partout autour de nous (mobilier urbain) aussi bien que dans l\u2019espace.<br \/>\nDes scientifiques internationaux ind\u00e9pendants ainsi que de nombreux professionnels de sant\u00e9 r\u00e9clament la mise en place d\u2019un moratoire avant tout d\u00e9ploiement de la 5G. Relay\u00e9 encore tout r\u00e9cemment par 150 fran\u00e7ais de la \u00ab\u00a0convention citoyenne\u00a0\u00bb. Mais rien n\u2019y fait, le gouvernement a empoch\u00e9 pr\u00e8s de 3 milliards d\u2019euros des op\u00e9rateurs de t\u00e9l\u00e9phonie mobile et lanc\u00e9 la 5G sans m\u00eame attendre l\u2019avis de l\u2019ANSES. En plein \u00ab\u00a0Phonegate\u00a0\u00bb, une telle d\u00e9cision est irresponsable\u00a0!<\/p>\n<p style=\"text-align: justify;\">\n<p style=\"text-align: justify;\">\n<p style=\"text-align: justify;\">\n<p style=\"text-align: justify;\">\n","protected":false},"excerpt":{"rendered":"<p>Les ondes mobiles, prochain scandale sanitaire<\/p>\n","protected":false},"author":4,"featured_media":0,"comment_status":"closed","ping_status":"open","sticky":false,"template":"","format":"standard","meta":{"footnotes":""},"categories":[1],"tags":[],"class_list":["post-7030","post","type-post","status-publish","format-standard","hentry","category-non-classe"],"_links":{"self":[{"href":"https:\/\/collectif-accad.fr\/site\/wp-json\/wp\/v2\/posts\/7030","targetHints":{"allow":["GET"]}}],"collection":[{"href":"https:\/\/collectif-accad.fr\/site\/wp-json\/wp\/v2\/posts"}],"about":[{"href":"https:\/\/collectif-accad.fr\/site\/wp-json\/wp\/v2\/types\/post"}],"author":[{"embeddable":true,"href":"https:\/\/collectif-accad.fr\/site\/wp-json\/wp\/v2\/users\/4"}],"replies":[{"embeddable":true,"href":"https:\/\/collectif-accad.fr\/site\/wp-json\/wp\/v2\/comments?post=7030"}],"version-history":[{"count":1,"href":"https:\/\/collectif-accad.fr\/site\/wp-json\/wp\/v2\/posts\/7030\/revisions"}],"predecessor-version":[{"id":7031,"href":"https:\/\/collectif-accad.fr\/site\/wp-json\/wp\/v2\/posts\/7030\/revisions\/7031"}],"wp:attachment":[{"href":"https:\/\/collectif-accad.fr\/site\/wp-json\/wp\/v2\/media?parent=7030"}],"wp:term":[{"taxonomy":"category","embeddable":true,"href":"https:\/\/collectif-accad.fr\/site\/wp-json\/wp\/v2\/categories?post=7030"},{"taxonomy":"post_tag","embeddable":true,"href":"https:\/\/collectif-accad.fr\/site\/wp-json\/wp\/v2\/tags?post=7030"}],"curies":[{"name":"wp","href":"https:\/\/api.w.org\/{rel}","templated":true}]}}