{"id":7026,"date":"2021-02-18T02:28:50","date_gmt":"2021-02-18T01:28:50","guid":{"rendered":"https:\/\/collectif-accad.fr\/site\/?p=7026"},"modified":"2021-02-17T09:30:58","modified_gmt":"2021-02-17T08:30:58","slug":"les-ondes-chez-les-animaux","status":"publish","type":"post","link":"https:\/\/collectif-accad.fr\/site\/les-ondes-chez-les-animaux\/","title":{"rendered":"Les ondes chez les animaux"},"content":{"rendered":"<h2 style=\"text-align: left;\"><strong>De l\u2019\u00e9lectricit\u00e9 dans l\u2019herbe\u00a0: enqu\u00eate sur des \u00e9levages en souffrance<\/strong><\/h2>\n<p><!--more--><\/p>\n<p style=\"text-align: justify;\"><a href=\"https:\/\/www.mediapart.fr\/studio\/panoramique\/de-l-electricite-dans-l-herbe-enquete-sur-des-elevages-en-souffrance?utm_source=&amp;utm_medium=email&amp;utm_campaign=relance_article_offert&amp;utm_content=&amp;utm_term=&amp;xtor=EPR-1013-%5B%5D&amp;M_BT=275395909069\">https:\/\/www.mediapart.fr\/studio\/panoramiqu<\/a><\/p>\n<p style=\"text-align: justify;\"><strong>Extraits<\/strong><\/p>\n<p style=\"text-align: justify;\">Dans la Somme, \u00e0 la ferme Au gr\u00e9 des roses, Yann Joly s\u2019est s\u00e9par\u00e9 de ses 120 vaches laiti\u00e8res il y a cinq ans. Avec elles se sont \u00e9vanouis les r\u00eaves d\u2019une vie. Yann a fait une croix sur son m\u00e9tier d\u2019\u00e9leveur et ne transmettra jamais son troupeau \u00e0 sa fille.<\/p>\n<p style=\"text-align: justify;\"><em>\u00ab\u00a0\u00c0 19 ans, elle avait fait un BTS produits laitiers. Elle voulait s\u2019installer ici, prendre la suite de son p\u00e8re et de son grand-p\u00e8re. \u00c0 la place, elle a commenc\u00e9 \u00e0 travailler \u00e0 la ferme des 1\u00a0000 vaches. C\u2019est aussi pour elle que je me bats aujourd\u2019hui.\u00a0\u00bb <\/em><\/p>\n<p style=\"text-align: justify;\">L\u2019\u00e9leveur s\u2019est reconverti dans la production c\u00e9r\u00e9ali\u00e8re, moins rentable \u00e0 l\u2019hectare. Il ne se verse aucun salaire et doit travailler chez d\u2019autres exploitants en tant que prestataire agricole pour tenir jusqu\u2019au remboursement des derniers pr\u00eats.<\/p>\n<p style=\"text-align: justify;\">\u00c0 ses d\u00e9buts, il avait pourtant r\u00e9ussi \u00e0 transformer sa petite ferme familiale en \u00e9levage prosp\u00e8re. <em>\u00ab\u00a0On a toujours investi pour avoir une entreprise performante. On \u00e9tait tr\u00e8s pointilleux sur l\u2019alimentation, par exemple. Cela nous a permis de produire jusqu\u2019\u00e0 1 million de litres de lait par an avec 120 vaches.\u00a0\u00bb <\/em><\/p>\n<p style=\"text-align: justify;\">Solide, son exploitation traverse sans encombre la crise du lait en 2009. Puis les rendements s\u2019effondrent\u00a0: de 9\u00a0000 litres par an et par vache en 2010, ils chutent \u00e0 7\u00a0000 litres en 2011, puis \u00e0 5\u00a0000 en 2013. Veaux et g\u00e9nisses grossissent beaucoup moins vite.<\/p>\n<p style=\"text-align: justify;\">Catherine Nansot, ing\u00e9nieure et experte pr\u00e8s de la cour d\u2019appel d\u2019Amiens, le constate dans un rapport en 2015\u00a0: <em>\u00ab\u00a0Pour qu\u2019une g\u00e9nisse actuellement dans cet \u00e9levage atteigne sa taille normale, il lui faudra 50\u00a0% de temps en plus qu\u2019un animal ayant une croissance normale.\u00a0\u00bb<\/em><\/p>\n<p style=\"text-align: justify;\">2011 et 2013, ce sont deux ann\u00e9es au cours desquelles Yann a vu se dresser de nouvelles voisines \u00e0 l\u2019horizon\u00a0: 24 \u00e9oliennes install\u00e9es \u00e0 1,8\u00a0kilom\u00e8tre de l\u00e0\u00a0: <em>\u00ab\u00a0Je n\u2019avais aucun <\/em>a priori<em>. J\u2019avais m\u00eame accept\u00e9 un bail pour l\u2019installation de l\u2019une d\u2019entre elles dans un de mes champs. Elle me rapporte 1\u00a0600 euros par an.\u00a0\u00bb <\/em><\/p>\n<p style=\"text-align: justify;\">Une broutille, au regard des pertes estim\u00e9es par l\u2019experte\u00a0: plus de 350\u00a0000\u00a0euros entre 2011 et 2015. Dans son rapport, Catherine Nansot conforte la th\u00e8se de Yann Joly\u00a0: <em>\u00ab\u00a0Depuis l\u2019installation des \u00e9oliennes, la production laiti\u00e8re par vache est en baisse sensible et concomitamment la qualit\u00e9 bact\u00e9rienne du lait se d\u00e9grade. Monsieur\u00a0Joly et ses conseils, le technicien du contr\u00f4le laitier, le v\u00e9t\u00e9rinaire, le marchand d\u2019aliments, n\u2019ont pas trouv\u00e9 de raison rationnelle.\u00a0\u00bb<\/em><\/p>\n<p style=\"text-align: justify;\">Il y a bien une concomitance entre l\u2019apparition des sympt\u00f4mes et l\u2019implantation des \u00e9oliennes, mais impossible de l\u2019expliquer scientifiquement. Alors, la discussion avec le directeur de la soci\u00e9t\u00e9 de gestion Caen Renewables Energy, qui exploite les \u00e9oliennes, reste au point mort.<\/p>\n<p style=\"text-align: justify;\">En 2015, Yann Joly trait ses derni\u00e8res vaches, licencie son salari\u00e9 et assigne l\u2019op\u00e9rateur \u00e9olien en justice. Apr\u00e8s un recours de la partie adverse, son dossier sera finalement plaid\u00e9 devant le tribunal judiciaire de Paris, le 1<sup>er<\/sup> mars prochain.<\/p>\n<p style=\"text-align: justify;\">Il y a une organisation de l\u2019opacit\u00e9 depuis de nombreuses ann\u00e9es<\/p>\n<p style=\"text-align: justify;\">Cet agriculteur picard n\u2019est pas un cas isol\u00e9. En 2020, dix \u00e9leveurs ont assign\u00e9 en justice RTE, Enedis, des op\u00e9rateurs de t\u00e9l\u00e9phonie ou des exploitants de parcs \u00e9oliens pour trouble anormal de voisinage. La plupart sont membres de l\u2019association Animaux sous tension et sont repr\u00e9sent\u00e9s par M<sup>e<\/sup> Lafforgue et ses associ\u00e9s, un cabinet qui a d\u00e9j\u00e0 d\u00e9fendu les victimes de l\u2019amiante, des pesticides ou de la pollution de l\u2019air. Des affaires avec lesquelles l\u2019avocat dresse un parall\u00e8le\u00a0: <em>\u00ab\u00a0Il y a une organisation de l\u2019opacit\u00e9 depuis de nombreuses ann\u00e9es, on a rendu invisible ce qui aurait d\u00fb \u00eatre port\u00e9 \u00e0 la connaissance de tous. Face aux \u00e9leveurs s\u2019est constitu\u00e9 ce qui s\u2019apparente \u00e0 un lobby \u00e9lectrique qui va se battre pour ne pas avoir \u00e0 verser d\u2019indemnisations, craignant que ce type de contentieux ne se d\u00e9veloppe.\u00a0\u00bb<\/em><\/p>\n<p style=\"text-align: justify;\">Les plaintes pourraient, en effet, se multiplier. Dans toutes les r\u00e9gions fran\u00e7aises, des \u00e9leveurs t\u00e9moignent de similaires et incompr\u00e9hensibles descentes aux enfers.<\/p>\n<p style=\"text-align: justify;\">Dans la <strong>Manche<\/strong>, depuis la fin des ann\u00e9es 1980, une dizaine d\u2019\u00e9leveurs ont vu\u00a0leur production laiti\u00e8re d\u00e9gringoler,\u00a0leurs vaches tomber malades apr\u00e8s la construction de lignes \u00e0 haute tension \u00e0 proximit\u00e9.<\/p>\n<p style=\"text-align: justify;\">Dans la <strong>Sarthe<\/strong>, le couple Brault <a href=\"https:\/\/www.ouest-france.fr\/pays-de-la-loire\/sarthe-cause-de-cette-antenne-risque-de-tout-perdre-6020616\">accuse depuis 12 ans<\/a>\u00a0une antenne-relais d\u2019\u00eatre \u00e0 l\u2019origine de son hypersensibilit\u00e9, de la mort d\u2019une vingtaine de veaux et de gros probl\u00e8mes de croissance de ses poulets. En 2013, dans l\u2019Orne, \u00e0 proximit\u00e9 d\u2019une autre antenne, les 1\u00a0600\u00a0poules des Goupil <a href=\"https:\/\/france3-regions.francetvinfo.fr\/normandie\/2015\/02\/11\/orne-les-poules-stressees-par-les-ondes-refusent-de-pondre-652997.html\">ont cess\u00e9 de pondre<\/a>.<\/p>\n<p style=\"text-align: justify;\">En <strong>Bretagne<\/strong>, \u00e0 Allineuc,\u00a0<a href=\"https:\/\/www.youtube.com\/watch?v=tfjtmdZNiPA\">l\u2019exploitation de St\u00e9phane Le Bechec<\/a> est cern\u00e9e par plusieurs lignes moyenne tension et deux antennes-relais. Il les soup\u00e7onne d\u2019\u00eatre responsables de la mort de 200 vaches et veaux depuis son installation en 2016. \u00c0 une centaine de kilom\u00e8tres de l\u00e0, \u00e0 Cr\u00e9din, les fr\u00e8res Le Strat <a href=\"https:\/\/france3-regions.francetvinfo.fr\/bretagne\/morbihan\/lorient\/mortalite-elevages-ondes-electriques-electromagnetiques-incriminees-1914702.html\">obtiennent le m\u00eame bilan macabre<\/a> depuis la construction d\u2019un nouveau b\u00e2timent d\u2019\u00e9levage entour\u00e9 par des \u00e9oliennes, une ligne haute tension et un transformateur.<\/p>\n<p style=\"text-align: justify;\">En 2017, en <strong>Is\u00e8re<\/strong>, Pierre Halimi <a href=\"https:\/\/france3-regions.francetvinfo.fr\/auvergne-rhone-alpes\/isere\/isere-ses-chiens-meurent-uns-apres-autres-appel-aide-eleveur-1318981.html\">a d\u00e9m\u00e9nag\u00e9 son refuge<\/a> pour chiens afin de l\u2019\u00e9loigner d\u2019une ligne \u00e0 haute tension apr\u00e8s qu\u2019une quarantaine de pensionnaires ont d\u00e9velopp\u00e9 des cancers.<\/p>\n<p style=\"text-align: justify;\">Dans la <strong>Sarthe<\/strong>,\u00a0Patrick Pilon a g\u00e9r\u00e9 l\u2019un des plus importants \u00e9levages de lapins fran\u00e7ais jusqu\u2019en 2019. Il soup\u00e7onne l\u2019arriv\u00e9e d\u2019un troisi\u00e8me op\u00e9rateur sur l\u2019antenne-relais voisine d\u2019avoir conduit son \u00e9levage \u00e0 la faillite\u00a0: en quatre ans, <a href=\"https:\/\/www.francebleu.fr\/infos\/agriculture-peche\/video-sarthe-un-eleveur-aurait-il-perdu-200-000-lapins-en-4-ans-a-cause-des-ondes-1548271663\">il a perdu 200\u00a0000 animaux<\/a>.<\/p>\n<p style=\"text-align: justify;\">Depuis qu\u2019en mars 2019 des \u00e9oliennes ont \u00e9t\u00e9 raccord\u00e9es au poste de transformation, les chevaux de Pierre-Yves Lemoine, dans l\u2019<strong>Orne<\/strong>, <a href=\"https:\/\/france3-regions.francetvinfo.fr\/normandie\/orne\/chevaux-buvaient-ils-electricite-eoliennes-1894878.html\">ne gagnent plus de courses<\/a>. De 200\u00a0000\u00a0euros de gains annuels, l\u2019\u00e9leveur atteint \u00e0 peine les 22\u00a0000\u00a0euros.<\/p>\n<p style=\"text-align: justify;\"><strong>Des \u00e9leveurs ont vu leur production grimper apr\u00e8s la coupure d\u2019une ligne \u00e0 proximit\u00e9<\/strong><\/p>\n<p style=\"text-align: justify;\">D\u2019autres, \u00e0 l\u2019inverse, ont retrouv\u00e9 des conditions d\u2019\u00e9levage normales apr\u00e8s la suppression ou le d\u00e9placement d\u2019un \u00e9quipement. En <strong>Charente-Maritime<\/strong>, <a href=\"https:\/\/www.sudouest.fr\/2019\/12\/12\/ces-ondes-qui-rendent-les-eleveurs-chevres-6947519-10142.php\">les ch\u00e8vres des Monsarat<\/a> ont retrouv\u00e9 la sant\u00e9 et produit du lait en quantit\u00e9 apr\u00e8s le remplacement d\u2019un vieux transformateur.\u00a0Dans plusieurs r\u00e9gions, des \u00e9leveurs de porcs, de poules ou de vaches ont vu leur production grimper apr\u00e8s la coupure d\u2019une ligne \u00e0 proximit\u00e9.<\/p>\n<p style=\"text-align: justify;\">Cette liste est loin d\u2019\u00eatre exhaustive. Gr\u00e2ce \u00e0 la presse r\u00e9gionale et sp\u00e9cialis\u00e9e, \u00e0 l\u2019association Animaux sous tension, aux recensements effectu\u00e9s par plusieurs \u00e9leveurs ou encore aux donn\u00e9es du GPSE, un groupe d\u2019experts sp\u00e9cialistes des probl\u00e8mes \u00e9lectriques dans les \u00e9levages, nous avons recens\u00e9 plus d\u2019une centaine d\u2019\u00e9leveurs suspectant des \u00e9quipements \u00e9lectriques et t\u00e9l\u00e9phoniques. Au moins la moiti\u00e9 d\u2019entre eux auraient vu appara\u00eetre ces nuisances au cours des dix derni\u00e8res ann\u00e9es.<\/p>\n<p style=\"text-align: justify;\">Quinze soup\u00e7onnent une antenne-relais, vingt autres des c\u00e2bles basse ou moyenne tension ou des transformateurs appartenant \u00e0 Enedis, au moins quinze \u00e9leveurs pointent, quant \u00e0 eux, un parc \u00e9olien. Ce sont les lignes \u00e0 haute ou tr\u00e8s haute tension qui concentrent le plus de griefs\u00a0: depuis les ann\u00e9es 1980, <a href=\"https:\/\/www.mediapart.fr\/studio\/panoramique\/de-l-electricite-dans-l-herbe-enquete-sur-des-elevages-en-souffrance?utm_source=&amp;utm_medium=email&amp;utm_campaign=relance_article_offert&amp;utm_content=&amp;utm_term=&amp;xtor=EPR-1013-%5B%5D&amp;M_BT=275395909069#annotation-01\">au moins 46 \u00e9leveurs les accusent de nuire ou d\u2019avoir nuit \u00e0 leurs \u00e9levages.*<\/a> 26 \u00e9leveurs contact\u00e9s par Mediapart ont chiffr\u00e9 les pertes qu\u2019ils imputent \u00e0 ces infrastructures \u00e9lectriques\u00a0: cumul\u00e9es, elles repr\u00e9sentent pr\u00e8s de 7\u00a0millions d\u2019euros, soit plus de 260\u00a0000\u00a0euros par \u00e9leveur..<\/p>\n<p style=\"text-align: justify;\">Une centaine d\u2019\u00e9leveurs, c\u2019est peu au regard des 172\u00a0000\u00a0\u00e9levages fran\u00e7ais, moins de 0,1\u00a0%. Mais, dans ces fermes, la situation est souvent dramatique.<\/p>\n<p style=\"text-align: justify;\">Tous racontent la m\u00eame histoire\u00a0: les b\u00eates qui semblent devenir folles, s\u2019affaiblissent, tombent malades ou meurent sans raison, la production en chute libre, les v\u00e9t\u00e9rinaires d\u00e9munis, les semaines de travail de 100 heures et les milliers d\u2019euros engloutis pour soigner leurs animaux, tenir la t\u00eate hors de l\u2019eau. Des ann\u00e9es de doutes et de remises en question qui rongent le moral, les finances, la vie de famille et m\u00e8nent parfois au pire.<\/p>\n<p style=\"text-align: justify;\">Apr\u00e8s avoir \u00e9cart\u00e9 une \u00e0 une les hypoth\u00e8ses les plus plausibles comme des probl\u00e8mes sanitaires, alimentaires ou g\u00e9n\u00e9tiques, leurs soup\u00e7ons se portent sur les ouvrages \u00e9lectriques voisins de leurs fermes. Mais aux observations des paysans s\u2019opposent les certitudes des experts et l\u2019arsenal juridique des g\u00e9ants de l\u2019\u00e9lectricit\u00e9 et des t\u00e9l\u00e9communications.<\/p>\n<p style=\"text-align: justify;\">Face \u00e0 la d\u00e9tresse des 15 \u00e9leveurs qui accusent des antennes-relais, la F\u00e9d\u00e9ration fran\u00e7aise des t\u00e9l\u00e9coms se contente ainsi de souligner dans un mail la faible proportion d\u2019exploitations concern\u00e9es. Elle rappelle que <em>\u00ab\u00a0toutes les autorit\u00e9s sanitaires ont conclu \u00e0 l\u2019absence de risques \u00e0 proximit\u00e9 des antennes-relais\u00a0\u00bb <\/em>et que <em>\u00ab\u00a0les niveaux d\u2019exposition sont bien inf\u00e9rieurs aux seuils r\u00e9glementaires\u00a0\u00bb<\/em>.<\/p>\n<p style=\"text-align: justify;\">\u00c9oliennes, lignes THT, transformateurs\u2026 Depuis\u00a0trente ans, la science peine \u00e0 comprendre leurs effets sur le vivant. C\u2019est ce que souligne l\u2019Agence nationale de s\u00e9curit\u00e9 sanitaire de l\u2019alimentation, de l\u2019environnement et du travail (Anses) dans plusieurs rapports. En 2015, dans <a href=\"https:\/\/www.anses.fr\/fr\/system\/files\/SANT2013sa0037Ra.pdf\">une publication<\/a> concernant les effets des lignes \u00e0 haute tension sur les \u00e9levages, elle indique\u00a0: <em>\u00ab\u00a0Bien que de rares effets aient \u00e9t\u00e9 observ\u00e9s chez les animaux <\/em>[\u2026]<em>, il reste difficile de se prononcer quant aux effets sanitaires directs des champs \u00e9lectromagn\u00e9tiques d\u2019extr\u00eamement basses fr\u00e9quences sur les animaux d\u2019\u00e9levage.\u00a0\u00bb<\/em><\/p>\n<p style=\"text-align: justify;\">Concernant les effets des \u00e9oliennes sur la sant\u00e9 humaine, l\u2019agence <a href=\"https:\/\/www.anses.fr\/fr\/content\/exposition-aux-basses-fr%C3%A9quences-et-infrasons-des-parcs-%C3%A9oliens-renforcer-l%E2%80%99information-des\">souligne en 2017<\/a> que <em>\u00ab\u00a0les effets potentiels sur la sant\u00e9 des infrasons et basses fr\u00e9quences produits par les \u00e9oliennes n\u2019ont fait l\u2019objet que de peu d\u2019\u00e9tudes scientifiques\u00a0\u00bb<\/em> et conclut n\u00e9anmoins par l\u2019absence<em> \u00ab\u00a0d\u2019effets sanitaires <\/em>[\u2026]<em> autres que la g\u00eane li\u00e9e au bruit audible\u00a0\u00bb<\/em>.<\/p>\n<p style=\"text-align: justify;\">Elle pr\u00e9cise aussi que <em>\u00ab\u00a0des effets biologiques induits par l\u2019exposition \u00e0 des niveaux \u00e9lev\u00e9s d\u2019infrasons\u00a0\u00bb<\/em> existent chez l\u2019animal. Mais des effets biologiques ne d\u00e9clenchent pas forc\u00e9ment de pathologies.<\/p>\n<p style=\"text-align: justify;\">L\u2019incertitude scientifique ne saurait interdire l\u2019indemnisation des \u00e9leveurs<\/p>\n<p style=\"text-align: justify;\">Peu d\u2019\u00e9tudes, peu de certitudes. Pour M<sup>e<\/sup> Lafforgue, la bataille des experts ne doit pas s\u2019imposer dans la balance judiciaire\u00a0: <em>\u00ab\u00a0On veut s\u2019extraire de l\u2019expertise dite scientifique dans ces dossiers. Elle vise souvent \u00e0 \u00e9carter la cause qui para\u00eet la plus \u00e9vidente. Les \u00e9leveurs n\u2019ont pas invent\u00e9 leurs probl\u00e8mes. Pour la plupart, ces nuisances sont survenues \u00e0 un moment o\u00f9 il y a eu une implantation \u00e9lectrique. L\u2019incertitude scientifique ne saurait interdire l\u2019indemnisation des \u00e9leveurs. On fait aussi \u00e9tat de certaines publications qui vont dans le sens de l\u2019existence d\u2019un lien.\u00a0\u00bb<\/em><\/p>\n<p style=\"text-align: justify;\">M\u00e9connus du grand public, les courants parasites sont les principaux suspects dans cette affaire. Ils sont induits dans certains sols ou dans des \u00e9l\u00e9ments m\u00e9talliques par des installations \u00e9lectriques \u00e0 proximit\u00e9.<\/p>\n<p style=\"text-align: justify;\"><strong>Serge Provost, pionnier du combat<\/strong><\/p>\n<p style=\"text-align: justify;\">Dans la Manche, il y a 30 ans, Serge Provost a \u00e9t\u00e9 le premier \u00e0 alerter de leur dangerosit\u00e9. En deux d\u00e9cennies, l\u2019\u00e9leveur a vu deux lignes \u00e0 tr\u00e8s haute tension fendre le d\u00e9partement du nord au sud et <a href=\"https:\/\/www.mediapart.fr\/studio\/panoramique\/de-l-electricite-dans-l-herbe-enquete-sur-des-elevages-en-souffrance?utm_source=&amp;utm_medium=email&amp;utm_campaign=relance_article_offert&amp;utm_content=&amp;utm_term=&amp;xtor=EPR-1013-%5B%5D&amp;M_BT=275395909069#annotation-02\">une dizaine de fermes d\u00e9p\u00e9rir \u00e0 proximit\u00e9, la sienne la premi\u00e8re*<\/a> Selon notre recensement, six \u00e9levages \u00e0 proximit\u00e9 de la ligne Menuel-Domloup, dont celui de Serge Provost, auraient \u00e9t\u00e9 gravement perturb\u00e9s apr\u00e8s sa mise en service en 1985 et huit autres apr\u00e8s celle de la ligne Cotentin-Maine en 2013. Dans cette derni\u00e8re, le transit est pourtant loin d\u2019\u00eatre \u00e0 son maximum\u00a0: en attendant la mise en service de l\u2019EPR de Flamanville, elle ne sert qu\u2019\u00e0 d\u00e9lester sa voisine..<\/p>\n<p style=\"text-align: justify;\">Depuis qu\u2019il est\u00a0\u00e0 la retraite, avec sa compagne, le Manchois parcourt la France au volant de son camping-car pour rencontrer les \u00e9leveurs en d\u00e9tresse. Au t\u00e9l\u00e9phone, au d\u00e9but de l\u2019automne, le proche d\u2019un \u00e9leveur du Nord-Pas-de-Calais s\u2019inqui\u00e8te. L\u2019agriculteur est au bord de la faillite et tr\u00e8s affect\u00e9 psychologiquement. Son exploitation est cern\u00e9e par une ligne \u00e9lectrique et un parc \u00e9olien. <em>\u00ab\u00a0Il faut qu\u2019il arr\u00eate, il n\u2019y a pas d\u2019autres solutions. Le terrain est trop pollu\u00e9\u00a0\u00bb<\/em>, tranche Serge Provost.<\/p>\n<p style=\"text-align: justify;\">Apr\u00e8s trente ans d\u2019observations et d\u2019investigations, l\u2019ancien \u00e9leveur a acquis une certitude\u00a0: \u00e0 proximit\u00e9 de certains ouvrages \u00e9lectriques, des \u00e9levages sont condamn\u00e9s.<\/p>\n<p style=\"text-align: justify;\">Pour Serge Provost, \u00ab\u00a0on n\u2019a plus le droit de laisser des jeunes s\u2019installer dans des environnements o\u00f9 il y a perturbations\u00a0\u00bb. \u00a9\u00a0M.L.C.<\/p>\n<p style=\"text-align: justify;\">Je me bats pour la m\u00e9moire de ceux qui ne sont plus l\u00e0 pour parler<\/p>\n<p style=\"text-align: justify;\">Cartons remplis de cassettes vid\u00e9o ou de photos, proc\u00e9dures judiciaires, expertises \u00e9lectriques et sanitaires\u2026 Dans sa grange, des centaines de pi\u00e8ces \u00e0 conviction racontent l\u2019histoire de sa lutte et celle d\u2019une dizaine d\u2019autres \u00e9leveurs qui n\u2019attendent qu\u2019une chose\u00a0: la reconnaissance de ces nuisances, leur indemnisation et la mise en place de nouvelles normes \u00e9lectriques pour s\u00e9curiser les \u00e9levages. <em>\u00ab\u00a0\u00c7a a \u00e9t\u00e9 un combat acharn\u00e9, un combat d\u2019une in\u00e9galit\u00e9 incroyable parce qu\u2019on est tout petits, on est des moins que rien. Aujourd\u2019hui, je me bats pour la m\u00e9moire de ceux qui ne sont plus l\u00e0 pour parler. Beaucoup d\u2019\u00e9leveurs qui ne sont plus de ce monde ne m\u00e9ritaient pas de vivre ces choses-l\u00e0.\u00a0\u00bb<\/em><\/p>\n<p style=\"text-align: justify;\">Les emplacements des fermes de Serge Provost, Thierry Charuel et Dominique Vaupr\u00e8s visualis\u00e9s par rapport aux lignes de transport d\u2019\u00e9lectricit\u00e9. \u00a9\u00a0Capture d\u2019\u00e9cran <a href=\"https:\/\/www.geoportail.gouv.fr\/carte?c=-1.6296548122171575,49.028738041552145&amp;z=9&amp;l0=GEOGRAPHICALGRIDSYSTEMS.MAPS::GEOPORTAIL:OGC:WMTS(0.24)&amp;l1=UTILITYANDGOVERNMENTALSERVICES.ALL:WMTS(1)&amp;d2=3114691(1)&amp;d3=3114694(1)&amp;d4=3114712(1)&amp;permalink=yes\">G\u00e9oportail<\/a><\/p>\n<p style=\"text-align: justify;\">Pour Serge Provost, tout commence avec la mise en service de la ligne \u00e0 tr\u00e8s haute tension (THT) Menuel-Domloup. Cette double ligne de 400\u00a0000\u00a0V transporte l\u2019\u00e9lectricit\u00e9 produite par la centrale nucl\u00e9aire de Flamanville vers le poste \u00e9lectrique de Domloup, au sud de Rennes. Une cinquantaine de fermes sont situ\u00e9es \u00e0 moins de 100\u00a0m\u00e8tres. En 1989, puis en 1996, la ligne est raccord\u00e9e \u00e0 mi-parcours au transformateur \u00e9lectrique de Launay.<\/p>\n<p style=\"text-align: justify;\">Au moment du premier raccordement, cela fait pr\u00e8s de 20 ans que Serge a repris la ferme familiale \u00e0 Saint-Laurent-de-Terregatte, \u00e0 quelques centaines de m\u00e8tres du transformateur. Il a quasiment fini de payer ses emprunts. Il signe la d\u00e9claration d\u2019utilit\u00e9 publique sans se poser de questions.<\/p>\n<p style=\"text-align: justify;\">Mais sur l\u2019exploitation, rien ne va plus se passer normalement. \u00c0 l\u2019hiver 1990, il perd huit veaux, en 1991, neuf vaches avortent. Il constate ensuite d\u2019importants retards de croissance, des probl\u00e8mes de f\u00e9condit\u00e9 et comptabilise chaque ann\u00e9e une centaine de mammites, des infections de mamelles.<\/p>\n<p style=\"text-align: justify;\">Les v\u00e9t\u00e9rinaires n\u2019y comprennent rien. Ils se succ\u00e8dent pour constater les d\u00e9g\u00e2ts sans en trouver l\u2019origine. Pour la chambre d\u2019agriculture, <em>\u00ab\u00a0le troupeau de\u00a0M. Provost est tr\u00e8s bien conduit\u00a0: les r\u00e9sultats du contr\u00f4le laitier <\/em>[\u2026]<em> l\u2019attestent\u00a0\u00bb<\/em> et <em>\u00ab\u00a0il est difficile d\u2019attribuer les pathologies rencontr\u00e9es \u00e0 une erreur \u00e9vidente de conduite du troupeau\u00a0\u00bb<\/em>.<\/p>\n<p style=\"text-align: justify;\">L\u2019\u00e9leveur r\u00e9alise qu\u2019il n\u2019est pas seul\u00a0: dans d\u2019autres r\u00e9gions, six \u00e9leveurs accusent, eux aussi, les ouvrages \u00e9lectriques d\u2019EDF. Ils se r\u00e9unissent et cr\u00e9ent l\u2019association Animaux sous tension, en 1993.<\/p>\n<p style=\"text-align: justify;\"><em>\u00ab\u00a0Nous voulions savoir pourquoi certaines fermes sous les lignes THT n\u2019avaient pas de soucis et d\u2019autres, oui. D\u2019o\u00f9 venaient les tensions parasites\u00a0?\u00a0\u00bb<\/em><\/p>\n<p style=\"text-align: justify;\">Des questions que balaient alors les repr\u00e9sentants d\u2019EDF. Dans le quotidien r\u00e9gional <em>Ouest-France<\/em>, en 1992, Pierre Delaporte, PDG de l\u2019entreprise, d\u00e9clare\u00a0: <em>\u00ab\u00a0\u00c0 chaque fois que nous demandons une expertise aux v\u00e9t\u00e9rinaires, ils reviennent en se bidonnant\u2026 Parce que les b\u00eates malades sont des b\u00eates mal soign\u00e9es.\u00a0\u00bb <\/em>Le ton est donn\u00e9.<\/p>\n<p style=\"text-align: justify;\">\u2026<\/p>\n<p><strong>La suite sur le site de mediapart<\/strong><\/p>\n","protected":false},"excerpt":{"rendered":"<p>De l\u2019\u00e9lectricit\u00e9 dans l\u2019herbe\u00a0: enqu\u00eate sur des \u00e9levages en souffrance<\/p>\n","protected":false},"author":4,"featured_media":0,"comment_status":"closed","ping_status":"open","sticky":false,"template":"","format":"standard","meta":{"footnotes":""},"categories":[1],"tags":[],"class_list":["post-7026","post","type-post","status-publish","format-standard","hentry","category-non-classe"],"_links":{"self":[{"href":"https:\/\/collectif-accad.fr\/site\/wp-json\/wp\/v2\/posts\/7026","targetHints":{"allow":["GET"]}}],"collection":[{"href":"https:\/\/collectif-accad.fr\/site\/wp-json\/wp\/v2\/posts"}],"about":[{"href":"https:\/\/collectif-accad.fr\/site\/wp-json\/wp\/v2\/types\/post"}],"author":[{"embeddable":true,"href":"https:\/\/collectif-accad.fr\/site\/wp-json\/wp\/v2\/users\/4"}],"replies":[{"embeddable":true,"href":"https:\/\/collectif-accad.fr\/site\/wp-json\/wp\/v2\/comments?post=7026"}],"version-history":[{"count":2,"href":"https:\/\/collectif-accad.fr\/site\/wp-json\/wp\/v2\/posts\/7026\/revisions"}],"predecessor-version":[{"id":7028,"href":"https:\/\/collectif-accad.fr\/site\/wp-json\/wp\/v2\/posts\/7026\/revisions\/7028"}],"wp:attachment":[{"href":"https:\/\/collectif-accad.fr\/site\/wp-json\/wp\/v2\/media?parent=7026"}],"wp:term":[{"taxonomy":"category","embeddable":true,"href":"https:\/\/collectif-accad.fr\/site\/wp-json\/wp\/v2\/categories?post=7026"},{"taxonomy":"post_tag","embeddable":true,"href":"https:\/\/collectif-accad.fr\/site\/wp-json\/wp\/v2\/tags?post=7026"}],"curies":[{"name":"wp","href":"https:\/\/api.w.org\/{rel}","templated":true}]}}