{"id":7013,"date":"2021-02-15T02:37:06","date_gmt":"2021-02-15T01:37:06","guid":{"rendered":"https:\/\/collectif-accad.fr\/site\/?p=7013"},"modified":"2021-04-05T06:32:37","modified_gmt":"2021-04-05T04:32:37","slug":"infos-5g-du-15-fevrier-2021","status":"publish","type":"post","link":"https:\/\/collectif-accad.fr\/site\/infos-5g-du-15-fevrier-2021\/","title":{"rendered":"Infos 5G du 15 f\u00e9vrier 2021"},"content":{"rendered":"<p style=\"text-align: justify;\"><img loading=\"lazy\" decoding=\"async\" class=\"size-full wp-image-7012 aligncenter\" src=\"https:\/\/collectif-accad.fr\/site\/wp-content\/uploads\/2021\/02\/Barricadage-210117-1.jpg\" alt=\"\" width=\"500\" height=\"540\" srcset=\"https:\/\/collectif-accad.fr\/site\/wp-content\/uploads\/2021\/02\/Barricadage-210117-1.jpg 500w, https:\/\/collectif-accad.fr\/site\/wp-content\/uploads\/2021\/02\/Barricadage-210117-1-278x300.jpg 278w\" sizes=\"auto, (max-width: 500px) 100vw, 500px\" \/><\/p>\n<h2 style=\"text-align: justify;\"><strong>Au sommaire\u00a0<\/strong><\/h2>\n<p style=\"text-align: justify;\"><strong>Distribution de tracts \u00e0 Aix-Noulette ; un village normand r\u00e9siste ; travail avec les mairies ; la 5G nuit gravement au climat ; divers documents<\/strong><\/p>\n<p style=\"text-align: center;\"><!--more--><\/p>\n<p style=\"text-align: center;\"><span style=\"font-size: 24pt; color: #ff0000;\"><strong>Distribution de tracts \u00e0 Aix-Noulette<\/strong><\/span><\/p>\n<p style=\"text-align: justify;\">Cela a \u00e9t\u00e9 fait par une \u00e9quipe de 7 personnes le samedi 13 au matin. Il faisait froid mais le fait de marcher a permis d\u2019assurer la distribution dans des conditions acceptables.<\/p>\n<p style=\"text-align: justify;\"><strong>Ce tract est intitul\u00e9\u00a0: <\/strong><\/p>\n<p style=\"text-align: justify;\"><strong><span style=\"font-size: 18pt;\">5G\u00a0: un cadeau empoisonn\u00e9<\/span><\/strong><\/p>\n<p style=\"text-align: justify;\">C\u2019est un nouveau tract du collectif<\/p>\n<p style=\"text-align: center;\"><a href=\"https:\/\/collectif-accad.fr\/site\/wp-content\/uploads\/2021\/02\/5G_On-nous-ment-210214.docx\"><span style=\"font-size: 24pt;\"><strong>5G_On nous ment 210214<\/strong><\/span><\/a><\/p>\n<p style=\"text-align: justify;\">Vous pouvez l\u2019imprimer et le transmettre \u00e0 qui vous voulez.<\/p>\n<p style=\"text-align: center;\">************\u00a0\u00a0\u00a0\u00a0\u00a0\u00a0 ***********<\/p>\n<p style=\"text-align: left;\"><strong>Un village normand r\u00e9siste \u00e0 l\u2019antenne relais d\u2019Elon Musk<\/strong><\/p>\n<p style=\"text-align: justify;\">La soci\u00e9t\u00e9 SpaceX du milliardaire am\u00e9ricain souhaitait installer \u00e0 Saint-Senier-de-Beuvron (Manche) \u00ab une station terrestre \u00bb pour ses futurs satellites.<\/p>\n<p style=\"text-align: justify;\"><a href=\"https:\/\/www.leparisien.fr\/sciences\/un-village-normand-resiste-a-l-antenne-relais-d-elon-musk-06-02-2021-8423546.php\">https:\/\/www.leparisien.fr\/sciences\/un-village-normand<\/a><\/p>\n<p style=\"text-align: justify;\">voir le document du journal \u00ab\u00a0le point\u00a0\u00bb<\/p>\n<p style=\"text-align: justify;\"><span style=\"font-size: 18pt;\"><a href=\"https:\/\/collectif-accad.fr\/site\/wp-content\/uploads\/2021\/02\/SatellitesElonMuskStarlink2021-02-07.pdf\">SatellitesElonMuskStarlink2021-02-07<\/a><\/span><\/p>\n<p style=\"text-align: justify;\">Commentaire re\u00e7u\u00a0:<\/p>\n<p style=\"text-align: justify;\">le programme Starlink lanc\u00e9 par SpaceX (satellites d\u2019Elon Musk) oblige \u00e0 construire au sol, des d\u00f4mes motoris\u00e9s pour capter le signal des satellites en orbite. Au final, il y en aura des milliers (de satellites).<\/p>\n<p style=\"text-align: justify;\">Projet impos\u00e9, sans en informer compl\u00e8tement les Maires concern\u00e9s. Ca continue de plus belle et E llon Musk s&rsquo;en fout, il est \u00e0 la t\u00eate d&rsquo;une fortune sans nom !!!!\u00a0 C&rsquo;est l&rsquo;autorit\u00e9 fran\u00e7aise de r\u00e9gulation des communications \u00e9lectroniques\u00a0 qui autorises ces installations\u00a0; il doit y en voir une \u00e0 Gravelines !!!<\/p>\n<p style=\"text-align: center;\">************\u00a0\u00a0\u00a0\u00a0\u00a0\u00a0 ***********<\/p>\n<p style=\"text-align: center;\"><strong>Travail avec les mairies<\/strong><\/p>\n<p style=\"text-align: justify;\">Nous engageons dans la Loire des actions en direction des municipalit\u00e9s<\/p>\n<p style=\"text-align: justify;\">&#8211; nous n&rsquo;avons pas de locomotive (pas de grande mairie qui se soit engag\u00e9e dans une d\u00e9marche d&rsquo;opposition : toutes sont pro-techno).<\/p>\n<p style=\"text-align: justify;\">&#8211; nous visons donc plut\u00f4t des communes rurales ou interm\u00e9diaires :<\/p>\n<p style=\"text-align: justify;\"><strong>1\u00b0 Une action en direction d&rsquo;une commune de 4000 habitants<\/strong> : on l&rsquo;a d\u00e9j\u00e0 conseill\u00e9 pour des d\u00e9lib\u00e9rations anti-Linky, il s&rsquo;agit l\u00e0 d&rsquo;organiser un d\u00e9bat pr\u00e9alable aupr\u00e8s de la population car l&rsquo;\u00e9quipe municipale se sent peu soutenue.<\/p>\n<p style=\"text-align: justify;\">L&rsquo;adjointe a donc contact\u00e9 l&rsquo;adjointe responsable du dossier \u00e0 Poitiers (qui organise un jury citoyen), nous avons \u00e9chang\u00e9 en visioconf\u00e9rence. Celle-ci pr\u00e9voit 8 \u00e0 10 s\u00e9ances de mars \u00e0 juin, le rendu du travail du jury (ou de la \u00ab\u00a0convention\u00a0\u00bb, le nom n&rsquo;est pas stabilis\u00e9) se fera \u00e0 un conseil municipal en d\u00e9cembre. Toute la proc\u00e9dure devrait \u00eatre publique, notamment \u00e0 travers une plateforme<\/p>\n<p style=\"text-align: justify;\">\u00a0<a href=\"https:\/\/jeparticipe-grandpoitiers.fr\/\">https:\/\/jeparticipe-grandpoitiers.fr\/<\/a>.<\/p>\n<p style=\"text-align: justify;\">Elle dit travailler en lien avec les \u00e9quipes municipales de Nantes et surtout de Rennes.<\/p>\n<p style=\"text-align: justify;\"><strong>2\u00b0 Action en direction de plusieurs communes de la plaine et des monts du Forez<\/strong><\/p>\n<p style=\"text-align: justify;\">&#8211; visioconf\u00e9rence sur la 5G aupr\u00e8s du public : le support change, mais c&rsquo;est la poursuite de nos r\u00e9unions d&rsquo;info sur la 5G (d\u00e9j\u00e0 6 conduites pr\u00e9c\u00e9demment en physique, vid\u00e9o + d\u00e9bat).<\/p>\n<p style=\"text-align: justify;\">&#8211; une deuxi\u00e8me visio est organis\u00e9e en direction des \u00e9lu.e.s de la zone. C&rsquo;est notre premi\u00e8re. \u00a0<strong>Si, de votre c\u00f4t\u00e9, vous avez men\u00e9 ce type d&rsquo;info et avez produit des supports vous est-il possible de nous les communiquer ?<\/strong><\/p>\n<p style=\"text-align: justify;\"><strong>3\u00b0 Du c\u00f4t\u00e9 des sources : l&rsquo;une des villes les plus avanc\u00e9es dans cette logique de participation citoyenne est Rennes :<\/strong><\/p>\n<p style=\"text-align: justify;\"><a href=\"https:\/\/metropole.rennes.fr\/une-mission-detude-mene-la-reflexion-sur-la-5g\">https:\/\/metropole.rennes.fr\/une-mission-detude-mene-la-r<\/a><\/p>\n<p style=\"text-align: justify;\">avec plusieurs documents expliquant leur d\u00e9marche, dont vid\u00e9o.<\/p>\n<p style=\"text-align: justify;\"><a href=\"https:\/\/metropole.rennes.fr\/les-ondes-electromagnetiques\">https:\/\/metropole.rennes.fr\/les-ondes-electromagnetiques<\/a><\/p>\n<p style=\"text-align: justify;\">page sp\u00e9cifique d&rsquo;information, avec une charte pour les antennes-relais, et le stockage de toutes les dclarations DIM pour les antennes-relais de la m\u00e9tropole.<\/p>\n<p style=\"text-align: justify;\"><strong>4\u00b0 &#8230; Strasbourg : 4 IMPACTS \u00c9CONOMIQUES, ENVIRONNEMENTAUX, SANITAIRES ET SOCI\u00c9TAUX DE LA 5G<\/strong><\/p>\n<p style=\"text-align: justify;\"><a href=\"https:\/\/participer.strasbourg.eu\/detail-participation\/-\/entity\/id\/58749791\">https:\/\/participer.strasbourg.eu\/detail-participatio<\/a><\/p>\n<p style=\"text-align: justify;\">l\u00e0 aussi beaucoup de documents, vid\u00e9os<\/p>\n<p style=\"text-align: justify;\"><strong>Autre d\u00e9marche : une ICE (Initiative Citoyenne Europ\u00e9enne) pour s&rsquo;opposer \u00e0 la 5G <\/strong>est en train d&rsquo;\u00eatre n\u00e9goci\u00e9e au niveau europ\u00e9en (des organisations de 23 pays sur 27 y participent.<\/p>\n<p style=\"text-align: justify;\"><strong>Qu\u2019est-ce qu\u2019une ICE (ou ECI, European Citizens\u2019 Initiative)\u00a0?<\/strong><br \/>\nC\u2019est un droit d\u2019interpellation directe de la Commission europ\u00e9enne afin de proposer une modification l\u00e9gislative (directive ou r\u00e9glement). Pour qu\u2019elle soit prise en consid\u00e9ration par la Commission, l\u2019Initiative doit r\u00e9colter les signatures d\u2019au moins un million de citoyens habitant au moins 7 pays de l\u2019UE.<\/p>\n<p style=\"text-align: justify;\">Nous avons mont\u00e9 un embryon de collectif fran\u00e7ais pour participer \u00e0 cette n\u00e9gociation (plusieurs membres de collectifs ont \u00e9t\u00e9 contact\u00e9s mais n&rsquo;ont pas souhait\u00e9 s&rsquo;y engager). Dans cette phase de n\u00e9gociation il \u00e9tait difficile d&rsquo;ouvrir un d\u00e9bat large (il faut d\u00e9j\u00e0 prendre en compte les sensibilit\u00e9s tr\u00e8s diff\u00e9rentes entre pays !).<\/p>\n<p style=\"text-align: justify;\">Mais la phase suivante, pour informer et recueillir les signatures, demandera une mobilisation bien plus large et &#8211; nous le souhaitons &#8211; pourrait \u00eatre l&rsquo;occasion de manifestations, actions diverses qui seraient le moteur d&rsquo;une dynamique populaire pour s&rsquo;opposer \u00e0 la 5G.<\/p>\n<p style=\"text-align: justify;\">On peut d&rsquo;ores et d\u00e9j\u00e0 en d\u00e9battre !<\/p>\n<p style=\"text-align: justify;\"><strong>Pour le collectif Stop Linky 5G Loire<\/strong><\/p>\n<p style=\"text-align: center;\"><strong>************\u00a0\u00a0\u00a0\u00a0\u00a0\u00a0 ***********<\/strong><\/p>\n<p style=\"text-align: center;\"><strong>Un document tr\u00e8s int\u00e9ressant<\/strong><\/p>\n<p style=\"text-align: justify;\"><a href=\"https:\/\/ccaves.org\/blog\/antennes-relais-4g-5g-micro-antennes-antennes-relais-directive-photonique\/\">https:\/\/ccaves.org\/blog\/antennes-relais-4g-5g<\/a><\/p>\n<p style=\"text-align: justify;\">\u00e9crit par le collectif Vallon<\/p>\n<p style=\"text-align: justify;\">Notamment ceci\u00a0:<\/p>\n<p style=\"text-align: justify;\"><strong><a href=\"https:\/\/collectif-accad.fr\/site\/wp-content\/uploads\/2021\/02\/5G-apercu-de-la-question.docx\"><span style=\"font-size: 18pt;\">5G aper\u00e7u de la question<\/span><\/a><\/strong><\/p>\n<p style=\"text-align: center;\"><strong>************\u00a0\u00a0\u00a0\u00a0\u00a0\u00a0 ***********<\/strong><\/p>\n<p style=\"text-align: center;\"><strong>Un documentaire qui m\u00e9rite l\u2019attention<\/strong><\/p>\n<p style=\"text-align: justify;\"><a href=\"https:\/\/collectif-accad.fr\/site\/wp-content\/uploads\/2021\/02\/Appel-a-suspendre-la-5G.docx\"><span style=\"font-size: 18pt;\"><strong>Appel \u00e0 suspendre la 5G<\/strong><\/span><\/a><\/p>\n<p style=\"text-align: center;\">************\u00a0\u00a0\u00a0\u00a0\u00a0\u00a0 ***********<\/p>\n<p style=\"text-align: left;\"><strong>Les risques sanitaires majeurs li\u00e9s au fallacieux paradigme thermique<\/strong><\/p>\n<p style=\"text-align: justify;\"><a href=\"https:\/\/www.stopponsla5g.ca\/post\/les-risques-sanitaires-majeurs-li%C3%A9s-au-fallacieux-paradigme-thermique?fbclid=IwAR3yPMA7nsFIlCjTK7uIEWSAWsHXXeI9SpH9M6v6rCLWQ_mq2eg31WdGMHg\">https:\/\/www.stopponsla5g.ca\/post\/les-risques-sanitair<\/a><\/p>\n<p style=\"text-align: center;\">************\u00a0\u00a0\u00a0\u00a0\u00a0\u00a0 ***********<\/p>\n<p style=\"text-align: center;\"><strong>LA 5G nuit gravement au climat<\/strong><\/p>\n<p style=\"text-align: justify;\">Rapport du Haut Conseil pour le Climat<\/p>\n<p style=\"text-align: justify;\"><em>Confirmant les inqui\u00e9tudes des associations qui n\u2019ont eu de cesse de r\u00e9clamer une \u00e9valuation environnementale et sanitaire avant tout d\u00e9ploiement de la 5G, le Haut Conseil pour le Climat vient de rendre public un rapport mettant en \u00e9vidence l\u2019impact significatif de la 5\u00e8me g\u00e9n\u00e9ration de t\u00e9l\u00e9phonie mobile sur nos \u00e9missions de gaz \u00e0 effet de serre.<\/em><\/p>\n<p style=\"text-align: justify;\"><em>\u2026<\/em><\/p>\n<p style=\"text-align: justify;\"><em>A l\u2019heure o\u00f9 le chef de l\u2019Etat souhaite un r\u00e9f\u00e9rendum pour inscrire la lutte contre le d\u00e9r\u00e8glement climatique dans la Constitution, et tandis que le Conseil d\u2019Etat a donn\u00e9 trois mois au gouvernement pour justifier de son action en faveur du climat, il serait inconcevable que le gouvernement ne revienne pas sur sa d\u00e9cision d\u2019attribuer les fr\u00e9quences 5G. Il en va de la cr\u00e9dibilit\u00e9 de la parole du chef de l\u2019Etat.<\/em><\/p>\n<p style=\"text-align: justify;\">priartem.fr<\/p>\n<p style=\"text-align: justify;\">Commentaire\u00a0: il y a de fortes chances que le pouvoir en place\u00a0 ne tienne pas compte de ce rapport\u00a0; et qu\u2019il laisse faire les implantations d\u2019antennes 5G<\/p>\n","protected":false},"excerpt":{"rendered":"<p>Au sommaire\u00a0 Distribution de tracts \u00e0 Aix-Noulette ; un village normand r\u00e9siste ; travail avec les mairies ; la 5G nuit gravement au climat ; divers documents<\/p>\n","protected":false},"author":4,"featured_media":0,"comment_status":"closed","ping_status":"open","sticky":false,"template":"","format":"standard","meta":{"footnotes":""},"categories":[1],"tags":[],"class_list":["post-7013","post","type-post","status-publish","format-standard","hentry","category-non-classe"],"_links":{"self":[{"href":"https:\/\/collectif-accad.fr\/site\/wp-json\/wp\/v2\/posts\/7013","targetHints":{"allow":["GET"]}}],"collection":[{"href":"https:\/\/collectif-accad.fr\/site\/wp-json\/wp\/v2\/posts"}],"about":[{"href":"https:\/\/collectif-accad.fr\/site\/wp-json\/wp\/v2\/types\/post"}],"author":[{"embeddable":true,"href":"https:\/\/collectif-accad.fr\/site\/wp-json\/wp\/v2\/users\/4"}],"replies":[{"embeddable":true,"href":"https:\/\/collectif-accad.fr\/site\/wp-json\/wp\/v2\/comments?post=7013"}],"version-history":[{"count":6,"href":"https:\/\/collectif-accad.fr\/site\/wp-json\/wp\/v2\/posts\/7013\/revisions"}],"predecessor-version":[{"id":7275,"href":"https:\/\/collectif-accad.fr\/site\/wp-json\/wp\/v2\/posts\/7013\/revisions\/7275"}],"wp:attachment":[{"href":"https:\/\/collectif-accad.fr\/site\/wp-json\/wp\/v2\/media?parent=7013"}],"wp:term":[{"taxonomy":"category","embeddable":true,"href":"https:\/\/collectif-accad.fr\/site\/wp-json\/wp\/v2\/categories?post=7013"},{"taxonomy":"post_tag","embeddable":true,"href":"https:\/\/collectif-accad.fr\/site\/wp-json\/wp\/v2\/tags?post=7013"}],"curies":[{"name":"wp","href":"https:\/\/api.w.org\/{rel}","templated":true}]}}