{"id":7000,"date":"2021-02-09T02:51:01","date_gmt":"2021-02-09T01:51:01","guid":{"rendered":"https:\/\/collectif-accad.fr\/site\/?p=7000"},"modified":"2021-02-08T07:53:21","modified_gmt":"2021-02-08T06:53:21","slug":"pas-de-linky-pas-delectricite","status":"publish","type":"post","link":"https:\/\/collectif-accad.fr\/site\/pas-de-linky-pas-delectricite\/","title":{"rendered":"Pas de linky, pas d\u2019\u00e9lectricit\u00e9\u00a0?"},"content":{"rendered":"<h2 style=\"text-align: left;\"><strong>Enedis met-il ses clients sous pression ?<\/strong><\/h2>\n<p style=\"text-align: justify;\"><img loading=\"lazy\" decoding=\"async\" class=\" wp-image-6999 aligncenter\" src=\"https:\/\/collectif-accad.fr\/site\/wp-content\/uploads\/2021\/02\/Pasdelectricite.jpg\" alt=\"\" width=\"599\" height=\"698\" srcset=\"https:\/\/collectif-accad.fr\/site\/wp-content\/uploads\/2021\/02\/Pasdelectricite.jpg 552w, https:\/\/collectif-accad.fr\/site\/wp-content\/uploads\/2021\/02\/Pasdelectricite-258x300.jpg 258w\" sizes=\"auto, (max-width: 599px) 100vw, 599px\" \/><\/p>\n<p style=\"text-align: justify;\"><!--more--><\/p>\n<p style=\"text-align: justify;\">Conserver son compteur \u00ab\u00a0classique\u00a0\u00bb, mais sans \u00e9lectricit\u00e9, ou retrouver le courant mais avec un Linky. Voil\u00e0 le choix auquel plusieurs familles de la r\u00e9gion Nouvelle-Aquitaine affirment \u00eatre confront\u00e9es. Argumentant que le Linky est obligatoire, des prestataires d\u2019Enedis refusent selon elles de leur remettre le courant sans changement de compteur \u2013 qui \u00e9quipe n\u00e9anmoins d\u00e9sormais une large majorit\u00e9 des foyers girondins et n\u00e9o-aquitains.<\/p>\n<p style=\"text-align: justify;\">\u00ab\u00a0C\u2019est tout simplement du chantage.\u00a0\u00bb Pour d\u00e9crire les pratiques d\u2019Enedis, madame Ardouin ne m\u00e2che pas ses mots. Dans l\u2019appartement qu\u2019elle met en location \u00e0 Libourne, elle refuse d\u2019installer un compteur Linky. En retour, Enedis refuse de lui remettre l\u2019\u00e9lectricit\u00e9.<\/p>\n<p style=\"text-align: justify;\">En janvier 2020, son locataire quitte les lieux. La mairie demande alors quelques travaux de r\u00e9fection, ce que madame Ardouin s\u2019empresse de faire. En septembre : surprise ! L\u2019\u00e9lectricit\u00e9 est coup\u00e9e sans le moindre avertissement. Elle contacte donc Enedis, demande de basculer le compteur \u00e0 son nom pour retrouver le courant, finaliser les travaux et relouer. La r\u00e9ponse est imm\u00e9diate :<\/p>\n<p style=\"text-align: justify;\">\u00ab\u00a0D\u2019accord pour vous remettre l\u2019\u00e9lectricit\u00e9, si et seulement si on vous pose un Linky\u00a0\u00bb.<\/p>\n<p style=\"text-align: justify;\">Madame Ardouin s\u2019y refuse :<\/p>\n<p style=\"text-align: justify;\">\u00ab\u00a0Mon compteur est parfaitement fonctionnel ! Je ne veux pas de Linky \u00e0 la place\u00a0\u00bb.<\/p>\n<p style=\"text-align: justify;\">Faute de courant, l\u2019\u00e9tat de l\u2019appartement se d\u00e9grade :<\/p>\n<p style=\"text-align: justify;\">\u00ab\u00a0On ne peut pas remettre la chaudi\u00e8re pour essayer de s\u00e9cher l\u2019int\u00e9rieur, il y a de la condensation, de l\u2019eau sur les murs\u2026 on ne peut pas non plus refaire les peintures.\u00a0\u00bb<\/p>\n<p style=\"text-align: justify;\">Les rendez-vous planifi\u00e9s avec Enedis ont tous \u00e9t\u00e9 annul\u00e9s, puisqu\u2019ils signifiaient automatiquement la pose d\u2019un Linky.<\/p>\n<p style=\"text-align: justify;\">\u00ab\u00a0Je tiens \u00e0 mes convictions. Je ne les laisse pas entrer dans l\u2019appartement\u00a0\u00bb.<\/p>\n<p style=\"text-align: justify;\"><strong>\u00ab\u00a0On est pris en otage\u00a0\u00bb<\/strong><\/p>\n<p style=\"text-align: justify;\">Le cas de madame Ardouin n\u2019est pas isol\u00e9. Madame Winter et madame Pons, toutes deux dans le Sud-Gironde, ont eu le m\u00eame probl\u00e8me : Enedis cherchait \u00e0 leur imposer un Linky pour qu\u2019elles retrouvent le courant.<\/p>\n<p style=\"text-align: justify;\">Madame Pons a toutefois \u00ab\u00a0l\u2019avantage\u00a0\u00bb d\u2019avoir le compteur \u00e0 l\u2019int\u00e9rieur de son appartement, \u00ab\u00a0ils n\u2019ont pas pu installer le compteur\u00a0\u00bb. Sa maison est divis\u00e9e en deux, car une partie est en location : ce sont donc deux contrats diff\u00e9rents.<\/p>\n<p style=\"text-align: justify;\">\u00ab\u00a0Du c\u00f4t\u00e9 d\u2019Engie, ils ont voulu m\u2019imposer un Linky. J\u2019ai appel\u00e9 EDF, qui m\u2019a assur\u00e9 que ce n\u2019\u00e9tait absolument pas obligatoire. Cela d\u00e9pend vraiment de la personne sur qui on tombe.\u00a0\u00bb<\/p>\n<p style=\"text-align: justify;\">La situation de madame Winter est tout \u00e0 fait semblable.<\/p>\n<p style=\"text-align: justify;\">\u00ab\u00a0Ma famille va emm\u00e9nager dans une maison de 1982, alors on a fait remettre les tableaux aux normes.\u00a0\u00bb<\/p>\n<p style=\"text-align: justify;\">Le 22 d\u00e9cembre 2020, un sous-traitant mandat\u00e9 par Enedis vient lui remettre l\u2019\u00e9lectricit\u00e9. Sur le compteur, elle avait coll\u00e9 des autocollants anti-Linky. Le refus de l\u2019employ\u00e9 est imm\u00e9diat.<\/p>\n<p style=\"text-align: justify;\">\u00ab\u00a0Il m\u2019a soutenu que le Linky \u00e9tait obligatoire, je lui ai dit que non. Il m\u2019a expliqu\u00e9 la consigne d\u2019Enedis : \u201cPas de Linky, pas d\u2019\u00e9lectricit\u00e9.\u201d Il a fait un rapport et il est reparti sans mettre le courant.\u00a0\u00bb<\/p>\n<p style=\"text-align: justify;\">Elle se retrouve avec le m\u00eame probl\u00e8me que madame Ardouin : sans \u00e9lectricit\u00e9, impossible de faire les travaux d\u2019am\u00e9nagement de la maison. Madame Winter multiplie les appels, avec \u00e0 chaque fois un nouvel interlocuteur et une nouvelle r\u00e9clamation, mais en vain. \u00ab\u00a0On est pris en otage.\u00a0\u00bb<\/p>\n<p style=\"text-align: justify;\"><strong>H\u00e9raut des compteurs<\/strong><\/p>\n<p style=\"text-align: justify;\">Elle contacte donc St\u00e9phane Lhomme, animateur du\u00a0<a href=\"https:\/\/rue89bordeaux.com\/2018\/01\/ose-dire-non-aux-compteurs-linky-gironde\/\">mouvement d\u2019opposition aux compteurs communicants<\/a>. C\u2019est lui qui va l\u2019aiguiller sur la d\u00e9marche \u00e0 suivre, tout comme il guide d\u2019autres familles ou particuliers voulant refuser le Linky.<\/p>\n<p style=\"text-align: justify;\">\u00ab\u00a0Il y a cinq ans, j\u2019\u00e9tais conseiller municipal \u00e0 Saint-Macaire, explique-t-il. Il y a eu une demande GRDF d\u2019installer une antenne pour Gazpar, leur nouveau compteur communicant. On a pris position contre ces compteurs et depuis, je suis devenu le sp\u00e9cialiste, un peu de force. J\u2019ai mis le petit doigt dans la machine et \u00e7a m\u2019a happ\u00e9 tout entier.\u00a0\u00bb<\/p>\n<p style=\"text-align: justify;\">St\u00e9phane Lhomme alimente\u00a0<a href=\"http:\/\/refus.linky.gazpar.free.fr\/\">un site<\/a>\u00a0contre ce type de compteurs, et multipliait, avant le coronavirus, les conf\u00e9rences sur la question. Il est r\u00e9guli\u00e8rement contact\u00e9 par des usagers en manque de r\u00e9ponses :<\/p>\n<p style=\"text-align: justify;\">\u00ab\u00a0J\u2019ai des appels tous les jours, 10, 15 ! Enedis profite de l\u2019ignorance des gens\u00a0\u00bb.<\/p>\n<p style=\"text-align: justify;\">Aupr\u00e8s de madame Ardouin et de madame Winter comme aupr\u00e8s des autres particuliers qui le contactent, il insiste : le compteur n\u2019est pas obligatoire.<\/p>\n<p style=\"text-align: justify;\">\u00ab\u00a0Quand le compteur est dans le logement, il suffit de ne pas laisser entrer le technicien. Mais quand il est dehors, c\u2019est plus compliqu\u00e9, d\u00e9taille-t-il. Les installateurs sont des bo\u00eetes priv\u00e9es recrut\u00e9es par Enedis. Ils sont sans \u00e9tat d\u2019\u00e2me puisqu\u2019ils fonctionnent au chiffre, donc ils font peur aux gens avec des fausses informations.\u00a0\u00bb<\/p>\n<p style=\"text-align: justify;\">Il propose donc de barricader l\u2019acc\u00e8s au compteur, puisque les installateurs n\u2019ont th\u00e9oriquement pas le droit de briser les cha\u00eenes, cadenas et autres protections mises en place par les particuliers. Une \u00ab\u00a0solution\u00a0\u00bb toutefois d\u00e9conseill\u00e9e par les pompiers : en cas d\u2019incendie, acc\u00e9der au compteur pour couper l\u2019\u00e9lectricit\u00e9 sera beaucoup plus long.<\/p>\n<p style=\"text-align: justify;\"><strong>Une pose qui s\u2019impose<\/strong><\/p>\n<p style=\"text-align: justify;\">Mais justement, qu\u2019en dit Enedis ? Contact\u00e9e, l\u2019entreprise r\u00e9affirme dans un premier temps que \u00ab\u00a0la pose du Linky est obligatoire\u00a0\u00bb :<\/p>\n<p style=\"text-align: justify;\">\u00ab\u00a0Nous ne sommes que le ma\u00eetre-d\u2019\u0153uvre d\u2019une d\u00e9cision europ\u00e9enne et gouvernementale. C\u2019est une obligation d\u2019avoir des nouveaux compteurs pour accompagner la transition \u00e9nerg\u00e9tique. Certains co\u00fbts sont fortement r\u00e9duits, comme celui de la mise en service, divis\u00e9 par deux.\u00a0\u00bb<\/p>\n<p style=\"text-align: justify;\">Quand l\u2019entreprise d\u00e9taille le processus d\u2019installation d\u2019un compteur Linky surgissent les premi\u00e8res diff\u00e9rences entre la th\u00e9orie et la pratique. Normalement, d\u2019apr\u00e8s Enedis, un courrier est envoy\u00e9 aux habitants 45 jours avant le d\u00e9ploiement du Linky dans leur zone. Dans la pratique, de nombreux particuliers n\u2019en voient jamais la couleur.<\/p>\n<p style=\"text-align: justify;\">Si le compteur est \u00e0 l\u2019ext\u00e9rieur, ce courrier permet au client d\u2019appeler Enedis, et de convenir d\u2019un rendez-vous :<\/p>\n<p style=\"text-align: justify;\">\u00ab\u00a0Nous ne sommes toutefois pas oblig\u00e9s d\u2019avoir le client pr\u00e9sent. Mais dans tous les cas, le technicien est cens\u00e9 pr\u00e9venir une fois qu\u2019il est sur place.\u00a0\u00bb<\/p>\n<p style=\"text-align: justify;\">\n<p style=\"text-align: justify;\">\u00ab\u00a0Cens\u00e9\u00a0\u00bb : la plupart du temps, cette consigne n\u2019est pas appliqu\u00e9e. Certaines familles se retrouvent ainsi avec un compteur Linky flambant neuf sans avoir \u00e9t\u00e9 averties, ni m\u00eame avoir vu l\u2019ombre d\u2019un technicien.<\/p>\n<p style=\"text-align: justify;\">La proc\u00e9dure est d\u2019ailleurs tr\u00e8s avanc\u00e9e, indique l\u2019entreprise : en Gironde,\u00a078,5% des foyers sont \u00e9quip\u00e9s de compteurs communicants Linky (76,5% en Nouvelle-Aquitaine, soit 2,8 millions de foyers), et le d\u00e9ploiement est pr\u00e9vu jusqu\u2019\u00e0 la fin 2021.<\/p>\n<p style=\"text-align: justify;\">\u00ab\u00a0Le remplacement des compteurs se passe tr\u00e8s bien dans la tr\u00e8s\u00a0grande majorit\u00e9 des cas et l\u2019acceptabilit\u00e9 locale du compteur se renforce, avec des r\u00e9alisations concr\u00e8tes par la preuve des apports de Linky comme les demandes d\u2019ouvertures de compte client, en progression constante, pour le suivi et la maitrise de leur consommation,\u00a0le\u00a0<a href=\"https:\/\/www.actu-environnement.com\/ae\/news\/enedis-smart-grid-correze-35043.php4\">Corr\u00e8ze Resilient Grid\u00a0<\/a>qui est rentr\u00e9 en service fin 2020, ou encore le premier\u00a0<a href=\"https:\/\/www.banquedesterritoires.fr\/gironde-habitat-experimente-lautoconsommation-collective-sur-lune-de-ses-residences-bordeaux-33\">site d\u2019autoconsommation collective lanc\u00e9 \u00e0 Bordeaux avec Gironde Habitat<\/a>\u00a0en 2018.\u00a0\u00bb<\/p>\n<p style=\"text-align: justify;\"><strong>\u00ab\u00a0On ne va pas laisser quelqu\u2019un sans \u00e9lectricit\u00e9\u00a0\u00bb<\/strong><\/p>\n<p style=\"text-align: justify;\">Selon Enedis, \u00ab\u00a0s\u2019il y a des trous dans la raquette, cela reste mineur. Nous faisons tout pour am\u00e9liorer ce processus d\u2019accompagnement, mais nous sommes dans l\u2019obligation d\u2019installer le compteur\u00a0\u00bb. Quid du \u00ab\u00a0chantage au Linky\u00a0\u00bb ? Face aux diff\u00e9rents t\u00e9moignages, Enedis \u00e9voque des \u00ab\u00a0cas particuliers\u00a0\u00bb :<\/p>\n<p style=\"text-align: justify;\">\u00ab\u00a0Evidemment, notre priorit\u00e9 est d\u2019installer l\u2019\u00e9lectricit\u00e9 \u00e0 tous nos clients, nous fait savoir l\u2019entreprise. On ne va pas laisser quelqu\u2019un sans \u00e9lectricit\u00e9, encore plus quand il fait 2\u00b0C dehors. Le but n\u2019est pas de punir un client parce qu\u2019il ne veut pas un Linky. Quand on sent que le dialogue n\u2019aboutit \u00e0 rien \u00e0 l\u2019instant T, on r\u00e9alimente. \u00c7a ne veut pas dire que nous arr\u00eatons le dialogue.\u00a0\u00bb<\/p>\n<p style=\"text-align: justify;\">Cela signifie donc bien qu\u2019Enedis n\u2019a aucune raison de refuser le retour du courant chez les particuliers concern\u00e9s (ni m\u00eame d\u2019ailleurs de leur imposer un Linky). La suite de la r\u00e9ponse de l\u2019entreprise va d\u2019ailleurs dans ce sens :<\/p>\n<p style=\"text-align: justify;\">\u00ab\u00a0Nous n\u2019imposons rien au client,nous somme dans le dialogue. La toute premi\u00e8re mission d\u2019Enedis est de distribuer l\u2019\u00e9lectricit\u00e9, encore plus dans une p\u00e9riode comme aujourd\u2019hui. Fournir l\u2019\u00e9lectricit\u00e9 \u00e0 tous, compteur Linky ou pas.\u00a0\u00bb<\/p>\n<p style=\"text-align: justify;\">En cas de conflit trop important, Enedis recommande l\u2019assistance du m\u00e9diateur de l\u2019\u00e9nergie.<\/p>\n<p style=\"text-align: justify;\">\u00ab\u00a0On n\u2019est pas oblig\u00e9s d\u2019aller jusqu\u2019aux tribunaux. Il y a un num\u00e9ro vert (0 800 054 659), une cellule d\u2019\u00e9coute, des \u00e9quipes d\u00e9di\u00e9es \u00e0 cette transition\u00a0\u00bb.<\/p>\n<p style=\"text-align: justify;\"><strong>Br\u00e8che ou fausse victoire ?<\/strong><\/p>\n<p style=\"text-align: justify;\">Justement, certains particuliers sont all\u00e9s devant la justice pour protester contre la pose du Linky. Plusieurs proc\u00e9dures sont d\u2019ailleurs en cours. Certains plaignants \u2013 13 sur 206 \u2013\u00a0<a href=\"https:\/\/www.actu-environnement.com\/ae\/news\/linky-compteur-pose-filtre-protecteur-electrosensibles-cour-appel-bordeaux-toulouse-36566.php4\">ont obtenu gain de cause devant la cour d\u2019appel de Bordeaux<\/a>, qui a confirm\u00e9 en novembre 2020 un jugement du tribunal de grande instance de Bordeaux.<\/p>\n<p style=\"text-align: justify;\">Mais l\u00e0 encore, Enedis parle de \u00ab\u00a0cas particuliers\u00a0\u00bb, des personnes \u00e9lectrosensibles en l\u2019occurrence. St\u00e9phane Lhomme, lui, parle carr\u00e9ment de \u00ab\u00a0fausse victoire\u00a0\u00bb :<\/p>\n<p style=\"text-align: justify;\">\u00ab\u00a0La quasi-totalit\u00e9 des plaignants a perdu. Pour les personnes \u00e9lectrosensibles, il y a juste l\u2019obligation de mettre un filtre cens\u00e9 att\u00e9nuer les ondes. Mais \u00e7a ne remet pas du tout en cause le fait qu\u2019Enedis mette en place un compteur communicant.\u00a0\u00bb<\/p>\n<p style=\"text-align: justify;\">Le militant incite donc les particuliers concern\u00e9s \u00e0 \u00ab\u00a0emp\u00eacher la pose du Linky. Il ne faut pas attendre que le miracle vienne d\u2019une lettre recommand\u00e9e ni d\u2019une proc\u00e9dure en justice\u00a0\u00bb.<\/p>\n<p style=\"text-align: justify;\">Avocat dans l\u2019une des affaires, Christophe L\u00e8guevaque estimait lui que le jugement de la Cour d\u2019appel de Bordeaux pouvait ouvrir une br\u00e8che, selon des propos rapports par le site Actu Environnement :<\/p>\n<p style=\"text-align: justify;\">\u00ab\u00a0Chaque consommateur, m\u00eame non-victime des ondes, voit sa\u00a0<a href=\"https:\/\/www.actu-environnement.com\/ae\/news\/recours-refere-conseil-etat-attribution-frequence-5G-36547.php4\">position renforc\u00e9e<\/a>\u00a0contre Enedis, puisque la Cour \u00e9crit, noir sur blanc, qu\u2019aucun texte r\u00e9glementaire ou l\u00e9gal, national ou europ\u00e9en, ne lui impose l\u2019installation de compteurs de type Linky.\u00a0\u00bb<\/p>\n<p style=\"text-align: justify;\">De son c\u00f4t\u00e9, madame Winter a retrouv\u00e9 l\u2019\u00e9lectricit\u00e9. Un technicien est venu lui remettre le courant, sans changer son ancien compteur pour un Linky. Elle qui a \u00ab\u00a0t\u00e9l\u00e9phon\u00e9 toutes les semaines, tap\u00e9 un peu partout pour alerter\u00a0\u00bb a finalement obtenu gain de cause. Une victoire qui pourrait servir d\u2019exemple aux autres familles concern\u00e9es.<\/p>\n<p style=\"text-align: justify;\"><a href=\"https:\/\/rue89bordeaux.com\/2021\/02\/pas-de-linky-pas-delectricite-le-dilemme-impose-par-enedis-a-ses-clients\">https:\/\/rue89bordeaux.com\/2021\/02\/pas-de<\/a><\/p>\n<p style=\"text-align: center;\">***** **<\/p>\n<p style=\"text-align: justify;\">Je confirme \u00e0 100% au sujet des m\u00e9diateurs. J&rsquo;en ai eu un, suite \u00e0 mon refus d&rsquo;installation d&rsquo;un Linky \u00e0 la place de mon compteur bleu en panne d&rsquo;affichage. J&rsquo;avais envoy\u00e9 \u00e0 \u00e0 Enedis un certificat d\u00e9livr\u00e9 par un m\u00e9decin quant \u00e0 mon\u00a0 \u00e9lectro sensibilit\u00e9. Automatiquement, Enedis m&rsquo;a dirig\u00e9 vers le m\u00e9diateur attach\u00e9 \u00e0 ma r\u00e9gion g\u00e9ographique. Celui-ci n&rsquo;a fait que r\u00e9p\u00e9ter le discours d&rsquo;Enedis, en y mettant les formes, du moins au d\u00e9but, puis a finit au bout d&rsquo;une demi heure par devenir d\u00e9sagr\u00e9able et d&rsquo;une totale mauvaise foi face \u00e0 mes arguments qui d\u00e9montaient un \u00e0 un les siens. les m\u00e9diateurs sont choisis par Enedis pour \u00eatre les parfaits perroquets sans \u00e9tat d&rsquo;\u00e2me, et pour ne jamais, mais jamais, plier de leur ligne directive.<\/p>\n<p style=\"text-align: justify;\">PS : j&rsquo;ai toujours mon ancien compteur : son affichage s&rsquo;est r\u00e9tabli suite \u00e0 intervention d&rsquo;un \u00e9lectricien sur mon tableau \u00e9lectrique.<\/p>\n<p style=\"text-align: justify;\">Alain<\/p>\n<p style=\"text-align: justify;\">\n","protected":false},"excerpt":{"rendered":"<p>Enedis met-il ses clients sous pression ?<\/p>\n","protected":false},"author":4,"featured_media":0,"comment_status":"closed","ping_status":"open","sticky":false,"template":"","format":"standard","meta":{"footnotes":""},"categories":[1],"tags":[],"class_list":["post-7000","post","type-post","status-publish","format-standard","hentry","category-non-classe"],"_links":{"self":[{"href":"https:\/\/collectif-accad.fr\/site\/wp-json\/wp\/v2\/posts\/7000","targetHints":{"allow":["GET"]}}],"collection":[{"href":"https:\/\/collectif-accad.fr\/site\/wp-json\/wp\/v2\/posts"}],"about":[{"href":"https:\/\/collectif-accad.fr\/site\/wp-json\/wp\/v2\/types\/post"}],"author":[{"embeddable":true,"href":"https:\/\/collectif-accad.fr\/site\/wp-json\/wp\/v2\/users\/4"}],"replies":[{"embeddable":true,"href":"https:\/\/collectif-accad.fr\/site\/wp-json\/wp\/v2\/comments?post=7000"}],"version-history":[{"count":2,"href":"https:\/\/collectif-accad.fr\/site\/wp-json\/wp\/v2\/posts\/7000\/revisions"}],"predecessor-version":[{"id":7002,"href":"https:\/\/collectif-accad.fr\/site\/wp-json\/wp\/v2\/posts\/7000\/revisions\/7002"}],"wp:attachment":[{"href":"https:\/\/collectif-accad.fr\/site\/wp-json\/wp\/v2\/media?parent=7000"}],"wp:term":[{"taxonomy":"category","embeddable":true,"href":"https:\/\/collectif-accad.fr\/site\/wp-json\/wp\/v2\/categories?post=7000"},{"taxonomy":"post_tag","embeddable":true,"href":"https:\/\/collectif-accad.fr\/site\/wp-json\/wp\/v2\/tags?post=7000"}],"curies":[{"name":"wp","href":"https:\/\/api.w.org\/{rel}","templated":true}]}}