{"id":6995,"date":"2021-02-14T02:57:58","date_gmt":"2021-02-14T01:57:58","guid":{"rendered":"https:\/\/collectif-accad.fr\/site\/?p=6995"},"modified":"2021-02-07T14:58:39","modified_gmt":"2021-02-07T13:58:39","slug":"incendies-de-compteur-electrique","status":"publish","type":"post","link":"https:\/\/collectif-accad.fr\/site\/incendies-de-compteur-electrique\/","title":{"rendered":"Incendies de compteur \u00e9lectrique"},"content":{"rendered":"<h2 style=\"text-align: left;\"><strong>Incertitude sur le nombre<\/strong><\/h2>\n<p><!--more--><\/p>\n<p style=\"text-align: justify;\">Enedis submerg\u00e9 par la quantit\u00e9<\/p>\n<p style=\"text-align: justify;\">Au 18 janvier 2021\u00a0:<\/p>\n<ul style=\"text-align: justify;\">\n<li>22 incendies de compteur \u00e9lectrique\u00a0-liste non exhaustive- depuis le 1<sup>er<\/sup> janvier 2021\u00a0; soit 18 jours, dont deux incendies de Linky reconnus pas la presse.<\/li>\n<li>Pas moins de 1 1184 incendies de compteur \u00e9lectrique recens\u00e9s officiellement depuis le d\u00e9but du d\u00e9ploiement g\u00e9n\u00e9ralis\u00e9 des Linky.<\/li>\n<\/ul>\n<p style=\"text-align: justify;\">On est en droit de conjecturer qu\u2019il y en a bien plus.<\/p>\n<p style=\"text-align: justify;\">En effet, les articles en faisant \u00e9tat sont devenus, au fil du temps, de plus en plus rares\u00a0; nombre de ces incendies, signal\u00e9s par des t\u00e9moins et des collectifs, n\u2019ont pas fit l\u2019objet d\u2019articles de presse \u2026 et ne figurent donc pas dans nos listes.<\/p>\n<p style=\"text-align: justify;\">Serait-ce<\/p>\n<ul style=\"text-align: justify;\">\n<li>Parce qu\u2019Enedis est un gros annonceur\u00a0?<\/li>\n<li>Parce que le gouvernement est actionnaire \u00e0 plus de 80 % d\u2019EDF\u00a0?<\/li>\n<li>Parce que ces compteurs, avec les voitures \u00e9lectriques que le gouvernement entend nous imposer, vont permettre une augmentation \u00e9norme de la consommation d\u2019\u00e9lectricit\u00e9, et donc du chiffre d\u2019affaire d\u2019EDF\/Enedis\u00a0?<\/li>\n<li>Parce que les compteurs Linky sont la pierre angulaire de la soci\u00e9t\u00e9 connect\u00e9e que le gouvernement pr\u00e9tend nous imposer\u00a0?<\/li>\n<\/ul>\n<p style=\"text-align: justify;\">\n<p style=\"text-align: justify;\">Pour m\u00e9moire (listes non exhaustives)\u00a0:<\/p>\n<ul style=\"text-align: justify;\">\n<li>161 incendies de compteur \u00e9lectriques recens\u00e9s en 2016<\/li>\n<li>216 incendies de compteur \u00e9lectriques recens\u00e9s en 2017<\/li>\n<li>253 incendies de compteur \u00e9lectriques recens\u00e9s en 2018<\/li>\n<li>300 incendies de compteur \u00e9lectriques recens\u00e9s en 2019<\/li>\n<li>232 incendies de compteur \u00e9lectriques recens\u00e9s en 2020<\/li>\n<\/ul>\n<p style=\"text-align: justify;\">\n<p style=\"text-align: justify;\">Recherche effectu\u00e9e par E.P. depuis 2016 pour\u00a0:<\/p>\n<p style=\"text-align: justify;\"><strong>Pas de compteurs communicants dits intelligents<\/strong><\/p>\n<p style=\"text-align: justify;\"><a href=\"https:\/\/www.facebook.com\/Pasdecompteurscommunicantsditsintelligents\/\">https:\/\/www.facebook.com\/Pasdecompteurscommunicantsditsintelligents\/<\/a><\/p>\n<p style=\"text-align: justify;\">\n","protected":false},"excerpt":{"rendered":"<p>Incertitude sur le nombre<\/p>\n","protected":false},"author":4,"featured_media":0,"comment_status":"closed","ping_status":"open","sticky":false,"template":"","format":"standard","meta":{"footnotes":""},"categories":[1],"tags":[],"class_list":["post-6995","post","type-post","status-publish","format-standard","hentry","category-non-classe"],"_links":{"self":[{"href":"https:\/\/collectif-accad.fr\/site\/wp-json\/wp\/v2\/posts\/6995","targetHints":{"allow":["GET"]}}],"collection":[{"href":"https:\/\/collectif-accad.fr\/site\/wp-json\/wp\/v2\/posts"}],"about":[{"href":"https:\/\/collectif-accad.fr\/site\/wp-json\/wp\/v2\/types\/post"}],"author":[{"embeddable":true,"href":"https:\/\/collectif-accad.fr\/site\/wp-json\/wp\/v2\/users\/4"}],"replies":[{"embeddable":true,"href":"https:\/\/collectif-accad.fr\/site\/wp-json\/wp\/v2\/comments?post=6995"}],"version-history":[{"count":1,"href":"https:\/\/collectif-accad.fr\/site\/wp-json\/wp\/v2\/posts\/6995\/revisions"}],"predecessor-version":[{"id":6996,"href":"https:\/\/collectif-accad.fr\/site\/wp-json\/wp\/v2\/posts\/6995\/revisions\/6996"}],"wp:attachment":[{"href":"https:\/\/collectif-accad.fr\/site\/wp-json\/wp\/v2\/media?parent=6995"}],"wp:term":[{"taxonomy":"category","embeddable":true,"href":"https:\/\/collectif-accad.fr\/site\/wp-json\/wp\/v2\/categories?post=6995"},{"taxonomy":"post_tag","embeddable":true,"href":"https:\/\/collectif-accad.fr\/site\/wp-json\/wp\/v2\/tags?post=6995"}],"curies":[{"name":"wp","href":"https:\/\/api.w.org\/{rel}","templated":true}]}}