{"id":6991,"date":"2021-02-13T02:53:58","date_gmt":"2021-02-13T01:53:58","guid":{"rendered":"https:\/\/collectif-accad.fr\/site\/?p=6991"},"modified":"2021-02-07T14:55:09","modified_gmt":"2021-02-07T13:55:09","slug":"scissions-en-vue-dans-lelectricite-et-le-gaz","status":"publish","type":"post","link":"https:\/\/collectif-accad.fr\/site\/scissions-en-vue-dans-lelectricite-et-le-gaz\/","title":{"rendered":"Scissions en vue dans l\u2019\u00e9lectricit\u00e9 et le gaz"},"content":{"rendered":"<h2 style=\"text-align: left;\"><strong>Usagers de l\u2019\u00e9lectricit\u00e9 et du gaz, les agents vous alertent<\/strong><\/h2>\n<p><!--more--><\/p>\n<p style=\"text-align: justify;\">Dans votre dos, le gouvernement et les lobbies orchestrent tout pour finir d\u2019exploser ce qui reste du service public de l\u2019\u00e9lectricit\u00e9 et du gaz de France pour pr\u00e9parer une transition \u00e9nerg\u00e9tique aux mains des int\u00e9r\u00eats priv\u00e9s.<\/p>\n<p style=\"text-align: justify;\"><strong>AVANT<\/strong><\/p>\n<p style=\"text-align: justify;\">Un service public de qualit\u00e9 et de proximit\u00e9<\/p>\n<p style=\"text-align: justify;\">Deux \u00e9tablissements publics\u00a0: EDF pour l\u2019\u00e9lectricit\u00e9, GDF pour le gaz.<\/p>\n<ul style=\"text-align: justify;\">\n<li>Ces services publics avaient cr\u00e9\u00e9 les conditions de toujours <strong>adapter la production aux besoins des consommateurs au plus juste co\u00fbt.<\/strong><\/li>\n<\/ul>\n<p style=\"text-align: justify;\"><strong>AUJOURD\u2019HUI<\/strong><\/p>\n<p style=\"text-align: justify;\">Une multitude d\u2019entreprises dans l\u2019\u00e9lectricit\u00e9 et el gaz<\/p>\n<ul style=\"text-align: justify;\">\n<li>Auxquelles s\u2019ajoutent les gestionnaires de r\u00e9seaux, Enedis, RTE, GrDF, GRT\u00a0; et divers acteurs comme Elengy et Storengy. <strong>Elles adaptent la production en fonction du prix du march\u00e9. Les usagers ne sont l\u00e0 que pour payer le surco\u00fbt\u00a0!<\/strong><\/li>\n<li>Des interventions devenues payantes et des d\u00e9lais de plus en plus longs.<\/li>\n<li>Aucune proximit\u00e9\u00a0: agences locales ferm\u00e9es.<\/li>\n<li>Risques accrues de coupures d\u2019\u00e9lectricit\u00e9.<\/li>\n<\/ul>\n<p style=\"text-align: justify;\"><strong>DEMAIN AVEC HERCULE<\/strong><\/p>\n<p style=\"text-align: justify;\">Production, transport, services et distributions s\u00e9par\u00e9s<\/p>\n<ul style=\"text-align: justify;\">\n<li>Privatisation des services, de la fourniture et de la distribution aux seuls profits d\u2019int\u00e9r\u00eats priv\u00e9s avides de dividendes.<\/li>\n<li><strong>Plus personne pour vous r\u00e9pondre<\/strong><\/li>\n<li><strong>Une production sans investissement de masse et sans politique industrielle<\/strong><\/li>\n<li><strong>Une facture index\u00e9e au march\u00e9 sp\u00e9culatif<\/strong><\/li>\n<li><strong>Fin de la p\u00e9r\u00e9quation tarifaire<\/strong><\/li>\n<\/ul>\n<p style=\"text-align: justify;\">\n<p style=\"text-align: justify;\"><strong>SCISSION d\u2019EDF avec le projet HERCULE et d\u2019ENGIE avec le projet CLAMADIEU<\/strong><\/p>\n<ul style=\"text-align: justify;\">\n<li>75 % d\u2019augmentation des tarifs du gaz depuis 2005<\/li>\n<li>36 % d\u2019augmentation des tarifs d\u2019\u00e9lectricit\u00e9 depuis 2003.<\/li>\n<\/ul>\n<p style=\"text-align: justify;\">A noter que, pendant ce temps, le salaire minimum a augment\u00e9 de 33 % depuis 2004.<\/p>\n<p style=\"text-align: justify;\">De plus en plus de tarifs souvent incomparables entre eux avec des prix fluctuants au gr\u00e9 des march\u00e9s\u00a0!<\/p>\n<p style=\"text-align: justify;\">Quand on veut tuer son chien, on dit qu\u2019il a la rage\u00a0!<\/p>\n<p style=\"text-align: justify;\">\n<p style=\"text-align: justify;\"><strong>POUR MIEUX COMPRENDRE<\/strong><\/p>\n<p style=\"text-align: justify;\">Profitant du second confinement et de l\u2019absence de nombreux agents sur leur site de travail, le gouvernement avec la complicit\u00e9 des directions d\u2019entreprise, et sous la pression de l\u2019union europ\u00e9enne, vient d\u2019annoncer au travers des plan Hercule et Clamadieu, l\u2019implosion d\u2019EDF et Engie et la mise \u00e0 mort du service public de l\u2019\u00e9lectricit\u00e9 et du gaz. Chaque entit\u00e9 serait ind\u00e9pendante et devrait garantir sa propre survie financi\u00e8re.<\/p>\n<p style=\"text-align: justify;\"><strong>POUR EDF, L\u2019ENTREPRISE SERAIT DECOUPEE EN TROIS ENTITES DISTINCTES, HERCULE\u00a0:<\/strong><\/p>\n<ul style=\"text-align: justify;\">\n<li>EDF BLEU (Nucl\u00e9aire, RTE) resterait public dans un premier temps. De grosses industries co\u00fbteuses.<\/li>\n<li>EDF VERT (Enedis, EDF commerce) serait ouvert au priv\u00e9. De grandes entreprises rentables \u2026 Le capital serait ouvert dans un premier temps \u00e0 30 %, mais il y aurait la possibilit\u00e9 d\u2019un d\u00e9sengagement progressif de l\u2019Etat. L\u2019union europ\u00e9enne voudrait m\u00eame une ouverture du capital d\u2019EDF VERT au priv\u00e9 sans limite.<\/li>\n<li>EDF AZUR (hydraulique) verrait la mise en place d\u2019une r\u00e9gie avec mise en concurrence des barrages dans le temps. Tr\u00e8s rentable\u00a0!<\/li>\n<\/ul>\n<p style=\"text-align: justify;\"><strong>POUR ENGIE, EX-GDF, LE GROUPE SERAIT SCINDE EN DEUX ENTITES, CLAMADIEU\u00a0:<\/strong><\/p>\n<ul style=\"text-align: justify;\">\n<li>NOW SOLUTIONS\u00a0: avec la volont\u00e9 de vendre \u00e0 la d\u00e9coupe Endel et In\u00e9o\u00a0; avec cette phrase assassin\u00e9 de la direction\u00a0: \u00ab\u00a0cession ou, si ce n\u2019est pas possible, arr\u00eat de l\u2019activit\u00e9\u00a0\u00bb.<\/li>\n<li>NEW ENGIE\u00a0; avec GRDF, GRT GAZ qui seraient livr\u00e9es \u00e0 Total et\/ou des fonds de pension de la caisse des d\u00e9p\u00f4ts.<\/li>\n<\/ul>\n<p style=\"text-align: justify;\">Ces deux projets \u2013Hercule, Clamadieu-, identiques sur le fond, vont isoler chaque entreprise et les rendre plus vuln\u00e9rables dans un monde capitaliste concurrentiel<\/p>\n<p style=\"text-align: justify;\">Sans les citoyens, les agents ne peuvent rien faire\u00a0!<\/p>\n<p style=\"text-align: justify;\">D\u2019autres projets sont possibles pour l\u2019avenir de l\u2019\u00e9lectricit\u00e9 et du gaz fran\u00e7ais<\/p>\n<p style=\"text-align: justify;\">Nous devons revendiquer la nationalisation totale du secteur de l\u2019\u00e9nergie\u00a0 avec la cr\u00e9ation de deux EPIC (Etablissements Publics \u00e0 caract\u00e8re Industriel et Commercial) pour le gaz et l\u2019\u00e9lectricit\u00e9, o\u00f9 la production, le transport, la distribution et la commercialisation doivent faire partie d\u2019une m\u00eame entreprise int\u00e9gr\u00e9e\u00a0; ces quatre composantes \u00e9tant intimement li\u00e9s et devant \u00eatre d\u00e9velopp\u00e9s dans une logique industrielle commune.<\/p>\n<p style=\"text-align: justify;\">Pour cela, et dans l\u2019int\u00e9r\u00eat g\u00e9n\u00e9ral de la nation et de son peuple, la gestion et les orientations dans ces entreprises doivent revenir aux repr\u00e9sentants d\u00e9mocratiquement \u00e9lus des usagers et des agents.<br \/>\nChers citoyens, par notre solidarit\u00e9 et notre lutte, battons-nous pour la reconqu\u00eate d\u2019un v\u00e9ritable service public de l\u2019\u00e9nergie nationalis\u00e9. L\u2019\u00e9lectricit\u00e9 et le gaz ne doivent pas d\u00e9pendre d\u2019int\u00e9r\u00eats priv\u00e9s ais sont la propri\u00e9t\u00e9 exclusive du peuple.<\/p>\n","protected":false},"excerpt":{"rendered":"<p>Usagers de l\u2019\u00e9lectricit\u00e9 et du gaz, les agents vous alertent<\/p>\n","protected":false},"author":4,"featured_media":0,"comment_status":"closed","ping_status":"open","sticky":false,"template":"","format":"standard","meta":{"footnotes":""},"categories":[1],"tags":[],"class_list":["post-6991","post","type-post","status-publish","format-standard","hentry","category-non-classe"],"_links":{"self":[{"href":"https:\/\/collectif-accad.fr\/site\/wp-json\/wp\/v2\/posts\/6991","targetHints":{"allow":["GET"]}}],"collection":[{"href":"https:\/\/collectif-accad.fr\/site\/wp-json\/wp\/v2\/posts"}],"about":[{"href":"https:\/\/collectif-accad.fr\/site\/wp-json\/wp\/v2\/types\/post"}],"author":[{"embeddable":true,"href":"https:\/\/collectif-accad.fr\/site\/wp-json\/wp\/v2\/users\/4"}],"replies":[{"embeddable":true,"href":"https:\/\/collectif-accad.fr\/site\/wp-json\/wp\/v2\/comments?post=6991"}],"version-history":[{"count":1,"href":"https:\/\/collectif-accad.fr\/site\/wp-json\/wp\/v2\/posts\/6991\/revisions"}],"predecessor-version":[{"id":6992,"href":"https:\/\/collectif-accad.fr\/site\/wp-json\/wp\/v2\/posts\/6991\/revisions\/6992"}],"wp:attachment":[{"href":"https:\/\/collectif-accad.fr\/site\/wp-json\/wp\/v2\/media?parent=6991"}],"wp:term":[{"taxonomy":"category","embeddable":true,"href":"https:\/\/collectif-accad.fr\/site\/wp-json\/wp\/v2\/categories?post=6991"},{"taxonomy":"post_tag","embeddable":true,"href":"https:\/\/collectif-accad.fr\/site\/wp-json\/wp\/v2\/tags?post=6991"}],"curies":[{"name":"wp","href":"https:\/\/api.w.org\/{rel}","templated":true}]}}