{"id":6987,"date":"2021-02-17T02:43:06","date_gmt":"2021-02-17T01:43:06","guid":{"rendered":"https:\/\/collectif-accad.fr\/site\/?p=6987"},"modified":"2021-02-08T07:55:11","modified_gmt":"2021-02-08T06:55:11","slug":"deux-maires-tres-differents","status":"publish","type":"post","link":"https:\/\/collectif-accad.fr\/site\/deux-maires-tres-differents\/","title":{"rendered":"Deux maires tr\u00e8s diff\u00e9rents"},"content":{"rendered":"<h2 style=\"text-align: left;\"><strong>Le maire de Saint-Amand-les-Eaux n\u2019aime pas Linky \u2026 au contraire de celui de Morlanne (64)<br \/>\n<\/strong><\/h2>\n<p><!--more--><\/p>\n<p>Et un mod\u00e8le de lettre de refus du Linky qui nous vient de Haute-Garonne :<\/p>\n<p><a href=\"https:\/\/collectif-accad.fr\/site\/wp-content\/uploads\/2021\/02\/MODELE-lettre-2-CONTRE-ENEDIS-LINKY_Bouloc.doc\"><strong>MODELE-lettre-2-CONTRE-ENEDIS-LINKY_Bouloc<\/strong><\/a><\/p>\n<p style=\"text-align: center;\">*** ***<\/p>\n<p style=\"text-align: center;\"><strong>Lettres du maire de Saint-Amand-les-Eaux<\/strong><\/p>\n<p style=\"text-align: justify;\"><strong>Lettre du 11 d\u00e9cembre envoy\u00e9e \u00e0 une personne habitant la commune<\/strong><\/p>\n<p style=\"text-align: justify;\">Je fais suite \u00e0 la copie des courriers envoy\u00e9s par Enedis et OTI France que vous m\u2019avez fait parvenir concernant votre refus d\u2019installation du compteur Linky.<\/p>\n<p style=\"text-align: justify;\">Sachez que j\u2019ai \u00e9t\u00e9 personnellement confront\u00e9 \u00e0 ces agissements brutaux d\u2019Enedis et de ses sous-traitants et que j\u2019ai refus\u00e9 la pose de ce compteur Linky.<\/p>\n<p style=\"text-align: justify;\">Aussi, je tenais \u00e0 vous faire parvenir le courrier que j\u2019ai envoy\u00e9 au Directeur g\u00e9n\u00e9ral d\u2019OTI France, soci\u00e9t\u00e9 qui installe pour le compte d\u2019Enedis des compteurs Linky sur Saint-Amand-les-Eaux, afin de lui rappeler que cette installation n\u2019\u00e9tait pas obligatoire et de lui demander de respecter les refus exprim\u00e9s pas les habitants.<\/p>\n<p style=\"text-align: justify;\"><strong>Lettre au Directeur d\u2019OTI France<\/strong><\/p>\n<p style=\"text-align: justify;\">J\u2019attire votre attention sur le remplacement des compteurs \u00e9lectriques par un compteur Linky sur la commune de Saint-Amand-les-Eaux pour lequel vous \u00eates missionn\u00e9 par Enedis.<\/p>\n<p style=\"text-align: justify;\">Vous avez envoy\u00e9 r\u00e9cemment \u00e0 plusieurs habitants de la commune dont j\u2019exerce la fonction de maire, des courriers les informant d\u2019une intervention prochaine pour effectuer ce remplacement en pr\u00e9cisant que celui-ci \u00e9tait obligatoire.<\/p>\n<p style=\"text-align: justify;\">Cela est absolument faux\u00a0; j\u2019en veux pour preuve le r\u00e9cent arr\u00eat\u00e9 de la cour d\u2019appel de Bordeaux qui a indiqu\u00e9 cela de la mani\u00e8re la plus claire.<\/p>\n<p style=\"text-align: justify;\">Danc ces conditions, je vous invite \u00e0 l\u2019avenir \u00e0 ne plus faire parvenir aux habitants de la commune de courrier d\u00e9clarant que cette intervention est obligatoire. Je vous invite \u00e9galement \u00e0 respecter le choix de refuser cette installation par les foyers qui le souhaitent et de ne plus d\u00e9ranger ceux qui ont clairement exprim\u00e9 ce choix, que ce soit par courrier, par t\u00e9l\u00e9phone ou physiquement.<\/p>\n<p style=\"text-align: center;\">************** **********<\/p>\n<p style=\"text-align: center;\"><strong>la mairie de Morlanne aime Linky <\/strong><\/p>\n<p style=\"text-align: left;\"><strong>Voil\u00e0 ce qu\u2019il ose \u00e9crire dans le bulletin municipal<\/strong><\/p>\n<p style=\"text-align: justify;\">Bient\u00f4t des compteurs connect\u00e9s<\/p>\n<p style=\"text-align: justify;\">Est-ce une obligation l\u00e9gale\u00a0?<\/p>\n<p style=\"text-align: justify;\">25 millions de foyers sont d\u00e9j\u00e0 \u00e9quip\u00e9s du compteur \u00e9lectrique nouvelle g\u00e9n\u00e9ration Linky. L\u2019objectif est d\u2019arriver \u00e0 35 millions d\u2019installatyions \u00e0 la fin 2021. Depuis 2015, <strong>toutes les maisons neuves en sont dot\u00e9es, c\u2019est la loi<\/strong>. Le <strong>changement<\/strong> en cour <strong><em>(sic\u00a0!)<\/em><\/strong> dans les autres foyers <strong>est gratuit<\/strong>. Vous pouvez vous y opposer mais <strong>\u00e0 terme le relev\u00e9 manuel de votre ancien compteur sera factur\u00e9.<\/strong><\/p>\n<p style=\"text-align: justify;\">Qui installe Linky chez moi\u00a0?<\/p>\n<p style=\"text-align: justify;\">Quel que soit le fournisseur d\u2019\u00e9nergie choisi, c\u2019est Enedis qui g\u00e8re le r\u00e9seau national public de distribution d\u2019\u00e9lectricit\u00e9. Cette filiale d\u2019EDF prendra rendez vous individuellement avec vous, utile si votre compteur est situ\u00e9 dans une partie privative ou \u00e0 l\u2019int\u00e9rieur de la maison<\/p>\n<p style=\"text-align: justify;\">Construction, maison ancienne, \u00e7a change quoi\u00a0?<\/p>\n<p style=\"text-align: justify;\"><strong>La pose du compteur Linky se fait syst\u00e9matiquement au moment du raccordement au r\u00e9seau. Enedis reste propri\u00e9taire du compteur, c\u2019est elle qui l\u2019installe<\/strong>. <strong>Experts, ses techniciens savent vous conseiller sur l\u2019emplacement le plus judicieux,<\/strong> mais parlez-en aussi avec l\u2019\u00e9quipe de chantier. Plusieurs avis valent mieux qu\u2019un. Concernant une habitation d\u00e9j\u00e0 raccord\u00e9e, le nouveau compteur prendra la place de l\u2019ancien.<\/p>\n<p style=\"text-align: justify;\">Quels sont les avantages\u00a0?<\/p>\n<p style=\"text-align: justify;\">L\u2019int\u00e9r\u00eat principal de ce compteur connect\u00e9 est de <strong>pouvoir contr\u00f4ler en temps r\u00e9el sa consommation et d\u2019ajuster, si besoin, ses habitudes, pour r\u00e9aliser des \u00e9conomies d\u2019\u00e9nergie. Autre avantage\u00a0: pendant le confinement, pr\u00e8s de 2 millions d\u2019interventions ont pu \u00eatre r\u00e9alis\u00e9es \u00e0 distance, diagnostics, op\u00e9rations techniques.<\/strong><\/p>\n<p style=\"text-align: justify;\">Quels sont les inconv\u00e9nients\u00a0?<\/p>\n<p style=\"text-align: justify;\">Beaucoup de rumeurs circulent sur ce compteur. Mais l\u2019essentiel \u00e0 retenir concerne d\u2019abord l\u2019utilisation de vos donn\u00e9es personnelles. <strong>Lisez attentivement le contrat et cochez la case refuser leur usage\u00a0 \u00e0 des fins commerciales avant de signer\u00a0!<\/strong> Autre inconv\u00e9nient\u00a0: Linky n\u2019est pas compatible avec les syst\u00e8mes de veille Tempo et EJF (re sic\u00a0!) (\u00e9cr\u00e8tement \u00a0-re re sic\u00a0!- des jours de pointe). <strong>Enfin le syst\u00e8me peut contrarier ceux qui ont du mal avec le tout num\u00e9rique<\/strong>. <strong>Et si apr\u00e8s l\u2019installation de votre nouveau compteur, vous constatez une panne de t\u00e9l\u00e9viseur ou r\u00e9frig\u00e9rateur, alertez Enedis qui est responsable en cas de coupure sans m\u00e9nagement et de remise sous tention mal ex\u00e9cut\u00e9e.<\/strong><strong>\u00a0<\/strong><\/p>\n<p style=\"text-align: justify;\">La boite \u00e0 rumeurs<\/p>\n<p style=\"text-align: justify;\">\u00ab\u00a0<em>Linky est canc\u00e9rig\u00e8ne<\/em>\u00a0\u00bb\u00a0: <strong>Les niveaux d\u2019exposition aux champs \u00e9lectromagn\u00e9tiques sont comparables \u00e0 ceux des \u00e9quipements domestiques tels que chargeurs de portable, TV, babyphone, \u2026 L\u2019angence Nationale e S\u00e9curit\u00e9 Sanitaire (ANSES) conclut \u00e0 \u00ab\u00a0une faible probabilit\u00e9<\/strong>\u00a0\u00bb d\u2019effets n\u00e9gatifs sur la sant\u00e9 \u00e0 court ou long terme.<\/p>\n<p style=\"text-align: justify;\">\u00ab\u00a0<em>Linky provoque des incendies<\/em>\u00a0\u00bb\u00a0: <strong>pas de hausse des incendies domestiques depuis l\u2019apparition de ce nouveau compteur<\/strong>. La cause est plut\u00f4t \u00e0 rechercher dans l\u2019installation \u00e9lectrique elle-m\u00eame.<br \/>\n\u00ab\u00a0<em>Linky gonfle les factures<\/em>\u00a0\u00bb\u00a0: <strong>en r\u00e9alit\u00e9 c\u2019est votre bon vieux compteur qui sous-estimait la consommation, affirme le m\u00e9diateur National de n\u2019\u00e9nergie. Linky ne sait pas mentir.<\/strong><\/p>\n<p style=\"text-align: justify;\">\u00ab\u00a0<em>Linky est dot\u00e9 d\u2019une cam\u00e9ra espion<\/em>\u00a0\u00bb\u00a0: On peut luir <strong>reprocher beaucoup de choses, notamment le choix de couleur<\/strong>, mais il n\u2019y a pas de cam\u00e9ra dans un compteur\u00a0!<\/p>\n<p style=\"text-align: center;\">***\u00a0\u00a0 ***<\/p>\n<p style=\"text-align: center;\">Commentaires<\/p>\n<p style=\"text-align: justify;\">Tout ce qui est \u00e9crit en gras dans le texte de la mairie de Morlan est ou faux ou contestable. C\u2019est le minimum que l\u2019on peut en dire\u00a0!<\/p>\n<p style=\"text-align: justify;\"><strong>\u00a0<\/strong><\/p>\n","protected":false},"excerpt":{"rendered":"<p>Le maire de Saint-Amand-les-Eaux n\u2019aime pas Linky \u2026 au contraire de celui de Morlanne (64)<\/p>\n","protected":false},"author":4,"featured_media":0,"comment_status":"closed","ping_status":"open","sticky":false,"template":"","format":"standard","meta":{"footnotes":""},"categories":[1],"tags":[],"class_list":["post-6987","post","type-post","status-publish","format-standard","hentry","category-non-classe"],"_links":{"self":[{"href":"https:\/\/collectif-accad.fr\/site\/wp-json\/wp\/v2\/posts\/6987","targetHints":{"allow":["GET"]}}],"collection":[{"href":"https:\/\/collectif-accad.fr\/site\/wp-json\/wp\/v2\/posts"}],"about":[{"href":"https:\/\/collectif-accad.fr\/site\/wp-json\/wp\/v2\/types\/post"}],"author":[{"embeddable":true,"href":"https:\/\/collectif-accad.fr\/site\/wp-json\/wp\/v2\/users\/4"}],"replies":[{"embeddable":true,"href":"https:\/\/collectif-accad.fr\/site\/wp-json\/wp\/v2\/comments?post=6987"}],"version-history":[{"count":4,"href":"https:\/\/collectif-accad.fr\/site\/wp-json\/wp\/v2\/posts\/6987\/revisions"}],"predecessor-version":[{"id":6998,"href":"https:\/\/collectif-accad.fr\/site\/wp-json\/wp\/v2\/posts\/6987\/revisions\/6998"}],"wp:attachment":[{"href":"https:\/\/collectif-accad.fr\/site\/wp-json\/wp\/v2\/media?parent=6987"}],"wp:term":[{"taxonomy":"category","embeddable":true,"href":"https:\/\/collectif-accad.fr\/site\/wp-json\/wp\/v2\/categories?post=6987"},{"taxonomy":"post_tag","embeddable":true,"href":"https:\/\/collectif-accad.fr\/site\/wp-json\/wp\/v2\/tags?post=6987"}],"curies":[{"name":"wp","href":"https:\/\/api.w.org\/{rel}","templated":true}]}}