{"id":6976,"date":"2021-02-08T02:12:07","date_gmt":"2021-02-08T01:12:07","guid":{"rendered":"https:\/\/collectif-accad.fr\/site\/?p=6976"},"modified":"2021-04-05T06:33:18","modified_gmt":"2021-04-05T04:33:18","slug":"infos-5g-du-8-fevrier-2021","status":"publish","type":"post","link":"https:\/\/collectif-accad.fr\/site\/infos-5g-du-8-fevrier-2021\/","title":{"rendered":"Infos 5G du 8 f\u00e9vrier 2021"},"content":{"rendered":"<p><img loading=\"lazy\" decoding=\"async\" class=\"wp-image-6975 aligncenter\" src=\"https:\/\/collectif-accad.fr\/site\/wp-content\/uploads\/2021\/02\/OndesDeChoc-210123.jpg\" alt=\"\" width=\"694\" height=\"369\" srcset=\"https:\/\/collectif-accad.fr\/site\/wp-content\/uploads\/2021\/02\/OndesDeChoc-210123.jpg 1161w, https:\/\/collectif-accad.fr\/site\/wp-content\/uploads\/2021\/02\/OndesDeChoc-210123-300x159.jpg 300w, https:\/\/collectif-accad.fr\/site\/wp-content\/uploads\/2021\/02\/OndesDeChoc-210123-1024x544.jpg 1024w, https:\/\/collectif-accad.fr\/site\/wp-content\/uploads\/2021\/02\/OndesDeChoc-210123-768x408.jpg 768w\" sizes=\"auto, (max-width: 694px) 100vw, 694px\" \/><\/p>\n<p style=\"text-align: justify;\"><span style=\"font-size: 18pt;\"><strong>Au sommaire :<\/strong><\/span><\/p>\n<p style=\"text-align: justify;\"><strong>Censure, Valenciennes et B\u00e9thune, antennes incendi\u00e9es, justice, phonegate, conf\u00e9rence sur les champs \u00e9lectriques \u2026<\/strong><\/p>\n<p style=\"text-align: center;\"><!--more--><\/p>\n<p style=\"text-align: center;\"><strong>Censure chez youtube et face de bouc<\/strong><\/p>\n<p style=\"text-align: justify;\">La semaine derni\u00e8re, il a \u00e9t\u00e9 fait mention du passage de Nicolas B\u00e9rard dans la r\u00e9gion. Une vid\u00e9o avait \u00e9t\u00e9 r\u00e9alis\u00e9e (32 minutes)\u00a0:<\/p>\n<p style=\"text-align: justify;\"><a href=\"https:\/\/www.youtube.com\/watch?v=NPvrLF_sQaA&amp;feature=youtu.be\">https:\/\/www.youtube.com\/watch?v=NPvrLF_sQa<\/a><\/p>\n<p style=\"text-align: justify;\">Youtube ne permet pas le visionnage<strong>\u00a0: la vid\u00e9o est trop longue\u00a0!<\/strong><\/p>\n<p style=\"text-align: justify;\">Une amie a trouv\u00e9 une vid\u00e9o avec deux rigolos (qui ont le droit aussi de s\u2019exprimer)\u00a0: 2 h 17\u201948\u2019\u2019\u00a0!<\/p>\n<p style=\"text-align: justify;\">Gr\u00e2ce \u00e0 \u00ab\u00a0<em>ciel.voile<\/em>\u00a0\u00bb, nous avons pu trouver un autre h\u00e9bergeur\u00a0pour cette vid\u00e9o\u00a0:<\/p>\n<p style=\"text-align: justify;\"><a href=\"https:\/\/www.brighteon.com\/db0c7996-5d51-4e60-8527-91d2804c3057\">https:\/\/www.brighteon.com\/db0c7996-5d51-4e60-8527-91d2804c3057<\/a><\/p>\n<p style=\"text-align: justify;\">\u00ab\u00a0<em>Leforest Environnement<\/em>\u00a0\u00bb a aussi r\u00e9ussi \u00e0 mettre la vid\u00e9o en ligne\u00a0:<\/p>\n<p style=\"text-align: justify;\"><a href=\"https:\/\/www.youtube.com\/watch?v=64LPtEo35rc&amp;feature=youtu.be\">https:\/\/www.youtube.com\/watch?v=64LPtEo35rc&amp;feature=youtu.be<\/a><\/p>\n<p style=\"text-align: justify;\">Merci \u00e0 ces deux associations<\/p>\n<p style=\"text-align: justify;\">Nouvelle censure\u00a0:<\/p>\n<p style=\"text-align: justify;\">J\u2019ai voulu \u00e9crire le message ci-dessus sur face de bouc. \u00a0R\u00e9ponse de face de bouc\u00a0:<\/p>\n<p style=\"text-align: justify;\"><em><strong>Vous ne pouvez pas publier ceci.<\/strong><\/em><\/p>\n<p style=\"text-align: justify;\"><em><strong>Cette URL va \u00e0 l\u2019encontre de nos Standards de la communaut\u00e9 en mati\u00e8re de spam\u00a0:<\/strong><\/em><\/p>\n<ul style=\"text-align: justify;\">\n<li><em><strong>brighteon.com<\/strong><\/em><\/li>\n<\/ul>\n<p style=\"text-align: justify;\">Nouveau message, nouvelle censure : face de bouc ne veut pas que je donne un lien concernant brighteon<\/p>\n<p style=\"text-align: justify;\">Cette information se retrouve sur le site du collectif\u00a0:<\/p>\n<p style=\"text-align: justify;\"><a href=\"https:\/\/collectif-accad.fr\/site\/outils\/audios-videos\/\">https:\/\/collectif-accad.fr\/site\/outils\/audios-videos\/<\/a><\/p>\n<p style=\"text-align: justify;\">A propos de censure, Zuckerberg malmen\u00e9\u00a0:<\/p>\n<p style=\"text-align: justify;\"><a href=\"https:\/\/www.youtube.com\/watch?v=06H8D3KEYxc\">https:\/\/www.youtube.com\/watch?v=06H8D3KEYxc<\/a><\/p>\n<p style=\"text-align: center;\">************\u00a0\u00a0\u00a0\u00a0\u00a0\u00a0 ***********<\/p>\n<p style=\"text-align: center;\"><strong>5G \u00e0 Valenciennes et aux alentours<\/strong><\/p>\n<p style=\"text-align: justify;\"><a href=\"https:\/\/www.lavoixdunord.fr\/929913\/article\/2021-02-03\/le-reseau-5g-d-orange-desormais-actif-sur-valenciennes-et-dix-communes-voisines\">https:\/\/www.lavoixdunord.fr\/929913\/article\/20<\/a><\/p>\n<p style=\"text-align: justify;\">M\u00eame baratin du c\u00f4t\u00e9 de B\u00e9thune\u00a0!<\/p>\n<p style=\"text-align: center;\">************\u00a0\u00a0\u00a0\u00a0\u00a0\u00a0 ***********<\/p>\n<p style=\"text-align: center;\"><strong>2 antennes 5G incendi\u00e9es<\/strong><\/p>\n<p style=\"text-align: justify;\"><a href=\"https:\/\/france3-regions.francetvinfo.fr\/occitanie\/haute-garonne\/toulouse\/autour-de-toulouse-2-antennes-relais-de-telephonie-5-g-incendiees-dans-la-nuit-1930279.html?utm_term=Autofeed&amp;utm_medium=Social&amp;utm_source=Facebook#Echobox=1611914291\">https:\/\/france3-regions.francetvinfo.fr\/occitanie\/<\/a><\/p>\n<p style=\"text-align: center;\">************\u00a0\u00a0\u00a0\u00a0\u00a0\u00a0 ***********<\/p>\n<p style=\"text-align: center;\"><strong>Villes concern\u00e9es par la 5G<\/strong><\/p>\n<p style=\"text-align: justify;\">Comme cela \u00e9volue vite, il est tr\u00e8s conseill\u00e9 d\u2019aller sur les sites\u00a0:<\/p>\n<ul style=\"text-align: justify;\">\n<li><a href=\"https:\/\/www.cartoradio.fr\">https:\/\/www.cartoradio.fr<\/a>\u00a0 dont l&rsquo;utilisation est expliqu\u00e9e sur la fiche de mesures<br \/>\n<a href=\"https:\/\/www.robindestoits.org\/attachment\/2047471\/\">https:\/\/www.robindestoits.org\/attachment\/2047471\/<\/a><\/li>\n<li><a href=\"https:\/\/www.antennesmobiles.fr\">https:\/\/www.antennesmobiles.fr<\/a> en cochant tous les op\u00e9rateurs\u00a0; \u00ab\u00a05G\u00a0\u00bb\u00a0; \u00ab\u00a03500 MHz\u00a0\u00bb\u00a0; \u00ab\u00a0Activ\u00e9e\u00a0\u00bb.<\/li>\n<\/ul>\n<p style=\"text-align: justify;\">Un exemple de listes qui date de janvier (elle est donc utile mais incompl\u00e8te)\u00a0:<\/p>\n<p style=\"text-align: justify;\"><a href=\"https:\/\/collectif-accad.fr\/site\/wp-content\/uploads\/2021\/02\/5G_ListesVillesConcernees.pdf\"><strong>5G_ListesVillesConcern\u00e9es<\/strong><\/a><\/p>\n<p style=\"text-align: center;\">************\u00a0\u00a0\u00a0\u00a0\u00a0\u00a0 ***********<\/p>\n<p style=\"text-align: center;\"><strong>Phonegate\u00a0: risques et mesures des ondes<\/strong><\/p>\n<p style=\"text-align: justify;\">Intervention de Marc Arazi<\/p>\n<p style=\"text-align: justify;\"><a href=\"https:\/\/www.phonegatealert.org\/interview-du-dr-marc-arazi-sur-la-chaine-economique-b-smart\">https:\/\/www.phonegatealert.org\/interview-du<\/a><\/p>\n<p style=\"text-align: center;\">************\u00a0\u00a0\u00a0\u00a0\u00a0\u00a0 ***********<\/p>\n<p style=\"text-align: justify;\"><strong>11 000 pages de preuves d\u00e9pos\u00e9es dans le cadre de l&rsquo;affaire 5G contre la FCC<\/strong><\/p>\n<p style=\"text-align: justify;\"><a href=\"https:\/\/www.robindestoits.org\/USA-11-000-pages-de-preuves_a3031.html?TOKEN_RETURN\"><strong>https:\/\/www.robindestoits.org\/USA-11-<\/strong><\/a><\/p>\n<p style=\"text-align: center;\">************\u00a0\u00a0\u00a0\u00a0\u00a0\u00a0 ***********<\/p>\n<p style=\"text-align: center;\"><strong>Antenne et covid\u00a0; un lien\u00a0?<\/strong><\/p>\n<p style=\"text-align: justify;\">Ce m\u00e9decin du Sud-Ouest a rep\u00e9r\u00e9 des corr\u00e9lations entre la pr\u00e9sence d&rsquo;antennes et les diff\u00e9rentes configurations de Covid chez ses patients.<br \/>\n<a href=\"https:\/\/odysee.com\/@LeTrublion:d\/2021.01.19---Dr-Jose-Luis-Sevillano---Part.1---Covid19-et-champs-%C3%A9lectromagn%C3%A9tiques,-France,-Tanus-(VOSTFR)-:e\">https:\/\/odysee.com\/@LeTrublion:d\/2021.01.19&#8212;Dr-Jos<\/a><br \/>\nStoplinky des Olonnes<\/p>\n<p style=\"text-align: center;\">************\u00a0\u00a0\u00a0\u00a0\u00a0\u00a0 ***********<\/p>\n<p style=\"text-align: justify;\"><strong>Comment des champs \u00e9lect. peuvent influencer la sant\u00e9 <\/strong><\/p>\n<p style=\"text-align: justify;\"><strong>Paul H\u00e9roux Ph.D., Universit\u00e9 McGill<\/strong><\/p>\n<p style=\"text-align: justify;\"><a href=\"https:\/\/www.youtube.com\/watch?v=-ttVRdQD5BQ&amp;t=950s&amp;fbclid=IwAR3QS34W_coji647yOT6mmK-7FeOKSV7AlxvVdee__0V49ljRe6ltdJWbpo\">https:\/\/www.youtube.com\/watch?v=-ttVRdQD5B<\/a><\/p>\n<p style=\"text-align: justify;\">Cela date de \u2026 2016<\/p>\n<p style=\"text-align: center;\">************\u00a0\u00a0\u00a0\u00a0\u00a0\u00a0 ***********<\/p>\n<p style=\"text-align: center;\"><strong>Danger de mort 5G<\/strong><\/p>\n<p><a href=\"https:\/\/m.youtube.com\/watch?v=OBgtnGREn-s&amp;t=0s\">https:\/\/m.youtube.com\/watch?v=OBgtnGREn-s&amp;t=0s<\/a><\/p>\n<p style=\"text-align: center;\">************\u00a0\u00a0\u00a0\u00a0\u00a0\u00a0 ***********<\/p>\n<p style=\"text-align: center;\"><strong>Debout les gars r\u00e9veillez-vous<\/strong><\/p>\n<p style=\"text-align: justify;\">Il va falloir en mettre un coup<\/p>\n<p style=\"text-align: justify;\"><a href=\"https:\/\/www.youtube.com\/watch?v=VXFmuXZahcE\">Debout les Gars ! | Images &amp; paroles &#8211; YouTube<\/a><\/p>\n<p style=\"text-align: justify;\"><a href=\"https:\/\/www.youtube.com\/watch?v=VXFmuXZahcE\">https:\/\/www.youtube.com\/watch?v=VXFmuXZahcE<\/a><\/p>\n<p style=\"text-align: center;\">************\u00a0\u00a0\u00a0\u00a0\u00a0\u00a0 ***********<\/p>\n<p style=\"text-align: center;\"><strong>Des nouvelles d\u2019ACE Hendaye<\/strong><\/p>\n<p style=\"text-align: justify;\"><strong>5G : Des dizaines de communes s&rsquo;opposent\u00a0<\/strong><\/p>\n<p style=\"text-align: justify;\"><a href=\"http:\/\/ace-hendaye.over-blog.fr\/2021\/01\/5g-des-dizaines-de-communes-s-opposent.html\">http:\/\/ace-hendaye.over-blog.fr\/2021\/01\/5g-de<\/a><\/p>\n<p style=\"text-align: justify;\"><strong>Publication tr\u00e8s importante du Pr Martin Pall sur le m\u00e9canisme d&rsquo;action des champs EMF et pourquoi les normes actuelles sont fausses\u00a0<\/strong><\/p>\n<p style=\"text-align: justify;\"><a href=\"http:\/\/ace-hendaye.over-blog.fr\/2021\/01\/publication-tres-importante-du-pr-martin-pall-sur-le-mecanisme-d-action-des-champs-emf-et-pourquoi-les-normes-actuelles-sont-fausses\">http:\/\/ace-hendaye.over-blog.fr\/2021\/01\/publica<\/a><\/p>\n<p style=\"text-align: justify;\"><strong>ONU : Incidences des nouvelles technologies sur la promotion et la protection des droits de l&rsquo;homme dans le contexte des rassemblements y compris des manifestations pacifiques\u00a0<\/strong><\/p>\n<p style=\"text-align: justify;\"><a href=\"http:\/\/ace-hendaye.over-blog.fr\/2021\/01\/onu-incidence-des-nouvelles-technologies-sur-la-promotion-et-la-protection-des-droits-de-l-homme-dans-le-contexte-des-rassemblements\">http:\/\/ace-hendaye.over-blog.fr\/2021\/01\/onu-inci<\/a><\/p>\n<p style=\"text-align: justify;\"><strong>Le syndrome de la Havane\u00a0<\/strong><\/p>\n<p style=\"text-align: justify;\"><a href=\"http:\/\/ace-hendaye.over-blog.fr\/2021\/02\/le-syndrome-de-la-havane.html\">http:\/\/ace-hendaye.over-blog.fr\/2021\/02\/le-synd<\/a><\/p>\n<p style=\"text-align: justify;\"><strong>\u00a0<\/strong><\/p>\n<p style=\"text-align: justify;\"><strong>\u00a0<\/strong><\/p>\n","protected":false},"excerpt":{"rendered":"<p>Au sommaire : Censure, Valenciennes et B\u00e9thune, antennes incendi\u00e9es, justice, phonegate, conf\u00e9rence sur les champs \u00e9lectriques \u2026<\/p>\n","protected":false},"author":4,"featured_media":0,"comment_status":"closed","ping_status":"open","sticky":false,"template":"","format":"standard","meta":{"footnotes":""},"categories":[1],"tags":[],"class_list":["post-6976","post","type-post","status-publish","format-standard","hentry","category-non-classe"],"_links":{"self":[{"href":"https:\/\/collectif-accad.fr\/site\/wp-json\/wp\/v2\/posts\/6976","targetHints":{"allow":["GET"]}}],"collection":[{"href":"https:\/\/collectif-accad.fr\/site\/wp-json\/wp\/v2\/posts"}],"about":[{"href":"https:\/\/collectif-accad.fr\/site\/wp-json\/wp\/v2\/types\/post"}],"author":[{"embeddable":true,"href":"https:\/\/collectif-accad.fr\/site\/wp-json\/wp\/v2\/users\/4"}],"replies":[{"embeddable":true,"href":"https:\/\/collectif-accad.fr\/site\/wp-json\/wp\/v2\/comments?post=6976"}],"version-history":[{"count":8,"href":"https:\/\/collectif-accad.fr\/site\/wp-json\/wp\/v2\/posts\/6976\/revisions"}],"predecessor-version":[{"id":7276,"href":"https:\/\/collectif-accad.fr\/site\/wp-json\/wp\/v2\/posts\/6976\/revisions\/7276"}],"wp:attachment":[{"href":"https:\/\/collectif-accad.fr\/site\/wp-json\/wp\/v2\/media?parent=6976"}],"wp:term":[{"taxonomy":"category","embeddable":true,"href":"https:\/\/collectif-accad.fr\/site\/wp-json\/wp\/v2\/categories?post=6976"},{"taxonomy":"post_tag","embeddable":true,"href":"https:\/\/collectif-accad.fr\/site\/wp-json\/wp\/v2\/tags?post=6976"}],"curies":[{"name":"wp","href":"https:\/\/api.w.org\/{rel}","templated":true}]}}