{"id":6956,"date":"2021-02-04T02:11:10","date_gmt":"2021-02-04T01:11:10","guid":{"rendered":"https:\/\/collectif-accad.fr\/site\/?p=6956"},"modified":"2021-02-03T08:14:50","modified_gmt":"2021-02-03T07:14:50","slug":"stephane-lhomme-en-justice","status":"publish","type":"post","link":"https:\/\/collectif-accad.fr\/site\/stephane-lhomme-en-justice\/","title":{"rendered":"St\u00e9phane Lhomme en justice"},"content":{"rendered":"<h2 style=\"text-align: left;\"><strong>Il \u00e9tait attaqu\u00e9 par UFCquechoisir\u00a0 \u2026 et par Enedis<\/strong><\/h2>\n<p><!--more--><\/p>\n<p style=\"text-align: justify;\">Du bon et du moins bon<\/p>\n<ul style=\"text-align: justify;\">\n<li>Proc\u00e8s par UFC-QueChoisir<\/li>\n<\/ul>\n<p style=\"text-align: justify;\">Jeudi 28 janvier avait lieu \u00e0 Paris l&rsquo;appel du triple proc\u00e8s lanc\u00e9 et perdu par UFC-QueChoisir contre moi<br \/>\ncf rappel premi\u00e8re instance :<\/p>\n<p style=\"text-align: justify;\"><a href=\"http:\/\/refus.linky.gazpar.free.fr\/sl-bat-UFC-x3.jpg\">http:\/\/refus.linky.gazpar.free.fr\/sl-bat-UFC-x3.jpg<\/a><\/p>\n<p style=\"text-align: justify;\">Premi\u00e8re bonne nouvelle : le triple appel d&rsquo;UFC a \u00e9t\u00e9 rejet\u00e9 par le parquet sur le plan p\u00e9nal. Par contre, subtilit\u00e9 du droit fran\u00e7ais, l&rsquo;appel a \u00e9t\u00e9 accept\u00e9 sur le plan civil. Il est en effet possible que l&rsquo;UFC soit d\u00e9bout\u00e9e au p\u00e9nal&#8230; et gagne au civil ! Je n\u2019encoure donc plus aucune condamnation&#8230; mais d&rsquo;\u00e9ventuels dommages et int\u00e9r\u00eats \u00e0 payer, ce qui est le but de la direction d&rsquo;UFC-QC qui veut m&rsquo;\u00e9touffer financi\u00e8rement.<\/p>\n<p style=\"text-align: justify;\">Autre bonne nouvelle, une des trois proc\u00e9dures a \u00e9t\u00e9 retir\u00e9e par UFC-QC, celle du charg\u00e9 de mission Mouchnino qui \u00e9tait tellement ridicule que j&rsquo;\u00e9tais s\u00fbr de gagner. Restent donc la plainte de la \u00ab\u00a0journaliste\u00a0\u00bb de Que Choisir et, bien s\u00fbr, celle de l&rsquo;association UFC, dont j&rsquo;ai d\u00e9nonc\u00e9 la collusion avec les entreprises de l&rsquo;\u00e9nergie et avec Enedis ; rappel\u00a0 :<\/p>\n<p style=\"text-align: justify;\"><a href=\"http:\/\/refus.linky.gazpar.free.fr\/linky-ufc-que-trahir.htm\">http:\/\/refus.linky.gazpar.free.fr\/linky-ufc-que-trahir.htm<\/a><\/p>\n<p style=\"text-align: justify;\">Chaque partie a bien s\u00fbr d\u00e9roul\u00e9 ses arguments, difficile de faire un pronostic, les deux jugements seront annonc\u00e9s le 4 mars&#8230;<\/p>\n<ul style=\"text-align: justify;\">\n<li>Proc\u00e8s par Enedis<\/li>\n<\/ul>\n<p style=\"text-align: justify;\">Le m\u00eame jour, \u00e0 l&rsquo;autre tribunal de Paris, \u00e9tait annonc\u00e9 le jugement du proc\u00e8s en premi\u00e8re instance que me fait Enedis sur la question des incendies. Pour m\u00e9moire, Enedis s&rsquo;est bien gard\u00e9e d&rsquo;attaquer sur le fond du probl\u00e8me mais juste sur l&rsquo;accusation selon laquelle, lorsqu&rsquo;un incendie a eu lieu, sous pr\u00e9texte de \u00ab\u00a0mettre en s\u00e9curit\u00e9\u00a0\u00bb, Enedis fait le \u00ab\u00a0m\u00e9nage\u00a0\u00bb et enl\u00e8ve les preuves de l&rsquo;implication du Linky. Ne pouvant \u00eatre aux deux tribunaux en m\u00eame temps, nous n&rsquo;avons eu l&rsquo;info du jugement qu&rsquo;oralement par un contact : a priori j&rsquo;ai \u00e9t\u00e9 jug\u00e9 coupable de diffamation, avec 1 euro symbolique mais aussi des frais d&rsquo;avocats \u00e0 payer. J&rsquo;attends le jugement \u00e9crit&#8230; avec la ferme intention de faire appel&#8230;<\/p>\n<p style=\"text-align: justify;\">NB : pour le moment je n&rsquo;ai pas besoin de lancer un appel \u00e0 soutien financier : attendons les jugements du 4 mars et l&rsquo;appel contre Enedis. Merci infiniment \u00e0 toutes celles et ceux qui m&rsquo;ont d\u00e9j\u00e0 aid\u00e9 pour ces proc\u00e9dures, d\u00e9placements, etc.<\/p>\n<p style=\"text-align: center;\">******* ****<\/p>\n<p style=\"text-align: center;\"><strong>RAPPEL\u00a0: \u00e0 propos du proc\u00e8s intent\u00e9 par Enedis<\/strong><\/p>\n<ol style=\"text-align: justify;\">\n<li>Lhomme a \u00e9crit\u00a0: \u00ab\u00a0lorsqu&rsquo;un incendie a eu lieu, sous pr\u00e9texte de \u00ab\u00a0mettre en s\u00e9curit\u00e9\u00a0\u00bb, Enedis fait le \u00ab\u00a0m\u00e9nage\u00a0\u00bb et enl\u00e8ve les preuves de l&rsquo;implication du Linky\u00a0\u00bb<\/li>\n<\/ol>\n<p style=\"text-align: justify;\">Il faut rappeler le drame de Flers-en-Escrebieux (59) qui s&rsquo;est produit la veille de l&rsquo;incendie de ND de Paris\u00a0; donc le 14 avril 2019.<\/p>\n<p style=\"text-align: justify;\">C&rsquo;est tout \u00e0 fait ce que dit S. Lhomme.<\/p>\n<p style=\"text-align: justify;\">Quand l\u2019incendie a \u00e9t\u00e9 maitris\u00e9e \u00e0 Flers, les premiers \u00e0 rentrer dans la maison sont des employ\u00e9s d\u2019Enedis \u2013arriv\u00e9s rapidement sur les lieux de l\u2019incendie- qui se sont charg\u00e9s de retirer le compteur Linky. Ensuite la police scientifique a p\u00e9n\u00e9tr\u00e9. Le compteur Linky a ensuite \u00e9t\u00e9 rendu quelques jours plus tard aux enqu\u00eateurs qui ont mis cette \u00ab\u00a0pi\u00e8ce \u00e0 conviction\u00a0\u00bb sous scell\u00e9s\u00a0!<\/p>\n<p style=\"text-align: justify;\">On a le t\u00e9moignage d&rsquo;un adh\u00e9rent du collectif ACCAD. Il a d&rsquo;ailleurs \u00e9t\u00e9 auditionn\u00e9 par la police.<\/p>\n<p style=\"text-align: justify;\">Bien entendu, il n&rsquo;y a pas eu de suite\u00a0 puisque le coupable a \u00e9t\u00e9 trouv\u00e9 : une plaque de cuisson !!!<\/p>\n<p style=\"text-align: justify;\">Il ne faut pas oublier que, dans cet incendie, deux enfants sont morts.<\/p>\n<p style=\"text-align: center;\">******* ****<\/p>\n<p style=\"text-align: center;\"><strong>Infos diverses de la r\u00e9sistance anti-Linky<\/strong><\/p>\n<p style=\"text-align: justify;\"><strong>Reportage de Reporterre sur les Linky<\/strong><strong><br \/>\n<\/strong><a href=\"https:\/\/reporterre.net\/Le-compteur-Linky-bientot-partout-mais-les-resistances-toujours-vives\">https:\/\/reporterre.net\/Le-compteur-Linky-<\/a><\/p>\n<p style=\"text-align: justify;\"><strong>Aniane : le collectif anti-Linky passe \u00e0 l&rsquo;action et manifeste<\/strong><strong><br \/>\n<\/strong><a href=\"https:\/\/www.midilibre.fr\/2021\/01\/21\/le-collectif-anti-linky-passe-a-laction-et-manifeste-9323826.php\">https:\/\/www.midilibre.fr\/2021\/01\/21\/le-collecti<\/a><\/p>\n<p style=\"text-align: justify;\"><em>Bravo au collectif d&rsquo;Aniane !<\/em><\/p>\n<p style=\"text-align: justify;\">Continuons !<\/p>\n<p style=\"text-align: justify;\">Le programme d&rsquo;installation des Linky en France touche \u00e0 sa fin mais nous sommes des centaines de milliers, peut-\u00eatre des millions (seul Enedis connait les chiffres&#8230; et se garde bien de les publier) \u00e0 avoir encore de bons compteurs ordinaires : nous pouvons r\u00e9sister dans la dur\u00e9e, pendant des ann\u00e9es, voire des d\u00e9cennies. Souvent, il suffit de ne pas laisser les installateurs entrer dans son domicile, donc la r\u00e9sistance peut durer longtemps !\u00a0 Un jour peut-\u00eatre nous verrons Enedis r\u00e9installer des compteurs ordinaires&#8230;<\/p>\n<p style=\"text-align: justify;\"><strong>Quelques vid\u00e9os<\/strong><\/p>\n<p style=\"text-align: justify;\"><a href=\"https:\/\/www.youtube.com\/channel\/UCOOovk2hlmvQm8mOgdk0ghg\">https:\/\/www.youtube.com\/channel\/UCOOovk2hlmvQm8mOgdk0ghg<\/a><\/p>\n<p style=\"text-align: justify;\">St\u00e9phane Lhomme, Directeur de l&rsquo;Observatoire du nucl\u00e9aire<\/p>\n<p style=\"text-align: justify;\">Animateur de <a href=\"http:\/\/refus.linky.gazpar.free.fr\">http:\/\/refus.linky.gazpar.free.fr<\/a><\/p>\n<p style=\"text-align: justify;\">\n","protected":false},"excerpt":{"rendered":"<p>Il \u00e9tait attaqu\u00e9 par UFCquechoisir\u00a0 \u2026 et par Enedis<\/p>\n","protected":false},"author":4,"featured_media":0,"comment_status":"closed","ping_status":"open","sticky":false,"template":"","format":"standard","meta":{"footnotes":""},"categories":[1],"tags":[],"class_list":["post-6956","post","type-post","status-publish","format-standard","hentry","category-non-classe"],"_links":{"self":[{"href":"https:\/\/collectif-accad.fr\/site\/wp-json\/wp\/v2\/posts\/6956","targetHints":{"allow":["GET"]}}],"collection":[{"href":"https:\/\/collectif-accad.fr\/site\/wp-json\/wp\/v2\/posts"}],"about":[{"href":"https:\/\/collectif-accad.fr\/site\/wp-json\/wp\/v2\/types\/post"}],"author":[{"embeddable":true,"href":"https:\/\/collectif-accad.fr\/site\/wp-json\/wp\/v2\/users\/4"}],"replies":[{"embeddable":true,"href":"https:\/\/collectif-accad.fr\/site\/wp-json\/wp\/v2\/comments?post=6956"}],"version-history":[{"count":3,"href":"https:\/\/collectif-accad.fr\/site\/wp-json\/wp\/v2\/posts\/6956\/revisions"}],"predecessor-version":[{"id":6959,"href":"https:\/\/collectif-accad.fr\/site\/wp-json\/wp\/v2\/posts\/6956\/revisions\/6959"}],"wp:attachment":[{"href":"https:\/\/collectif-accad.fr\/site\/wp-json\/wp\/v2\/media?parent=6956"}],"wp:term":[{"taxonomy":"category","embeddable":true,"href":"https:\/\/collectif-accad.fr\/site\/wp-json\/wp\/v2\/categories?post=6956"},{"taxonomy":"post_tag","embeddable":true,"href":"https:\/\/collectif-accad.fr\/site\/wp-json\/wp\/v2\/tags?post=6956"}],"curies":[{"name":"wp","href":"https:\/\/api.w.org\/{rel}","templated":true}]}}