{"id":6949,"date":"2021-02-02T02:35:43","date_gmt":"2021-02-02T01:35:43","guid":{"rendered":"https:\/\/collectif-accad.fr\/site\/?p=6949"},"modified":"2021-04-05T06:34:28","modified_gmt":"2021-04-05T04:34:28","slug":"infos-5g-du-2-fevrier-2021","status":"publish","type":"post","link":"https:\/\/collectif-accad.fr\/site\/infos-5g-du-2-fevrier-2021\/","title":{"rendered":"Infos 5G du 2 f\u00e9vrier 2021"},"content":{"rendered":"<p><img loading=\"lazy\" decoding=\"async\" class=\" wp-image-6951 aligncenter\" src=\"https:\/\/collectif-accad.fr\/site\/wp-content\/uploads\/2021\/02\/RevueDessinee_Linky-04.jpg\" alt=\"\" width=\"662\" height=\"616\" srcset=\"https:\/\/collectif-accad.fr\/site\/wp-content\/uploads\/2021\/02\/RevueDessinee_Linky-04.jpg 645w, https:\/\/collectif-accad.fr\/site\/wp-content\/uploads\/2021\/02\/RevueDessinee_Linky-04-300x279.jpg 300w\" sizes=\"auto, (max-width: 662px) 100vw, 662px\" \/><\/p>\n<p><!--more--><\/p>\n<p style=\"text-align: justify;\"><strong><span style=\"font-size: 24pt;\">Au sommaire<\/span> <\/strong><\/p>\n<p style=\"text-align: justify;\"><span style=\"font-size: 12pt;\"><strong>Une vid\u00e9o avec N. B\u00e9rard, actualit\u00e9 des luttes, les dangers de la 5G, un d\u00e9bat, un guide, un arr\u00eat\u00e9 anti 5G, destructions d\u2019antennes, 5G et internet des objets, t\u00e9l\u00e9phone portable \u2026<\/strong><\/span><\/p>\n<p style=\"text-align: center;\"><!--more--><\/p>\n<p style=\"text-align: center;\"><strong>Nicolas B\u00e9rard a parl\u00e9 de la 5G \u00e0 Lille<\/strong><\/p>\n<p style=\"text-align: justify;\">Il est l\u2019auteur de \u00ab\u00a05G mon amour\u00a0\u00bb<\/p>\n<p style=\"text-align: justify;\">Il est venu \u00e0 Lille le 10 octobre. Une vid\u00e9o a \u00e9t\u00e9 r\u00e9alis\u00e9e (32 minutes)\u00a0:<\/p>\n<p style=\"text-align: justify;\"><a href=\"https:\/\/www.youtube.com\/watch?v=NPvrLF_sQaA&amp;feature=youtu.be\">https:\/\/www.youtube.com\/watch?v=N<\/a><\/p>\n<p style=\"text-align: center;\"><strong>L\u2019actualit\u00e9 des luttes<\/strong><\/p>\n<p style=\"text-align: justify;\"><a href=\"http:\/\/actualitedesluttes.info\/wp-content\/uploads\/2021\/01\/210120.mp3\">http:\/\/actualitedesluttes.info\/wp-content\/upl<\/a><\/p>\n<p style=\"text-align: center;\">************\u00a0\u00a0\u00a0\u00a0\u00a0\u00a0 ***********<\/p>\n<p style=\"text-align: center;\"><strong>D\u00e9bat sur la 5G<\/strong><\/p>\n<p style=\"text-align: justify;\">Organis\u00e9e par V. Lefrancq, d\u00e9put\u00e9e bruxelloise<\/p>\n<p style=\"text-align: justify;\"><a href=\"https:\/\/www.facebook.com\/watch\/live\/?v=402583244150156&amp;ref=watch_permalink\">https:\/\/www.facebook.com\/watch\/live\/?v=<\/a><\/p>\n<p style=\"text-align: center;\">************\u00a0\u00a0\u00a0\u00a0\u00a0\u00a0 ***********<\/p>\n<p style=\"text-align: center;\"><strong>Un guide sur la 5G<\/strong><\/p>\n<p style=\"text-align: justify;\"><a href=\"https:\/\/collectif-accad.fr\/site\/wp-content\/uploads\/2021\/02\/5G_DossierSpecial_EricMuller.docx\">5G_DossierSp\u00e9cial_EricMuller<\/a><\/p>\n<p style=\"text-align: center;\">************\u00a0 \u00a0\u00a0\u00a0\u00a0\u00a0***********<\/p>\n<p style=\"text-align: left;\"><strong>La CAHC (H\u00e9nin-Carvin) a parl\u00e9 de la 5G (8 minutes)<\/strong><\/p>\n<p style=\"text-align: justify;\"><a href=\"https:\/\/www.youtube.com\/watch?v=S9C4ypLdf1M&amp;feature=youtu.be&amp;fbclid=IwAR1HYA8Khs4tLeO8OlTWXwPzewaN0o78aTMmty0Qucf0OOgMeDbfP0nXTzA\">https:\/\/www.youtube.com\/watch?v=S9C4y<\/a><\/p>\n<p style=\"text-align: justify;\">Comment dire qu\u2019on est contre tout en \u00e9tant pour\u00a0!<\/p>\n<p style=\"text-align: center;\">************\u00a0\u00a0\u00a0\u00a0\u00a0\u00a0 ***********<\/p>\n<p style=\"text-align: justify;\"><strong>Le premier arr\u00eat\u00e9 anti-5G a \u00e9t\u00e9 pris \u00e0 Fontenay-sous-bois\u00a0!<\/strong><\/p>\n<p style=\"text-align: justify;\"><a href=\"https:\/\/ccaves.org\/blog\/wp-content\/uploads\/Fontenay-sous-boisMoratoire5g261120_texte.docx\">https:\/\/ccaves.org\/blog\/wp-content\/uploa<\/a><\/p>\n<p style=\"text-align: center;\">************\u00a0\u00a0\u00a0\u00a0\u00a0\u00a0 ***********<\/p>\n<p style=\"text-align: center;\"><strong>Destruction d\u2019antennes 5G<\/strong><\/p>\n<p style=\"text-align: justify;\">Un signe encourageant de la vitalit\u00e9 de la vitalit\u00e9 de la d\u00e9mocratie\u00a0?<\/p>\n<p style=\"text-align: justify;\"><a href=\"https:\/\/fr.sputniknews.com\/societe\/202101221045117574-destruction-des-antennes-relais-5g-et-petitions-en-ligne-un-signe-encourageant-de-la-vitalite-de-la\/\">https:\/\/fr.sputniknews.com\/societe\/20210122104<\/a><\/p>\n<p style=\"text-align: justify;\">Deux incendies se sont d\u00e9clar\u00e9s ce jeudi 28 janvier dans la soir\u00e9e, \u00e0 proximit\u00e9 de deux antennes\u00a0relais 5G autour de Toulouse. Pour l&rsquo;heure, impossible de savoir si ces d\u00e9parts de feu sont d&rsquo;origine accidentelle ou criminelle.<\/p>\n<p style=\"text-align: justify;\"><a href=\"https:\/\/www.ladepeche.fr\/2021\/01\/29\/pres-de-toulouse-deux-antennes-relais-5g-incendiees-dans-la-nuit-9340568.php\">https:\/\/www.ladepeche.fr\/2021\/01\/29\/pres-de-toulo<\/a><\/p>\n<p style=\"text-align: center;\">************\u00a0\u00a0\u00a0\u00a0\u00a0\u00a0 ***********<\/p>\n<p style=\"text-align: center;\"><strong>Les dangers de la 5G<\/strong><\/p>\n<p style=\"text-align: justify;\">Un d\u00e9sastre pour l\u2019humanit\u00e9<\/p>\n<p style=\"text-align: justify;\"><strong>13 raisons pour lesquelles la technologie sans fil 5G risque d\u2019\u00eatre un d\u00e9sastre pour l\u2019humanit\u00e9<\/strong><\/p>\n<p style=\"text-align: justify;\"><a href=\"https:\/\/cv19.fr\/2021\/01\/12\/danger-de-la-5g-13-raisons-pour-lesquelles-la-technologie-sans-fil-5g-risque-detre-un-desastre-pour-lhumanite\/?fbclid=IwAR19WJVaQOkgmyFAxjpC_WEaQvcJzfagDMVHQxwzkrTEtgz7tm6kS3r_vjw\">https:\/\/cv19.fr\/2021\/01\/12\/danger-de-la-5g-1<\/a><\/p>\n<p style=\"text-align: center;\">************\u00a0\u00a0\u00a0\u00a0\u00a0\u00a0 ***********<\/p>\n<p style=\"text-align: center;\"><strong>ONU et droits num\u00e9riques<\/strong><\/p>\n<p style=\"text-align: justify;\">On taille beaucoup les instances internationales (ces derniers temps l&rsquo;OMS).<\/p>\n<p style=\"text-align: justify;\">Il y a, c&rsquo;est vrai, un probl\u00e8me de responsables, corrompus et\/ou peu courageux, de structures de d\u00e9cision (bloqu\u00e9es par les vetos des plus gros \u00e9tats).<\/p>\n<p style=\"text-align: justify;\">Mais il peut y avoir un travail de fond qui nous sort des d\u00e9bats foireux et m\u00e9diocres franco-fran\u00e7ais, ou de jeux de pouvoir europ\u00e9ens.<\/p>\n<p style=\"text-align: justify;\">Sur le num\u00e9rique, c&rsquo;est le cas du travail men\u00e9 par le Haut commissariat aux droits de l&rsquo;Homme qui a \u00e9labor\u00e9 depuis quelques ann\u00e9es des droits humains num\u00e9riques<\/p>\n<p style=\"text-align: justify;\">\u00a0<a href=\"https:\/\/www.ohchr.org\/FR\/Issues\/DigitalAge\/Pages\/DigitalAgeIndex.aspx\">https:\/\/www.ohchr.org\/FR\/Issues\/DigitalAge\/Pages<\/a><\/p>\n<p style=\"text-align: justify;\">Par exemple, sur le droit \u00e0 manifester, ils sortent un texte assez remarquable\u00a0:<\/p>\n<p style=\"text-align: justify;\">Incidence des nouvelles technologies sur la promotion et la protection des droits de l\u2019homme dans le contexte des rassemblements, y compris des manifestations pacifiques\u00a0;<\/p>\n<p style=\"text-align: justify;\">\u00a0<a href=\"https:\/\/undocs.org\/fr\/A\/HRC\/44\/24\">https:\/\/undocs.org\/fr\/A\/HRC\/44\/24<\/a><\/p>\n<p style=\"text-align: justify;\">&#8211; qui reconnait de fait le droit aux manifestations (ce qui n&rsquo;est pas limpide dans la loi fran\u00e7aise)<\/p>\n<p style=\"text-align: justify;\">&#8211; qui remet en cause l&rsquo;usage d&rsquo;armes l\u00e9tales (les LBD&#8230;)<\/p>\n<p style=\"text-align: justify;\">&#8211; qui veut favoriser et prot\u00e9ger l&rsquo;usage d&rsquo;outils num\u00e9riques pour l&rsquo;appel et la coordination pacifique des manifestants entre eux<\/p>\n<p style=\"text-align: justify;\">&#8211; &#8230; et veut limiter un contr\u00f4le num\u00e9rique, la reconnaissance faciale&#8230; par les Etats<\/p>\n<p style=\"text-align: justify;\">Source d&rsquo;inspiration pour l&rsquo;apr\u00e8s Macron ?<\/p>\n<p style=\"text-align: justify;\">collectif Stop Linky 5G Loire et Halte au contr\u00f4le num\u00e9rique<\/p>\n<p style=\"text-align: center;\">************\u00a0\u00a0\u00a0\u00a0\u00a0\u00a0 ***********<\/p>\n<p style=\"text-align: center;\"><strong>5G et Internet des objets<\/strong><\/p>\n<p style=\"text-align: justify;\">La <a href=\"https:\/\/www.objetconnecte.com\/connectivite-5g-favorise-iot\/\">5G va r\u00e9volutionner l\u2019univers de l\u2019Internet des Objets<\/a>, en permettant notamment une r\u00e9activit\u00e9 en temps r\u00e9el. Cette technologie offre <strong>une vitesse et une qualit\u00e9 de signal sans pr\u00e9c\u00e9dent<\/strong>, permettant d\u2019acc\u00e9l\u00e9rer les \u00e9changes de donn\u00e9es entre les objets connect\u00e9s de 50%. Ce r\u00e9seau mobile pourrait donc devenir un nouveau standard en mati\u00e8re de connectivit\u00e9.<\/p>\n<p style=\"text-align: justify;\">Cependant, il faudra attendre plusieurs ann\u00e9es pour que cette technologie couvre toute la plan\u00e8te. Ainsi, Ericsson estime qu\u2019il faudra attendre <strong>2025 pour que la 5G soit accessible aux deux tiers<\/strong> de la population mondiale.<\/p>\n<p style=\"text-align: justify;\">M\u00eame <strong>en Europe, l\u2019introduction de la 5G dans chaque ville<\/strong> est une op\u00e9ration au co\u00fbt estim\u00e9 \u00e0 500 milliards d\u2019euros par la Commission europ\u00e9enne. De plus, le public est globalement peu enthousiaste et plut\u00f4t m\u00e9fiant \u00e0 l\u2019\u00e9gard de ce nouveau r\u00e9seau. Selon un sondage men\u00e9 par GSMA, seuls 11 \u00e0 23% d\u2019europ\u00e9ens comptent acqu\u00e9rir un smartphone 5G d\u00e8s que possible.<\/p>\n<p style=\"text-align: justify;\">bas de l&rsquo;article :<\/p>\n<p style=\"text-align: justify;\"><a href=\"https:\/\/www.objetconnecte.com\/tout-savoir-reseau-lora-bouygues\/\">https:\/\/www.objetconnecte.com\/tout-savoir-resea<\/a><\/p>\n<p style=\"text-align: justify;\"><strong>stoplinkyrouenagglo<\/strong><\/p>\n<p style=\"text-align: center;\">************\u00a0\u00a0\u00a0\u00a0\u00a0\u00a0 ***********<\/p>\n<p style=\"text-align: center;\"><strong>Les t\u00e9l\u00e9phones portables nuisent-ils sur la sant\u00e9\u00a0?<\/strong><\/p>\n<p style=\"text-align: justify;\">Courte intervention de Marc Arazi dans le magazine de la sant\u00e9 (\u00e0 partir de 22\u201939\u2019\u2019, jusque 29\u2019)<\/p>\n<p style=\"text-align: justify;\"><a href=\"https:\/\/phonegatealert.us4.list-manage.com\/track\/click?u=e35843b1714388bc322b5b943&amp;id=3a84e54044&amp;e=a2969b441a\">https:\/\/www.allodocteurs.fr\/emissions\/le-m<\/a><\/p>\n<p style=\"text-align: justify;\">Il y a aussi une intervention de Boris Cyrulnik sur la p\u00e9riode actuelle (les 16 premi\u00e8res minutes)<\/p>\n<p style=\"text-align: justify;\">Une autre intervention de M. Arazi dans le quotidien du m\u00e9decin\u00a0:<\/p>\n<p style=\"text-align: justify;\"><a href=\"https:\/\/www.phonegatealert.org\/le-quotidien-du-medecin-publie-la-tribune-du-dr-marc-arazi-sur-la-5g\">https:\/\/www.phonegatealert.org\/le-quotidien<\/a><\/p>\n<p style=\"text-align: justify;\"><strong>\u00a0<\/strong><\/p>\n","protected":false},"excerpt":{"rendered":"","protected":false},"author":4,"featured_media":0,"comment_status":"closed","ping_status":"open","sticky":false,"template":"","format":"standard","meta":{"footnotes":""},"categories":[1],"tags":[],"class_list":["post-6949","post","type-post","status-publish","format-standard","hentry","category-non-classe"],"_links":{"self":[{"href":"https:\/\/collectif-accad.fr\/site\/wp-json\/wp\/v2\/posts\/6949","targetHints":{"allow":["GET"]}}],"collection":[{"href":"https:\/\/collectif-accad.fr\/site\/wp-json\/wp\/v2\/posts"}],"about":[{"href":"https:\/\/collectif-accad.fr\/site\/wp-json\/wp\/v2\/types\/post"}],"author":[{"embeddable":true,"href":"https:\/\/collectif-accad.fr\/site\/wp-json\/wp\/v2\/users\/4"}],"replies":[{"embeddable":true,"href":"https:\/\/collectif-accad.fr\/site\/wp-json\/wp\/v2\/comments?post=6949"}],"version-history":[{"count":5,"href":"https:\/\/collectif-accad.fr\/site\/wp-json\/wp\/v2\/posts\/6949\/revisions"}],"predecessor-version":[{"id":7277,"href":"https:\/\/collectif-accad.fr\/site\/wp-json\/wp\/v2\/posts\/6949\/revisions\/7277"}],"wp:attachment":[{"href":"https:\/\/collectif-accad.fr\/site\/wp-json\/wp\/v2\/media?parent=6949"}],"wp:term":[{"taxonomy":"category","embeddable":true,"href":"https:\/\/collectif-accad.fr\/site\/wp-json\/wp\/v2\/categories?post=6949"},{"taxonomy":"post_tag","embeddable":true,"href":"https:\/\/collectif-accad.fr\/site\/wp-json\/wp\/v2\/tags?post=6949"}],"curies":[{"name":"wp","href":"https:\/\/api.w.org\/{rel}","templated":true}]}}