{"id":6930,"date":"2021-02-03T02:54:59","date_gmt":"2021-02-03T01:54:59","guid":{"rendered":"https:\/\/collectif-accad.fr\/site\/?p=6930"},"modified":"2021-01-29T06:07:25","modified_gmt":"2021-01-29T05:07:25","slug":"elle-refuse-le-compteur-linky","status":"publish","type":"post","link":"https:\/\/collectif-accad.fr\/site\/elle-refuse-le-compteur-linky\/","title":{"rendered":"Elle refuse le compteur Linky"},"content":{"rendered":"<h2 style=\"text-align: left;\"><strong>E<\/strong>lle s\u2019est retrouv\u00e9e sans \u00e9lectricit\u00e9 d\u00e9but d\u00e9cembre !<\/h2>\n<p><img loading=\"lazy\" decoding=\"async\" class=\"size-full wp-image-6932 aligncenter\" src=\"https:\/\/collectif-accad.fr\/site\/wp-content\/uploads\/2021\/01\/Linky_leChiffreReel.jpg\" alt=\"\" width=\"500\" height=\"614\" srcset=\"https:\/\/collectif-accad.fr\/site\/wp-content\/uploads\/2021\/01\/Linky_leChiffreReel.jpg 500w, https:\/\/collectif-accad.fr\/site\/wp-content\/uploads\/2021\/01\/Linky_leChiffreReel-244x300.jpg 244w\" sizes=\"auto, (max-width: 500px) 100vw, 500px\" \/><\/p>\n<p><!--more--><\/p>\n<p>B. est en train d\u2019emm\u00e9nager dans une maison ancienne au centre du bourg de L\u00e9ogats. Oppos\u00e9e \u00e0 la pose du compteur Linky, elle se retrouve sans \u00e9lectricit\u00e9 depuis d\u00e9but d\u00e9cembre.<\/p>\n<p>B. a commenc\u00e9 \u00e0 emm\u00e9nager le 4 d\u00e9cembre dernier avec son mari, sa fille et son beau-fils. Pour l\u2019instant le nouveau domicile est en travaux \u2026 et sans \u00e9lectricit\u00e9.<\/p>\n<p style=\"text-align: justify;\">\u00ab\u00a0L\u2019\u00e9lectricit\u00e9 n\u2019\u00e9tant pas aux normes dans cette ancienne maison, un \u00e9lectricien est venu faire les tableaux \u00e9lectriques de la maison et de la grange\u00a0\u00bb raconte B.<\/p>\n<p style=\"text-align: justify;\"><strong>\u00ab\u00a0On est pris en otage\u00a0\u00bb<\/strong><\/p>\n<p style=\"text-align: justify;\">\u00ab\u00a0On pensait emm\u00e9nager \u00e0 No\u00ebl. Le 22 d\u00e9cembre, Enedis devait venir remettre l\u2019\u00e9lectricit\u00e9. Mais quand le technicien a vu inscrit sur le compteur situ\u00e9 \u00e0 l\u2019ext\u00e9rieur, en bordure de route, que l\u2019on \u00e9tait oppos\u00e9 \u00e0 la pose d\u2019un compteur Linky, il nous a dit\u00a0: \u00ab\u00a0on a ordre de mettre un Linky, sinon on ne peut pas remettre l\u2019\u00e9lectricit\u00e9.\u00a0\u00bb La propri\u00e9taire estime que \u00ab\u00a0c\u2019est du chantage\u00a0\u00bb et que c\u2019est \u00ab\u00a0une privation de libert\u00e9. En tant que consommateur, on a le droit de choisir ou pas d\u2019avoir un Linky\u00a0\u00bb.<br \/>\nLa propri\u00e9taire contacte Enedis et on lui tient le m\u00eame discours. Elle laisse passer les f\u00eates de No\u00ebl et, le 28 d\u00e9cembre, elle rappelle Enedis pour faire une r\u00e9clamation. \u00ab\u00a0Ils m\u2019ont donn\u00e9 rendez-vous le 8 janvier. Mais on recommence \u00e0 travailler le 11. Enedis m\u2019a rappel\u00e9e pour un autre rendez-vous le 30 d\u00e9cembre et la pose du Linky\u00a0\u00bb. Le probl\u00e8me reste le m\u00eame.<\/p>\n<p style=\"text-align: justify;\">\u00ab\u00a0L\u2019\u00e9lectricit\u00e9 est un bien de premi\u00e8re n\u00e9cessit\u00e9. On est pris en otage. Le Linky prend facilement feu et il y a eu des histoires\u00a0\u00bb, argumente la m\u00e8re de famille.<\/p>\n<p style=\"text-align: justify;\">\u00ab\u00a0Le compteur ordinaire, lui, ne prend pas feu. Je ne veux pas \u00eatre pist\u00e9e. Si j\u2019ai une consommation forte, ils vont me t\u00e9l\u00e9phoner et me proposer d\u2019autres radiateurs. Ils peuvent couper l\u2019\u00e9lectricit\u00e9 \u00e0 distance\u00a0\u00bb.<\/p>\n<p style=\"text-align: justify;\">Craint-elle les ondes\u00a0? \u00ab\u00a0Je ne vais rien avoir de connect\u00e9 \u00e0 la maison \u00e0 part le wifi. Je n\u2019ai pas de four micro-ondes. Mon beau-fils a 19 ans. Il est en terminale. Quand les cours vont reprendre, si un troisi\u00e8me confinement survient, comment va-t-il prendre ses cours\u00a0?\u00a0\u00bb<\/p>\n<p style=\"text-align: justify;\"><strong>Sans chauffage<\/strong><\/p>\n<p style=\"text-align: justify;\">La propri\u00e9taire a souhait\u00e9 acqu\u00e9rir une ancienne maison en bois avec un compteur ancien, un terrain existant. \u00ab\u00a0Tout est d\u00e9j\u00e0 fait dedans. Je suis client chez Enedis, je paie mes factures, ils me doivent le service. Je suis locataire \u00e0 Villenave-d\u2019Ornon. J\u2019ai envoy\u00e9 un recommand\u00e9 pour ne pas avoir de Linky. Il est \u00e0 l\u2019int\u00e9rieur. Ils ne me l\u2019ont pas pos\u00e9\u00a0\u00bb.<\/p>\n<p style=\"text-align: justify;\">La famille a envoy\u00e9 son pr\u00e9avis pour quitter la location au 1<sup>er<\/sup> f\u00e9vrier. \u00ab\u00a0On sera \u00e0 L\u00e9ogats avec ou sans \u00e9lectricit\u00e9 et sans chauffage \u00e9lectrique\u00a0\u00bb.<\/p>\n<p style=\"text-align: justify;\">Pour les travaux qui restent \u00e0 faire dans la maison, son mari ne peut utiliser la disqueuse sans \u00e9lectricit\u00e9. Pas de nettoyage au nettoyeur haute pression non plus, ni d\u2019aspirateur. \u00ab\u00a0On a besoin d\u2019\u00e9lectricit\u00e9. A l\u2019\u00e9poque o\u00f9 nous sommes, en France ce n\u2019est pas un luxe\u00a0\u00bb.<\/p>\n<p style=\"text-align: justify;\">Contact\u00e9e, la direction g\u00e9n\u00e9rale Aquitaine-Nord d\u2019Enedis\u00a0 explique que \u00ab\u00a0la loi pr\u00e9voit l\u2019installation des compteurs Linky dans tous les foyers fran\u00e7ais. Le remplacement du compteur ne peut relever d\u2019un choix personnel. Enedis a renforc\u00e9 la mise en place d\u2019\u00e9quipes client\u00e8les avec un num\u00e9ro vert \u2026 et un autre \u00e9galement pour les cas de personnes sensibles, sujettes au stress\u00a0\u00bb.<\/p>\n<p style=\"text-align: justify;\"><strong>\u00ab\u00a0Pas de clients sans \u00e9lectricit\u00e9\u00a0\u00bb<\/strong><\/p>\n<p style=\"text-align: justify;\">Enedis rappelle que l\u2019entreprise \u00ab\u00a0ne laisse pas de clients sans \u00e9lectricit\u00e9. La propri\u00e9taire doit se rapprocher de nos services\u00a0\u00bb.<\/p>\n<p style=\"text-align: justify;\">Le 4 janvier, ErDF a rappel\u00e9 B et propos\u00e9 un rendez-vous le 14 janvier. Un responsable et un technicien vont envoyer un courrier \u00e0 Enedis. La propri\u00e9taire va de son c\u00f4t\u00e9 adresser une r\u00e9clamation par courrier recommand\u00e9. Le service r\u00e9clamation d\u2019Enedis a r\u00e9pondu \u00e0 sa cliente qu\u2019 \u00ab\u00a0en raison d\u2019un changement de puissance (de 6 \u00e0 9 kVA), il faut installer un compteur Linky\u00a0\u00bb. \u00ab\u00a0Ce que je demande, c\u2019est de revenir \u00e0 la puissance de 6 kVA et de garder le m\u00eame compteur\u00a0\u00bb.<\/p>\n<p style=\"text-align: justify;\">Le r\u00e9publicain-Sud Gironde<\/p>\n<p style=\"text-align: center;\">************ **************<\/p>\n<p style=\"text-align: justify;\"><strong>Suite \u00e0 la publication de cet article et contrairement aux affirmations d\u2019Enedis, changement total de discours\u00a0<\/strong>: le mardi 12 janvier, Enedis est venu effectuer la remise en service du compteur traditionnel m\u00e9canique noir \u00e0 disque avec le changement de puissance de 6 \u00e0 9 kW\u00a0; et non pas, comme avec le Linky, de 6 \u00e0 9 kVA \u2013ce qui est totalement diff\u00e9rent. C\u2019est donc une nouvelle victoire contre le compteur connect\u00e9 d\u2019Enedis\u00a0; ce qui confirme aussi que le Linky n\u2019est pas obligatoire. Il faut rappeler que la constitution interdit d\u2019imposer un objet connect\u00e9 \u00e0 un citoyen.<\/p>\n<p style=\"text-align: center;\">****** *********<\/p>\n<p style=\"text-align: center;\"><strong>On peut refuser le compteur Linky<\/strong><\/p>\n<p style=\"text-align: justify;\"><a href=\"https:\/\/www.youtube.com\/watch?v=eUtTfyxcO20&amp;fbclid=IwAR2OJseq5d_zLg4hXrqIouM1Xa9th4JAakBhWlXnmifX_ZA_xT1_B-WJgSc\">https:\/\/www.youtube.com\/watch?v<\/a><\/p>\n<p style=\"text-align: justify;\">\n","protected":false},"excerpt":{"rendered":"<p>Elle s\u2019est retrouv\u00e9e sans \u00e9lectricit\u00e9 d\u00e9but d\u00e9cembre !<\/p>\n","protected":false},"author":4,"featured_media":0,"comment_status":"closed","ping_status":"open","sticky":false,"template":"","format":"standard","meta":{"footnotes":""},"categories":[1],"tags":[],"class_list":["post-6930","post","type-post","status-publish","format-standard","hentry","category-non-classe"],"_links":{"self":[{"href":"https:\/\/collectif-accad.fr\/site\/wp-json\/wp\/v2\/posts\/6930","targetHints":{"allow":["GET"]}}],"collection":[{"href":"https:\/\/collectif-accad.fr\/site\/wp-json\/wp\/v2\/posts"}],"about":[{"href":"https:\/\/collectif-accad.fr\/site\/wp-json\/wp\/v2\/types\/post"}],"author":[{"embeddable":true,"href":"https:\/\/collectif-accad.fr\/site\/wp-json\/wp\/v2\/users\/4"}],"replies":[{"embeddable":true,"href":"https:\/\/collectif-accad.fr\/site\/wp-json\/wp\/v2\/comments?post=6930"}],"version-history":[{"count":2,"href":"https:\/\/collectif-accad.fr\/site\/wp-json\/wp\/v2\/posts\/6930\/revisions"}],"predecessor-version":[{"id":6933,"href":"https:\/\/collectif-accad.fr\/site\/wp-json\/wp\/v2\/posts\/6930\/revisions\/6933"}],"wp:attachment":[{"href":"https:\/\/collectif-accad.fr\/site\/wp-json\/wp\/v2\/media?parent=6930"}],"wp:term":[{"taxonomy":"category","embeddable":true,"href":"https:\/\/collectif-accad.fr\/site\/wp-json\/wp\/v2\/categories?post=6930"},{"taxonomy":"post_tag","embeddable":true,"href":"https:\/\/collectif-accad.fr\/site\/wp-json\/wp\/v2\/tags?post=6930"}],"curies":[{"name":"wp","href":"https:\/\/api.w.org\/{rel}","templated":true}]}}