{"id":6920,"date":"2021-02-01T02:16:11","date_gmt":"2021-02-01T01:16:11","guid":{"rendered":"https:\/\/collectif-accad.fr\/site\/?p=6920"},"modified":"2021-01-31T06:33:42","modified_gmt":"2021-01-31T05:33:42","slug":"principe-de-la-coupure-deau-interdite","status":"publish","type":"post","link":"https:\/\/collectif-accad.fr\/site\/principe-de-la-coupure-deau-interdite\/","title":{"rendered":"Pas de compteur EAU connect\u00e9"},"content":{"rendered":"<h2 style=\"text-align: left;\"><strong>Principe de la coupure d&rsquo;eau interdite<\/strong><\/h2>\n<p style=\"text-align: justify;\"><!--more--><\/p>\n<p style=\"text-align: left;\"><strong><span style=\"font-size: 18pt;\">Une locataire \u00e9lectrosensible fond\u00e9e \u00e0 s\u2019opposer au compteur d\u2019eau \u00ab\u00a0intelligent\u00a0\u00bb, selon la cour d\u2019appel de Paris<\/span><\/strong><\/p>\n<p style=\"text-align: justify;\">C\u2019est la premi\u00e8re fois qu\u2019une juridiction du fond admet qu\u2019un justiciable peut se pr\u00e9valoir de l\u2019\u00e9lectrohypersensibilit\u00e9 pour s\u2019opposer \u00e0 un compteur d\u2019eau communiquant.<\/p>\n<p style=\"text-align: justify;\"><strong><a href=\"https:\/\/www.lemonde.fr\/argent\/article\/2021\/01\/30\/compteur-d-eau-intelligent-une-locataire-electrosensible-obtient-le-droit-de-s-y-opposer_6068174_1657007.html\">https:\/\/www.lemonde.fr\/argent\/article\/2021\/01\/<\/a><\/strong><\/p>\n<p style=\"text-align: center;\"><strong>*** *****<\/strong><\/p>\n<p style=\"text-align: center;\"><strong>Loi Brottes<\/strong><\/p>\n<p style=\"text-align: justify;\">La <a href=\"http:\/\/www.legifrance.gouv.fr\/affichTexte.do?cidTexte=JORFTEXT000027310001\">loi n\u00b0 2013-312 du 15 avril 2013<\/a> visant \u00e0 pr\u00e9parer la transition vers un syst\u00e8me \u00e9nerg\u00e9tique sobre et portant diverses dispositions sur la tarification de l&rsquo;eau et sur les \u00e9oliennes, d\u00e9nomm\u00e9e \u00ab\u00a0<strong>loi Brottes\u00a0<\/strong>\u00bb, du nom du d\u00e9put\u00e9 Fran\u00e7ois Brottes, et son<\/p>\n<p style=\"text-align: justify;\"><a href=\"https:\/\/www.legifrance.gouv.fr\/eli\/decret\/2014\/2\/27\/DEVR1328079D\/jo\/texte\">d\u00e9cret d\u2019application n\u00b0 2014-274 du 27 f\u00e9vrier 2014<\/a>,<\/p>\n<p style=\"text-align: justify;\">interdit de couper l&rsquo;eau d&rsquo;une r\u00e9sidence principale m\u00eame en cas de factures impay\u00e9es<\/p>\n<p style=\"text-align: justify;\"><a href=\"https:\/\/www.legifrance.gouv.fr\/affichCodeArticle.do?cidTexte=LEGITEXT000006074069&amp;idArticle=LEGIARTI000006796467&amp;dateTexte&amp;categorieLien=cid\">article L. 115-3 du Code de l&rsquo;action sociale et des familles<\/a>.<\/p>\n<p style=\"text-align: justify;\">Ainsi, les gestionnaires d&rsquo;eau ne peuvent pas couper l&rsquo;arriv\u00e9e d&rsquo;eau dans un logement lorsqu&rsquo;un client ne paye plus son abonnement et\/ou sa consommation.<\/p>\n<p style=\"text-align: justify;\">Cette loi se fonde notamment sur le droit \u00ab\u00a0d&rsquo;acc\u00e9der \u00e0 l&rsquo;eau potable dans des conditions \u00e9conomiquement acceptables par tous\u00a0\u00bb<\/p>\n<p style=\"text-align: justify;\"><a href=\"https:\/\/www.legifrance.gouv.fr\/affichCodeArticle.do?cidTexte=LEGITEXT000006074220&amp;idArticle=LEGIARTI000006832978\">article L. 210-1 du Code de l&rsquo;environnement<\/a><\/p>\n<p style=\"text-align: justify;\">Les gestionnaires d&rsquo;eau ne peuvent en aucun cas couper l&rsquo;eau dans un logement lorsque son client ne paye pas ses factures. Cette interdiction s&rsquo;applique toute l&rsquo;ann\u00e9e et pas seulement pendant la tr\u00eave hivernale (du 1er novembre de chaque ann\u00e9e au 31 mars de l&rsquo;ann\u00e9e suivante) contrairement au <a href=\"https:\/\/gaz-electricite.ooreka.fr\/astuce\/voir\/601079\/coupure-de-gaz\">gaz<\/a> et \u00e0 l&rsquo;\u00e9lectricit\u00e9.<\/p>\n<p style=\"text-align: justify;\"><strong>\u00c0 noter<\/strong>\u00a0: en 2020, la p\u00e9riode de la tr\u00eave hivernale a exceptionnellement \u00e9t\u00e9 prolong\u00e9e jusqu&rsquo;\u00e0 la fin de l&rsquo;\u00e9tat d&rsquo;urgence sanitaire, soit jusqu&rsquo;au 10\u00a0juillet\u00a02020<\/p>\n<p style=\"text-align: justify;\">article\u00a010 de la <a href=\"https:\/\/www.legifrance.gouv.fr\/affichTexte.do;jsessionid=3AAC386047C63A11D185114166EBA9FB.tplgfr32s_1?cidTexte=JORFTEXT000041865244&amp;dateTexte=&amp;oldAction=rechJO&amp;categorieLien=id&amp;idJO=JORFCONT000041865241\">loi\u00a0n\u00b0\u00a02020-546 du\u00a011\u00a0mai\u00a02020<\/a>.<\/p>\n<p style=\"text-align: justify;\">Elle s&rsquo;applique pour tous les consommateurs et non seulement pour les personnes b\u00e9n\u00e9ficiant d&rsquo;aides financi\u00e8res (comme le Fonds de solidarit\u00e9 logement (FSL) par exemple). Elle concerne les r\u00e9sidences principales\u00a0:\u00a0c&rsquo;est pourquoi, un propri\u00e9taire n&rsquo;a pas le droit de couper l&rsquo;eau du logement de son locataire m\u00eame en cas de loyers impay\u00e9s.<\/p>\n<p style=\"text-align: justify;\">Ce principe a \u00e9t\u00e9 confirm\u00e9 par une<\/p>\n<p style=\"text-align: justify;\"><a href=\"http:\/\/www.conseil-constitutionnel.fr\/conseil-constitutionnel\/francais\/les-decisions\/acces-par-date\/decisions-depuis-1959\/2015\/2015-470-qpc\/decision-n-2015-470-qpc-du-29-mai-2015.143832.html\">d\u00e9cision n\u00b0 2015-470 QPC<\/a><\/p>\n<p style=\"text-align: justify;\">du 29 mai 2015 dans laquelle le<\/p>\n<p style=\"text-align: justify;\"><a href=\"https:\/\/justice.ooreka.fr\/astuce\/voir\/528343\/conseil-constitutionnel\">Conseil constitutionnel<\/a><\/p>\n<p style=\"text-align: justify;\">a affirm\u00e9 que cette disposition l\u00e9gislative relative \u00e0 l&rsquo;interdiction des coupures d&rsquo;eau tout au long de l&rsquo;ann\u00e9e n&rsquo;\u00e9tait pas contraire \u00e0 la Constitution. Ainsi, un distributeur d&rsquo;eau n&rsquo;a pas le droit de menacer de couper la fourniture d&rsquo;eau \u00e0 un consommateur, ni de la couper en cas d&rsquo;impay\u00e9s.<\/p>\n<p style=\"text-align: center;\">******\u00a0\u00a0 *********<\/p>\n<p style=\"text-align: center;\"><strong>Refus du compteur connect\u00e9<\/strong><\/p>\n<p style=\"text-align: justify;\">Il faut rappeler qu\u2019il faut refuser le compteur EAU connect\u00e9.<\/p>\n<p style=\"text-align: justify;\">Cela se fait avec succ\u00e8s.<br \/>\nLe d\u00e9l\u00e9gataire de service public qui s\u2019occupe de la gestion de l\u2019eau \u00e0 la place des communes a envie de remplacer tous les compteurs EAU par des compteurs connect\u00e9s. Bien entendu, les communes qui ont gard\u00e9 la gestion du service des eaux a aussi envie de ce nouveau gadget.<\/p>\n<p style=\"text-align: justify;\">Il faut refuser sur deux crit\u00e8res\u00a0:<\/p>\n<ul style=\"text-align: justify;\">\n<li>Pourquoi changer un compteur qui fonctionne\u00a0?<\/li>\n<li>Pourquoi des ondes suppl\u00e9mentaires\u00a0?<\/li>\n<\/ul>\n<p style=\"text-align: justify;\">Il faut savoir que plusieurs personnes ont obtenu d&rsquo;avoir un nouveau compteur non connect\u00e9.<\/p>\n<p style=\"text-align: justify;\">Pour en savoir plus, lire l\u2019article en date du 5 f\u00e9vrier 2020\u00a0:<\/p>\n<p style=\"text-align: justify;\"><a href=\"https:\/\/collectif-accad.fr\/site\/compteurs-deau-tele-releves-a-ondes\/\">https:\/\/collectif-accad.fr\/site\/compteurs-deau<\/a><\/p>\n<p style=\"text-align: justify;\">Pour avoir un exemple de lettre \u00e0 envoyer\u00a0:<\/p>\n<p style=\"text-align: justify;\"><a href=\"https:\/\/collectif-accad.fr\/site\/wp-content\/uploads\/2021\/01\/NOREADE_refus-compteur-connecte-210123.doc\">NOREADE_refus compteur connect\u00e9 210123<\/a><\/p>\n<p style=\"text-align: justify;\">Il est \u00e9videmment possible de modifier ce courrier.<\/p>\n<p style=\"text-align: justify;\"><strong>En tout \u00e9tat de cause, si vous n&rsquo;\u00eates pas s\u00fbr d&rsquo;avoir un nouveau compteur connect\u00e9, vous pouvez tr\u00e8s bien envelopper le compteur avec des feuilles d&rsquo;aluminium : cela vous prot\u00e8ge des ondes \u00e9mises.<\/strong><\/p>\n<p style=\"text-align: justify;\">\n","protected":false},"excerpt":{"rendered":"<p>Principe de la coupure d&rsquo;eau interdite<\/p>\n","protected":false},"author":4,"featured_media":0,"comment_status":"closed","ping_status":"open","sticky":false,"template":"","format":"standard","meta":{"footnotes":""},"categories":[1],"tags":[],"class_list":["post-6920","post","type-post","status-publish","format-standard","hentry","category-non-classe"],"_links":{"self":[{"href":"https:\/\/collectif-accad.fr\/site\/wp-json\/wp\/v2\/posts\/6920","targetHints":{"allow":["GET"]}}],"collection":[{"href":"https:\/\/collectif-accad.fr\/site\/wp-json\/wp\/v2\/posts"}],"about":[{"href":"https:\/\/collectif-accad.fr\/site\/wp-json\/wp\/v2\/types\/post"}],"author":[{"embeddable":true,"href":"https:\/\/collectif-accad.fr\/site\/wp-json\/wp\/v2\/users\/4"}],"replies":[{"embeddable":true,"href":"https:\/\/collectif-accad.fr\/site\/wp-json\/wp\/v2\/comments?post=6920"}],"version-history":[{"count":6,"href":"https:\/\/collectif-accad.fr\/site\/wp-json\/wp\/v2\/posts\/6920\/revisions"}],"predecessor-version":[{"id":6947,"href":"https:\/\/collectif-accad.fr\/site\/wp-json\/wp\/v2\/posts\/6920\/revisions\/6947"}],"wp:attachment":[{"href":"https:\/\/collectif-accad.fr\/site\/wp-json\/wp\/v2\/media?parent=6920"}],"wp:term":[{"taxonomy":"category","embeddable":true,"href":"https:\/\/collectif-accad.fr\/site\/wp-json\/wp\/v2\/categories?post=6920"},{"taxonomy":"post_tag","embeddable":true,"href":"https:\/\/collectif-accad.fr\/site\/wp-json\/wp\/v2\/tags?post=6920"}],"curies":[{"name":"wp","href":"https:\/\/api.w.org\/{rel}","templated":true}]}}