{"id":6894,"date":"2021-01-27T02:26:20","date_gmt":"2021-01-27T01:26:20","guid":{"rendered":"https:\/\/collectif-accad.fr\/site\/?p=6894"},"modified":"2021-01-27T15:55:41","modified_gmt":"2021-01-27T14:55:41","slug":"le-coup-de-gueule-dun-habitant-de-vire","status":"publish","type":"post","link":"https:\/\/collectif-accad.fr\/site\/le-coup-de-gueule-dun-habitant-de-vire\/","title":{"rendered":"Le coup de gueule d&rsquo;un habitant de Vire"},"content":{"rendered":"<h2 style=\"text-align: left;\"><strong>et aussi : comment faire savoir \u00e0 Enedis qu\u2019on ne veut pas de son compteur \u00ab intelligent \u00bb<\/strong><\/h2>\n<p><!--more--><\/p>\n<p style=\"text-align: center;\">******* ***<\/p>\n<p style=\"text-align: justify;\">Patrick Gossmann est un simple citoyen \u00e9pris de libert\u00e9 et dot\u00e9 d&rsquo;un solide attachement \u00e0 la notion de service public. Il regrette que le compteur Linky soit impos\u00e9.<\/p>\n<p style=\"text-align: justify;\">Ce qui met aujourd\u2019hui le consommateur averti qu\u2019il est en col\u00e8re, c\u2019est le compteur Linky,<\/p>\n<p style=\"text-align: justify;\">Apr\u00e8s une longue et heureuse carri\u00e8re de plus de 30 ann\u00e9es en tant qu\u2019encadrant, d\u2019abord chez <strong>Edf-Gdf<\/strong> puis <strong>Erdf-Grdf<\/strong>, Patrick\u00a0Gossmann s\u2019est totalement investi dans la vie publique au travers de diverses missions en tant que conseiller d\u00e9l\u00e9gu\u00e9 \u00e0 <a href=\"https:\/\/www.virenormandie.fr\/\">Vire Normandie<\/a> (<strong>Calvados<\/strong>), vice-pr\u00e9sident du Sivom de Saint-Sever, pr\u00e9sident de l\u2019association de jumelage de<strong> Saint-Germain-de-Tallevende<\/strong> ou encore Pr\u00e9sident du Tennis Club Tallevendais. \u00ab Je ne suis pas oppos\u00e9 \u00e0 tout syst\u00e9matiquement \u00bb, souligne le souriant sexag\u00e9naire avant d\u2019ajouter : \u00ab J\u2019aimais beaucoup mon boulot et mon entreprise. Une entreprise que je ne reconnais plus aujourd\u2019hui \u00bb.<\/p>\n<p style=\"text-align: justify;\"><strong>Les pratiques de d\u00e9ploiement<\/strong><\/p>\n<p style=\"text-align: justify;\">Ce qui met aujourd\u2019hui le consommateur averti qu\u2019il est en col\u00e8re, c\u2019est le <strong>compteur Linky,<\/strong> compteur \u00e9lectrique communicant d\u00e9velopp\u00e9 par Enedis, principal gestionnaire du r\u00e9seau \u00e9lectrique de distribution en France, dont le d\u00e9ploiement, d\u00e9marr\u00e9 en 2015, fait depuis l\u2019objet de controverses et de contestations de la part de nombreux particuliers, d\u2019associations de consommateurs et de plusieurs centaines de communes.<\/p>\n<p style=\"text-align: justify;\">\u00ab Je ne suis pas contre les avanc\u00e9es technologiques mais ce sont les pratiques de d\u00e9ploiement de ce compteur qui me choquent \u00bb<\/p>\n<p style=\"text-align: justify;\"><strong>\u00a0\u00ab\u00a0On impose au client\u00a0\u00bb<\/strong><\/p>\n<p style=\"text-align: justify;\">Pour lui, dans sa recherche de profit \u00e0 tout prix, l\u2019entreprise aurait perdu tout sens du lien client, toute valeur de service public.<\/p>\n<p style=\"text-align: justify;\">\u00ab Avec ce nouveau compteur, on impose au client un produit qui est une v\u00e9ritable intrusion dans la vie priv\u00e9e de la personne via les donn\u00e9es qu&rsquo;il transmet en permanence. C&rsquo;est la n\u00e9gation de la libert\u00e9 de choix qui me met le plus en col\u00e8re. Le citoyen consommateur n&rsquo;a plus la libert\u00e9 de choisir la qualit\u00e9 de vie dans son propre domicile \u00bb<\/p>\n<p style=\"text-align: justify;\"><strong>Ne pas \u00eatre libre de ses choix, voil\u00e0 ce qui le r\u00e9volte\u00a0<\/strong><\/p>\n<p style=\"text-align: justify;\">\u00ab D&rsquo;autant plus qu&rsquo;il existe d&rsquo;autres types de compteurs \u00e9lectroniques, r\u00e9cents et efficaces, comme ceux utilis\u00e9s en Allemagne, par exemple, qui ne servent qu&rsquo;\u00e0 g\u00e9rer les r\u00e9seaux, pas \u00e0 recueillir les donn\u00e9es. Il ne faut pas oublier que le but premier \u00e9tait \u00e0 l&rsquo;origine d&rsquo;am\u00e9liorer le suivi de la charge r\u00e9seaux. On pourrait m\u00eame garder les compteurs \u00e9lectroniques existants, ne faisant pas appel au courant porteur en ligne (\u00e9metteur d&rsquo;ondes \u00e9lectromagn\u00e9tiques), pour autant qu&rsquo;ils soient en bon \u00e9tat. Nous imposer un nouveau produit, dont l&rsquo;innocuit\u00e9 n&rsquo;est pas prouv\u00e9e, dont la s\u00e9curit\u00e9 des donn\u00e9es n&rsquo;est pas assur\u00e9e et la dur\u00e9e de vie limit\u00e9e. Moi, \u00e7a va, j&rsquo;ai fait toute ma carri\u00e8re dans le domaine, je sais de quoi il retourne, mais combien de clients ne savent pas \u00e0 quoi s&rsquo;en tenir ? Je suis r\u00e9volt\u00e9 par la m\u00e9thode. On a quand m\u00eame le droit de choisir les risques qu&rsquo;on accepte de courir pour sa sant\u00e9 ! Pour moi, le compteur Linky est une atteinte \u00e0 la libert\u00e9 et \u00e0 la sant\u00e9 ! \u00bb.<\/p>\n<p style=\"text-align: justify;\">Ne pas \u00eatre libre de ses choix, voil\u00e0 ce qui le r\u00e9volte.<\/p>\n<p style=\"text-align: justify;\"><strong>Actu Normandie<\/strong><\/p>\n<p style=\"text-align: center;\">********* ***********<\/p>\n<p style=\"text-align: center;\"><strong>Nouvelle mobilisation contre le compteur Linky<\/strong><\/p>\n<p><a href=\"https:\/\/www.ouest-france.fr\/pays-de-la-loire\/missillac-44780\/nouvelle-mobilisation-contre-le-compteur-linky-a4785be1-01c8-4b6e-83dc-4e2cfe8f26d3?fbclid=IwAR1dfmtK3G4kwfgAoXo-eUN-GQXxJvn4gC-AQi5_LFQcI8cqoJf56nMM_mM\">https:\/\/www.ouest-france.fr\/pays-de-la-loire\/m<\/a><\/p>\n<p style=\"text-align: center;\">******* ***<\/p>\n<p style=\"text-align: center;\"><strong>Un utilisateur ne veut pas du compteur<\/strong><\/p>\n<p style=\"text-align: justify;\">Il a \u00e9crit au procureur de la r\u00e9publique<\/p>\n<p style=\"text-align: justify;\"><a href=\"https:\/\/collectif-accad.fr\/site\/wp-content\/uploads\/2021\/01\/190330ProcPau.pdf\"><strong>lettre au procureur<\/strong><\/a><\/p>\n<p style=\"text-align: justify;\">Il a \u00e9crit \u00e0 Enedis<\/p>\n<p style=\"text-align: justify;\"><a href=\"https:\/\/collectif-accad.fr\/site\/wp-content\/uploads\/2021\/01\/190520-DBrepEnedis.pdf\"><strong>190520-DBrepEnedis<\/strong><\/a><\/p>\n<p style=\"text-align: justify;\">Il a d\u00e9pos\u00e9 plainte<\/p>\n<p style=\"text-align: justify;\"><a href=\"https:\/\/collectif-accad.fr\/site\/wp-content\/uploads\/2021\/01\/PV-audition-190917.docx\"><strong>PV audition 190917<\/strong><\/a><\/p>\n<p style=\"text-align: center;\">*********\u00a0 *********<\/p>\n<p style=\"text-align: center;\"><strong>deux nouvelles vid\u00e9os mises en ligne<\/strong><\/p>\n<p style=\"text-align: justify;\"><strong>1) Refuser le <a href=\"https:\/\/www.youtube.com\/hashtag\/linky\">#Linky<\/a> et garder son compteur ordinaire &#8211; Cas du compteur \u00e0 l&rsquo;int\u00e9rieur de son habitation<\/strong><\/p>\n<p style=\"text-align: justify;\"><a href=\"https:\/\/www.youtube.com\/watch?v=eUtTfyxcO20\">https:\/\/www.youtube.com\/watch?v=eUtTfyxcO20<\/a><\/p>\n<p style=\"text-align: justify;\"><strong>2) Refuser le <a href=\"https:\/\/www.youtube.com\/hashtag\/linky\">#Linky<\/a> et garder son compteur ordinaire &#8211; Cas du compteur \u00e0 l&rsquo;ext\u00e9rieur de son habitation<\/strong><\/p>\n<p style=\"text-align: justify;\"><a href=\"https:\/\/www.youtube.com\/watch?v=ykIa8eIYOUU\">https:\/\/www.youtube.com\/watch?v=ykIa8eIYOUU<\/a><\/p>\n<p style=\"text-align: justify;\"><strong>\u00a0<\/strong><\/p>\n<p style=\"text-align: justify;\"><strong>Rappel\u00a0: t<\/strong>outes les vid\u00e9os<\/p>\n<p style=\"text-align: justify;\"><a href=\"https:\/\/www.youtube.com\/channel\/UCOOovk2hlmvQm8mOgdk0ghg\">https:\/\/www.youtube.com\/channel\/UCOOov<\/a><\/p>\n<p style=\"text-align: justify;\">\n","protected":false},"excerpt":{"rendered":"<p>et aussi : comment faire savoir \u00e0 Enedis qu\u2019on ne veut pas de son compteur \u00ab intelligent \u00bb<\/p>\n","protected":false},"author":4,"featured_media":0,"comment_status":"closed","ping_status":"open","sticky":false,"template":"","format":"standard","meta":{"footnotes":""},"categories":[1],"tags":[],"class_list":["post-6894","post","type-post","status-publish","format-standard","hentry","category-non-classe"],"_links":{"self":[{"href":"https:\/\/collectif-accad.fr\/site\/wp-json\/wp\/v2\/posts\/6894","targetHints":{"allow":["GET"]}}],"collection":[{"href":"https:\/\/collectif-accad.fr\/site\/wp-json\/wp\/v2\/posts"}],"about":[{"href":"https:\/\/collectif-accad.fr\/site\/wp-json\/wp\/v2\/types\/post"}],"author":[{"embeddable":true,"href":"https:\/\/collectif-accad.fr\/site\/wp-json\/wp\/v2\/users\/4"}],"replies":[{"embeddable":true,"href":"https:\/\/collectif-accad.fr\/site\/wp-json\/wp\/v2\/comments?post=6894"}],"version-history":[{"count":9,"href":"https:\/\/collectif-accad.fr\/site\/wp-json\/wp\/v2\/posts\/6894\/revisions"}],"predecessor-version":[{"id":6925,"href":"https:\/\/collectif-accad.fr\/site\/wp-json\/wp\/v2\/posts\/6894\/revisions\/6925"}],"wp:attachment":[{"href":"https:\/\/collectif-accad.fr\/site\/wp-json\/wp\/v2\/media?parent=6894"}],"wp:term":[{"taxonomy":"category","embeddable":true,"href":"https:\/\/collectif-accad.fr\/site\/wp-json\/wp\/v2\/categories?post=6894"},{"taxonomy":"post_tag","embeddable":true,"href":"https:\/\/collectif-accad.fr\/site\/wp-json\/wp\/v2\/tags?post=6894"}],"curies":[{"name":"wp","href":"https:\/\/api.w.org\/{rel}","templated":true}]}}