{"id":6887,"date":"2021-01-25T02:11:23","date_gmt":"2021-01-25T01:11:23","guid":{"rendered":"https:\/\/collectif-accad.fr\/site\/?p=6887"},"modified":"2021-01-24T14:20:12","modified_gmt":"2021-01-24T13:20:12","slug":"infos-5g-du-25-janvier-2021","status":"publish","type":"post","link":"https:\/\/collectif-accad.fr\/site\/infos-5g-du-25-janvier-2021\/","title":{"rendered":"Infos 5G du 25 janvier 2021"},"content":{"rendered":"<p><img loading=\"lazy\" decoding=\"async\" class=\"size-full wp-image-6890 aligncenter\" src=\"https:\/\/collectif-accad.fr\/site\/wp-content\/uploads\/2021\/01\/EnedisPollueur-210124.jpg\" alt=\"\" width=\"904\" height=\"500\" srcset=\"https:\/\/collectif-accad.fr\/site\/wp-content\/uploads\/2021\/01\/EnedisPollueur-210124.jpg 904w, https:\/\/collectif-accad.fr\/site\/wp-content\/uploads\/2021\/01\/EnedisPollueur-210124-300x166.jpg 300w, https:\/\/collectif-accad.fr\/site\/wp-content\/uploads\/2021\/01\/EnedisPollueur-210124-768x425.jpg 768w\" sizes=\"auto, (max-width: 904px) 100vw, 904px\" \/><\/p>\n<p><!--more--><\/p>\n<p><strong>Sommaire\u00a0<\/strong><\/p>\n<p style=\"text-align: justify;\"><strong>Des compteurs jet\u00e9s, un collectif dit non, fliquez-vous les uns les autres, Montpellier, le livre noir des ondes, pistes juridiques, USA, intelligence artificielle et surveillance totale\u2026<\/strong><\/p>\n<p style=\"text-align: center;\">************\u00a0\u00a0\u00a0\u00a0\u00a0\u00a0 ***********<\/p>\n<p style=\"text-align: left;\"><strong>Une montagne de compteurs Linky jet\u00e9s devant le si\u00e8ge de La R\u00e9publique en marche<\/strong><\/p>\n<p><a href=\"https:\/\/www.francetvinfo.fr\/economie\/energie\/contre-le-projet-hercule-une-montagne-de-compteurs-linky-jetes-devant-le-siege-de-la-republique-en-marche_4264105.html\">https:\/\/www.francetvinfo.fr\/economie\/energie\/con<\/a><\/p>\n<p style=\"text-align: center;\">************\u00a0\u00a0\u00a0\u00a0\u00a0\u00a0 ***********<\/p>\n<p style=\"text-align: center;\"><strong>Un collectif dit non \u00e0 la 5G<\/strong><\/p>\n<p><a href=\"https:\/\/www.youtube.com\/watch?v=cza2Orb122U&amp;feature=youtu.be\">https:\/\/www.youtube.com\/watch?v=cza2Orb12<\/a><\/p>\n<p style=\"text-align: center;\">************\u00a0\u00a0\u00a0\u00a0\u00a0\u00a0 ***********<\/p>\n<p style=\"text-align: center;\"><strong>Montpellier : installation des antennes<br \/>\n<\/strong><\/p>\n<p><a href=\"https:\/\/lepoing.net\/les-troublantes-conditions-dinstallation-des-antennes-5g-sur-montpellier\/?fbclid=IwAR1srCD_WcZiDuvFvt4t7vU8iQhUjE1Feqz2BhRvTfKMOFi0WBu2hIPXFGU\">https:\/\/lepoing.net\/les-troublantes-conditions-dinstall<\/a><\/p>\n<p style=\"text-align: center;\">************\u00a0\u00a0\u00a0\u00a0\u00a0\u00a0 ***********<\/p>\n<p style=\"text-align: center;\"><strong>Fliquez vous les uns les autres<\/strong><\/p>\n<p style=\"text-align: justify;\">A voir absolument ! Un documentaire sur la vid\u00e9osurveillance, et plus largement la safe city, l&rsquo;intelligence artificielle, toutes choses qu&rsquo;on nous vend comme la solution \u00e0 tous nos maux.<\/p>\n<p style=\"text-align: justify;\">Il n&rsquo;aborde pas du tout la 5G, mais la Chine (grande adepte des deux : vid\u00e9osurveillance et 5G), ou ce chiffre (les cam\u00e9ras de surveillance ext\u00e9rieures seront le plus grand march\u00e9 pour les\u00a0solutions\u00a0Internet des objets [IoT] 5G dans le monde au cours des trois prochaines ann\u00e9es, selon Gartner, Inc. Ces cam\u00e9ras repr\u00e9senteront 70% de la base install\u00e9e des terminaux IoT 5G en 2020, <a href=\"https:\/\/www.gartner.com\/en\/newsroom\/press-releases\/2019-10-17-gartner-predicts-outdoor-surveillance-cameras-will-be\">ici<\/a>) d\u00e9montrent sans peine ce lien.<\/p>\n<p>Film (1h10) :<\/p>\n<p><a href=\"https:\/\/www.france.tv\/france-5\/le-monde-en-face\/2104305-fliquez-vous-les-uns-les-autres.html\">https:\/\/www.france.tv\/france-5\/le-monde-en-face\/210430<\/a><\/p>\n<p>D\u00e9bat :<\/p>\n<p><a href=\"https:\/\/www.france.tv\/france-5\/le-monde-en-face\/2168885-fliquez-vous-les-uns-les-autres-le-debat.html\">https:\/\/www.france.tv\/france-5\/le-monde-en-fac<\/a><\/p>\n<p>Ce documentaire devait passer fin septembre, mais la mort de J. Chirac (on ne voit pas bien le lien) a repouss\u00e9 sa diffusion au d\u00e9but janvier.<\/p>\n<p>Stop Linky 5G Loire et halte au contr\u00f4le num\u00e9rique<\/p>\n<p style=\"text-align: center;\">************\u00a0\u00a0\u00a0\u00a0\u00a0\u00a0 ***********<\/p>\n<p style=\"text-align: center;\"><strong>Le livre noir des ondes<\/strong><\/p>\n<p style=\"text-align: justify;\">Sous la direction du Pr. Dominique BELPOMME<br \/>\nLes dangers des technologies sans fil et comment s\u2019en prot\u00e9ger<br \/>\nUn guide pour tous\u00a0; Editions Marco Pietteur<\/p>\n<p style=\"text-align: justify;\"><em>\u00ab\u00a0Cette expertise scientifique collective valid\u00e9e au plan international met fin aux controverses qui \u00e9branlent nos soci\u00e9t\u00e9s sur la dangerosit\u00e9 des ondes \u00e9lectromagn\u00e9tiques. <\/em><em><br \/>\nTout d\u2019abord, elle s\u2019adresse \u00e0 tous, en premier lieu aux malades, c\u2019est-\u00e0-dire ceux atteints d\u2019\u00e9lectrohypersensibilit\u00e9, ou encore de cancer, de maladie d\u2019Alzheimer, de maladies du syst\u00e8me nerveux ou du c\u0153ur, ou m\u00eame d\u2019infertilit\u00e9, pour lesquels un effet nocif des ondes \u00e9lectromagn\u00e9tiques a \u00e9t\u00e9 mis en \u00e9vidence, afin qu\u2019ils prennent les pr\u00e9cautions n\u00e9cessaires ; mais elle s\u2019adresse aussi aux bien-portants pour qu\u2019ils se prot\u00e8gent et prot\u00e8gent leurs enfants et petits-enfants des impacts des ondes issues des t\u00e9l\u00e9phones portables, DECT, Wifi, &#8230; et de la 5G !<\/em><\/p>\n<p>Ensuite parce qu\u2019\u00e9manant de m\u00e9decins et de scientifiques reconnus dans le monde pour la qualit\u00e9 de leurs recherches, et r\u00e9alis\u00e9e en se basant sur les crit\u00e8res de causalit\u00e9 pr\u00e9conis\u00e9s par l\u2019OMS, cette expertise apporte pour la premi\u00e8re fois la preuve que nombre de nos maladies et probl\u00e8mes de sant\u00e9 sont bien en partie caus\u00e9s par les ondes qui nous entourent, et que celles-ci alt\u00e8rent la faune et la flore de notre environnement, contribuant ainsi \u00e0 une perte de biodiversit\u00e9 irr\u00e9m\u00e9diable.<\/p>\n<p>En cas d\u2019exposition chronique, ces ondes sont aussi responsables de d\u00e9ficits immunitaires, pouvant causer la propagation des virus et leurs mutations, tant chez les animaux que chez l\u2019homme, et ainsi pourraient avoir \u00e9t\u00e9 l\u2019une des causes initiale de la pand\u00e9mie de Covid-19 en Chine \u00e0 Wuhan en raison du d\u00e9veloppement de la 5G. Si tel \u00e9tait le cas, la ma\u00eetrise de cette pand\u00e9mie et des autres \u00e0 venir deviendrait extr\u00eamement probl\u00e9matique.<\/p>\n<p>Enfin, dernier point, loin de fustiger le progr\u00e8s dans son ensemble, lorsqu\u2019il est r\u00e9ellement utile au bien commun et donc aux peuples, ce livre offre des solutions aux plans sanitaire et environnemental, des informations aux m\u00e9decins et professionnels de sant\u00e9 pour prendre en charge les malades, comme des arguments aux juristes pour plaider contre ce qui constitue aujourd\u2019hui un v\u00e9ritable crime de sant\u00e9 publique : le d\u00e9veloppement impos\u00e9 de la 5G et le manque de reconnaissance de ses cons\u00e9quences extr\u00eamement graves.<\/p>\n<p>Au total, fruit de l\u2019analyse objective de plusieurs milliers d\u2019articles scientifiques, ce livre est un guide \u00e0 l\u2019usage de tous pour se soigner, se prot\u00e9ger et se d\u00e9fendre dans un contexte de d\u00e9nigrement et de tromperie g\u00e9n\u00e9ralis\u00e9e.\u00a0\u00bb<\/p>\n<p>Les auteurs :<br \/>\n&#8211; <strong>Dominique Belpomme<\/strong>, Professeur de canc\u00e9rologie au Centre Hospitalier Universitaire Necker-Enfants malades<br \/>\n&#8211; <strong>Olivier Cachard<\/strong>, Avocat \u00e0 la Cour, Professeur agr\u00e9g\u00e9 des facult\u00e9s de Droit<br \/>\n&#8211; <strong>Philippe Irigaray,<\/strong> Docteur \u00e8s Sciences en Biochimie<br \/>\n&#8211; <strong>Fran\u00e7ois Lafforgue<\/strong>, Avocat au Barreau de Paris et Docteur en droit<br \/>\n&#8211; <strong>G\u00e9rard Ledoigt<\/strong>, Professeur \u00e9m\u00e9rite de Biologie \u00e0 l\u2019Universit\u00e9 Blaise Pascal de Clermont-Ferrand<br \/>\n&#8211; <strong>Pierre Le Ruz<\/strong>, Docteur d\u2019\u00c9tat en physiologie<br \/>\n&#8211; <strong>Andr\u00e9 Vander Vorst<\/strong>, Physicien, professeur \u00e9m\u00e9rite \u00e0 l\u2019Universit\u00e9 catholique de Louvain (Belgique)<\/p>\n<p><strong>Pour en savoir plus et lire des extraits :<\/strong><br \/>\n<a href=\"https:\/\/lelivrenoirdesondes.fr\/\">https:\/\/lelivrenoirdesondes.fr\/<\/a><\/p>\n<p style=\"text-align: center;\">************\u00a0\u00a0\u00a0\u00a0\u00a0\u00a0 ***********<\/p>\n<p style=\"text-align: center;\"><strong>Le contentieux relatif au d\u00e9ploiement de la 5G<\/strong><\/p>\n<p><a href=\"https:\/\/www.village-justice.com\/articles\/contentieux-national-relatif-deploiement-par-hermine-baron-francois-lafforgue,37593.html\">https:\/\/www.village-justice.com\/articles\/contentil<\/a><\/p>\n<p style=\"text-align: center;\">************\u00a0\u00a0\u00a0\u00a0\u00a0\u00a0 ***********<\/p>\n<p><a href=\"https:\/\/collectif-accad.fr\/site\/wp-content\/uploads\/2021\/01\/Pistes-juridiques-contre-la-5G.docx\">Pistes juridiques contre la 5G<\/a><\/p>\n<p style=\"text-align: center;\">************\u00a0\u00a0\u00a0\u00a0\u00a0\u00a0 ***********<\/p>\n<p><strong>11000 pages de preuves d\u00e9pos\u00e9es dans une affaire historique 5G contre la FCC, audience pr\u00e9vue le 25 janvier<\/strong><\/p>\n<p><em>Apr\u00e8s que la FCC n&rsquo;ait trouv\u00e9 le mois dernier aucune preuve de pr\u00e9judice caus\u00e9 par la technologie sans fil, CHD et d&rsquo;autres groupes ont poursuivi en justice &#8211; et ont inclus 11 000 pages de preuves r\u00e9futant la conclusion de la FCC.<\/em><\/p>\n<p>Pour en savoir plus\u00a0:<\/p>\n<p><strong><a href=\"https:\/\/collectif-accad.fr\/site\/wp-content\/uploads\/2021\/01\/5G-en-justice-le-25-janvier.docx\">5G en justice le 25 janvier<\/a><\/strong><\/p>\n<p style=\"text-align: justify;\">Lien vers une grande action judiciaire aux Etats-Unis, qui nous concerne toutes et tous (Google peut vous le traduire&#8230;) :<\/p>\n<p><a href=\"https:\/\/childrenshealthdefense.org\/defender\/landmark-5g-case-against-fcc-hearing-set-jan-25\/\">https:\/\/childrenshealthdefense.org\/defender\/landmar<\/a><\/p>\n<p>&#8211; elle est centr\u00e9e sur la sant\u00e9 des enfants<\/p>\n<p style=\"text-align: justify;\">&#8211; l&rsquo;ensemble de la documentation scientifique rassembl\u00e9e (accessible en ligne \u00e0 la fin de l&rsquo;article !) parait impressionnante<\/p>\n<p style=\"text-align: justify;\">&#8211; on pourra m\u00eame avoir acc\u00e8s en Youtube \u00e0 l&rsquo;ensemble des plaidoiries (\u00e0 partir du 25\/1, date de d\u00e9but du proc\u00e8s) :<\/p>\n<p><a href=\"https:\/\/www.youtube.com\/c\/USCourtsCADC\/featured\">https:\/\/www.youtube.com\/c\/USCourtsCADC\/featured<\/a><\/p>\n<p>Le collectif Stop Linky 5G Loire<\/p>\n<p style=\"text-align: center;\">************\u00a0\u00a0\u00a0\u00a0\u00a0\u00a0 ***********<\/p>\n<p style=\"text-align: center;\"><strong>Intelligence artificielle, surveillance totale et 5G<\/strong><\/p>\n<p><a href=\"https:\/\/www.kla.tv\/index.php?a=showlanguage&amp;lang=fr&amp;id=17954&amp;date=2021-01-19&amp;auto=playtrue\">https:\/\/www.kla.tv\/index.php?a=showlan<\/a><\/p>\n<p>Presque\u00a0 7 minutes<\/p>\n<p style=\"text-align: center;\">************\u00a0\u00a0\u00a0\u00a0\u00a0\u00a0 ***********<\/p>\n<p style=\"text-align: center;\"><strong>Quel impact sur la sant\u00e9\u00a0?<\/strong><\/p>\n<p><a href=\"https:\/\/www.facebook.com\/LefrancqV\/videos\/402583244150156\">https:\/\/www.facebook.com\/Lefranc<\/a><\/p>\n<p>Une vid\u00e9o de plus de 2 heures<\/p>\n<p style=\"text-align: center;\">************\u00a0\u00a0\u00a0\u00a0 \u00a0\u00a0***********<\/p>\n<p style=\"text-align: center;\"><strong>Des nouvelles d\u2019ACE Hendaye<\/strong><\/p>\n<p><strong>Le contentieux national relatif au d\u00e9ploiement de la 5G\u00a0<\/strong><\/p>\n<p><a href=\"http:\/\/ace-hendaye.over-blog.fr\/2021\/01\/le-contentieux-national-relatif-au-deploiement-de-la-5g.html\">http:\/\/ace-hendaye.over-blog.fr\/2021\/01\/le-contentieu<\/a><\/p>\n<p><strong>Dossier sp\u00e9cial : Le guide complet de la 5G\u00a0<\/strong><\/p>\n<p><a href=\"http:\/\/ace-hendaye.over-blog.fr\/2021\/01\/dossier-special-le-guide-complet-de-la-5g.html\">http:\/\/ace-hendaye.over-blog.fr\/2021\/01\/<\/a><\/p>\n<p><strong>La servitude \u00e9lectrique, du r\u00eave de libert\u00e9 \u00e0 la prison num\u00e9rique\u00a0<\/strong><\/p>\n<p><a href=\"http:\/\/ace-hendaye.over-blog.fr\/2021\/01\/la-servitude-electrique-du-reve-de-liberte-a-la-prison-numerique.html\">http:\/\/ace-hendaye.over-blog.fr\/2021\/01\/la-<\/a><\/p>\n<p><strong>Electricit\u00e9: la FNCCR inqui\u00e8te des travaux \u00ab\u00a0d&rsquo;Hercule\u00a0\u00bb\u00a0<\/strong><\/p>\n<p><a href=\"http:\/\/ace-hendaye.over-blog.fr\/2021\/01\/electricite-la-fnccr-inquiete-des-travaux-d-hercule.html\">http:\/\/ace-hendaye.over-blog.fr\/2021\/01\/electricite-la-fn<\/a><\/p>\n<p><strong>Les effets du Wifi sur la sant\u00e9\u00a0<\/strong><\/p>\n<p><a href=\"http:\/\/ace-hendaye.over-blog.fr\/2021\/01\/les-effets-du-wifi-sur-la-sante.html\">http:\/\/ace-hendaye.over-blog.fr\/2021\/01\/les-effets-du-<\/a><\/p>\n","protected":false},"excerpt":{"rendered":"","protected":false},"author":4,"featured_media":0,"comment_status":"closed","ping_status":"open","sticky":false,"template":"","format":"standard","meta":{"footnotes":""},"categories":[1],"tags":[],"class_list":["post-6887","post","type-post","status-publish","format-standard","hentry","category-non-classe"],"_links":{"self":[{"href":"https:\/\/collectif-accad.fr\/site\/wp-json\/wp\/v2\/posts\/6887","targetHints":{"allow":["GET"]}}],"collection":[{"href":"https:\/\/collectif-accad.fr\/site\/wp-json\/wp\/v2\/posts"}],"about":[{"href":"https:\/\/collectif-accad.fr\/site\/wp-json\/wp\/v2\/types\/post"}],"author":[{"embeddable":true,"href":"https:\/\/collectif-accad.fr\/site\/wp-json\/wp\/v2\/users\/4"}],"replies":[{"embeddable":true,"href":"https:\/\/collectif-accad.fr\/site\/wp-json\/wp\/v2\/comments?post=6887"}],"version-history":[{"count":5,"href":"https:\/\/collectif-accad.fr\/site\/wp-json\/wp\/v2\/posts\/6887\/revisions"}],"predecessor-version":[{"id":6893,"href":"https:\/\/collectif-accad.fr\/site\/wp-json\/wp\/v2\/posts\/6887\/revisions\/6893"}],"wp:attachment":[{"href":"https:\/\/collectif-accad.fr\/site\/wp-json\/wp\/v2\/media?parent=6887"}],"wp:term":[{"taxonomy":"category","embeddable":true,"href":"https:\/\/collectif-accad.fr\/site\/wp-json\/wp\/v2\/categories?post=6887"},{"taxonomy":"post_tag","embeddable":true,"href":"https:\/\/collectif-accad.fr\/site\/wp-json\/wp\/v2\/tags?post=6887"}],"curies":[{"name":"wp","href":"https:\/\/api.w.org\/{rel}","templated":true}]}}