{"id":6877,"date":"2021-01-24T02:19:26","date_gmt":"2021-01-24T01:19:26","guid":{"rendered":"https:\/\/collectif-accad.fr\/site\/?p=6877"},"modified":"2021-01-25T18:24:59","modified_gmt":"2021-01-25T17:24:59","slug":"que-choisir-toujours-aussi-polluant","status":"publish","type":"post","link":"https:\/\/collectif-accad.fr\/site\/que-choisir-toujours-aussi-polluant\/","title":{"rendered":"Que Choisir toujours aussi polluant"},"content":{"rendered":"<h2 style=\"text-align: left;\">Article paru dans la revue mensuelle n\u00b0 599 de f\u00e9vrier 2021<\/h2>\n<p><!--more--><\/p>\n<p style=\"text-align: justify;\">Le titre pr\u00e9pare d\u00e9j\u00e0 : <em>Les op\u00e9rateurs se moquent de nous<\/em><\/p>\n<p style=\"text-align: justify;\">Extraits<\/p>\n<p style=\"text-align: justify;\"><em>La 5G \u00e0 peine lanc\u00e9e, les op\u00e9rateurs d\u00e9gainent leurs arguments pour inciter les clients \u00e0 se convertir \u00e0 cette nouvelle technologie.<\/em><\/p>\n<p style=\"text-align: justify;\"><em>Voil\u00e0 ce qu\u2019il fut savoir pour d\u00e9jouer leurs pi\u00e8ges<\/em><\/p>\n<p style=\"text-align: justify;\"><strong><em>Un prix attractif\u00a0: pas vraiment\u00a0?<\/em><\/strong><\/p>\n<p style=\"text-align: justify;\"><strong><em>De nouvelles villes couvertes\u00a0? Seulement quelques-unes\u00a0!<\/em><\/strong><\/p>\n<p style=\"text-align: justify;\"><strong><em>Des d\u00e9bits jusqu\u2019\u00e0 10 fois plus \u00e9lev\u00e9s qu\u2019en 4G\u00a0? C\u2019est exag\u00e9r\u00e9<\/em><\/strong><\/p>\n<p style=\"text-align: justify;\"><strong><em>Plusieurs services innovants\u00a0? Oui mais pas tout de suite<\/em><\/strong><\/p>\n<p style=\"text-align: justify;\"><strong><em>Une technologie moins \u00e9nergivore\u00a0? Pas s\u00fbr\u00a0!<\/em><\/strong><\/p>\n<p style=\"text-align: justify;\"><strong><em>En conclusion \u2026 il est urgent d\u2019attendre\u00a0!<\/em><\/strong><\/p>\n<p style=\"text-align: justify;\"><em>Des forfaits chers et l\u2019obligation d\u2019acqu\u00e9rir un smartphone compatible pour b\u00e9n\u00e9ficier d\u2019un service\u00a0 tr\u00e8s limit\u00e9 et d\u2019une couverture parcellaire, cela en vaut-il la peine\u00a0? Pour l\u2019immense majorit\u00e9 des Fran\u00e7ais, passer tout de suite \u00e0 la 5G est inutile.\u00a0 Attendons vraiment qu\u2019elle fasse la preuve de son utilit\u00e9 et laissons les op\u00e9rateurs s\u2019\u00e9charper \u00e0 coup de publicit\u00e9s et de promotions. Car une chose est s\u00fbre\u00a0: la bagarre commerciale ne fait que commencer.<\/em><\/p>\n<p style=\"text-align: center;\">************ ********<\/p>\n<p style=\"text-align: justify;\"><strong>Une chose est s\u00fbre\u00a0: Que Choisir est favorable \u00e0 la 5G\u00a0 \u2026 mais pas tout de suite.<\/strong><\/p>\n<p style=\"text-align: justify;\">Le seul point de convergence avec les anti-5G est qu\u2019ils admettent qu\u2019il faudra acqu\u00e9rir\u00a0 un nouveau smartphone.<\/p>\n<p style=\"text-align: justify;\">Il n\u2019est pas pr\u00e9cis\u00e9 ceci\u00a0:<\/p>\n<ul style=\"text-align: justify;\">\n<li>Son installation n\u00e9cessite la multiplication de relais, d&rsquo;antennes (tous les 100m en ville) et le lancement de pr\u00e8s de 50 000 satellites.<\/li>\n<li>Cette technologie n\u00e9cessite l&rsquo;utilisation de m\u00e9taux rares, difficilement recyclables, acc\u00e9l\u00e9rant leur extraction dans les pays du sud. Elle accentuera la pollution et l\u2019exploitation des populations locales.<\/li>\n<li>Cette technologie entra\u00eenera une augmentation \u00e9norme de la consommation d&rsquo;\u00e9lectricit\u00e9 (3 fois plus d&rsquo;\u00e9nergie).<\/li>\n<li>Les m\u00e9t\u00e9orologues sont persuad\u00e9s que cela va impacter leurs travaux<\/li>\n<\/ul>\n<ul style=\"text-align: justify;\">\n<li>Sur le plan sanitaire, les ondes \u00e9lectromagn\u00e9tiques augmentent les risques de cancers, de diab\u00e8te, de pathologies r\u00e9nale, cardiaque et neurologique. Les personnes \u00e9lectrohypersensibles souffrent d\u00e9j\u00e0 beaucoup de ce qui existe aujourd&rsquo;hui.<\/li>\n<li>Cette technologie est d\u00e9ploy\u00e9e sans aucune r\u00e9flexion quant \u00e0 ses cons\u00e9quences sur le vivant\u2013animal et v\u00e9g\u00e9tal-et le r\u00e9chauffement climatique. Cela va obliger \u00e0 supprimer des arbres pour le passage des ondes millim\u00e9triques<\/li>\n<li>L&rsquo;hyperconnection d\u00e9shumanis\u00e9e et d\u00e9shumanisante est-elle un avenir souhaitable ? Cela va favoriser les services publics \u00e0 distance, sans contact humain<\/li>\n<li>Devons-nous accepter une technologie capable de nous surveiller dans tous les gestes de notre vie et de porter atteinte \u00e0 nos libert\u00e9s? Cela va d\u00e9velopper une soci\u00e9t\u00e9 sous surveillance. La robotisation sera facilit\u00e9e par cette technologie<\/li>\n<li>Est-il n\u00e9cessaire de cr\u00e9er sans cesse de nouveaux besoins sans v\u00e9ritable utilit\u00e9 ? Cela poussera \u00e0 des besoins inutiles d\u2019objets connect\u00e9s.<\/li>\n<li>Elle ne fait l&rsquo;objet d&rsquo;aucune concertation avec les \u00e9lus locaux, de d\u00e9bats parlementaire et\/ou citoyen. Le25 mars \u2013en plein confinement-une ordonnance facilitant l\u2019implantation des antennes-relais a \u00e9t\u00e9 prise par le gouvernement; ce qui a permis aux op\u00e9rateurs de monter rapidement des antennes-relais dans la r\u00e9gion.<\/li>\n<li>Cette technologie est dangereuse, superflue et \u00e9nergivore. Elle est incompatible avec la pr\u00e9servation de l\u2019environnement et la lutte contre le r\u00e9chauffement climatique.<\/li>\n<\/ul>\n<p style=\"text-align: justify;\"><strong>La crise de la covid-19 montre les limites et les risques d&rsquo;un d\u00e9veloppement \u00e9conomique \u00e0 tout prix.<\/strong><\/p>\n<p><strong>Pour lire l&rsquo;article de Que Choisir :<\/strong><\/p>\n<p><a href=\"https:\/\/collectif-accad.fr\/site\/wp-content\/uploads\/2021\/01\/QueChoisir_5G-fevrier-2021.docx\"><strong>QueChoisir_5G fevrier 2021<\/strong><\/a><\/p>\n<p style=\"text-align: center;\">********** **********<\/p>\n<p style=\"text-align: center;\"><strong>Commentaire re\u00e7u<\/strong><\/p>\n<p style=\"text-align: justify;\">Toujours leur vieille rengaine consum\u00e9riste pourrie pour toute critique\u00a0: on n&rsquo;en a pas pour notre argent !<\/p>\n<p style=\"text-align: center;\">********* ********\u00a0 **<\/p>\n<p style=\"text-align: center;\"><strong>Autres commentaires<\/strong><\/p>\n<p>Que choisir\u00a0 \u00a0: vendre de la pub, information\u00a0 minimum<\/p>\n<p style=\"text-align: justify;\">** **<\/p>\n<p style=\"text-align: justify;\">\u00ab\u00a0Que choisir\u00a0\u00bb plus que jamais \u00e9gale \u00e0 elle-m\u00eame. C&rsquo;est une revue consum\u00e9riste qui ne se pose qu&rsquo;une seule question dans un espace mental born\u00e9 : comment rendre d\u00e9sirable \u00e0 mes bobos-lecteurs et \u00e0 moindre co\u00fbt les artefacts cr\u00e9\u00e9s par ce syst\u00e8me, \u00ab\u00a0<em>imparfait soit, mais le moins mauvais de tous<\/em>\u00ab\u00a0. Toute question portant sur le sens \u00e9tant renvoy\u00e9 dans les cat\u00e9gories de l&rsquo;enfer complotiste. Nous avons pu observer comment sa timide tentative initiale de critiquer le Linky s&rsquo;est termin\u00e9e dans une mis\u00e9rable d\u00e9confiture, allant jusqu\u2019\u00e0 contract\u00e9 avec Enedis dans une improbable mais fructueuse op\u00e9ration, mensong\u00e8rement baptis\u00e9e \u00ab\u00a0Energie moins ch\u00e8re ensemble\u00a0\u00bb.<\/p>\n<p style=\"text-align: justify;\">** **<\/p>\n<p style=\"text-align: justify;\">Qu\u2019attendre de plus des thurif\u00e9raires de la consommation !<\/p>\n<p style=\"text-align: justify;\">c\u2019est int\u00e9ressant de constater chaque fois comment ils semblent heureux qu\u2019une lutte semble \u00e9chouer, il y a une sorte de jubilation difficilement retenue<\/p>\n","protected":false},"excerpt":{"rendered":"<p>Article paru dans la revue mensuelle n\u00b0 599 de f\u00e9vrier 2021<\/p>\n","protected":false},"author":4,"featured_media":0,"comment_status":"closed","ping_status":"open","sticky":false,"template":"","format":"standard","meta":{"footnotes":""},"categories":[1],"tags":[],"class_list":["post-6877","post","type-post","status-publish","format-standard","hentry","category-non-classe"],"_links":{"self":[{"href":"https:\/\/collectif-accad.fr\/site\/wp-json\/wp\/v2\/posts\/6877","targetHints":{"allow":["GET"]}}],"collection":[{"href":"https:\/\/collectif-accad.fr\/site\/wp-json\/wp\/v2\/posts"}],"about":[{"href":"https:\/\/collectif-accad.fr\/site\/wp-json\/wp\/v2\/types\/post"}],"author":[{"embeddable":true,"href":"https:\/\/collectif-accad.fr\/site\/wp-json\/wp\/v2\/users\/4"}],"replies":[{"embeddable":true,"href":"https:\/\/collectif-accad.fr\/site\/wp-json\/wp\/v2\/comments?post=6877"}],"version-history":[{"count":8,"href":"https:\/\/collectif-accad.fr\/site\/wp-json\/wp\/v2\/posts\/6877\/revisions"}],"predecessor-version":[{"id":6914,"href":"https:\/\/collectif-accad.fr\/site\/wp-json\/wp\/v2\/posts\/6877\/revisions\/6914"}],"wp:attachment":[{"href":"https:\/\/collectif-accad.fr\/site\/wp-json\/wp\/v2\/media?parent=6877"}],"wp:term":[{"taxonomy":"category","embeddable":true,"href":"https:\/\/collectif-accad.fr\/site\/wp-json\/wp\/v2\/categories?post=6877"},{"taxonomy":"post_tag","embeddable":true,"href":"https:\/\/collectif-accad.fr\/site\/wp-json\/wp\/v2\/tags?post=6877"}],"curies":[{"name":"wp","href":"https:\/\/api.w.org\/{rel}","templated":true}]}}